{"id":89129,"date":"2025-03-21T00:57:50","date_gmt":"2025-03-21T00:57:50","guid":{"rendered":"http:\/\/e-ciftlik.com\/haberler\/spor\/a-milli-takim-macaristani-bekliyor\/"},"modified":"2025-03-21T00:57:50","modified_gmt":"2025-03-21T00:57:50","slug":"a-milli-takim-macaristani-bekliyor","status":"publish","type":"post","link":"https:\/\/e-ciftlik.com\/haberler\/spor\/a-milli-takim-macaristani-bekliyor\/","title":{"rendered":"A Milli Tak\u0131m Macaristan&#8217;\u0131 bekliyor"},"content":{"rendered":"<p>A Milli Futbol Tak\u0131m\u0131, UEFA Uluslar Ligi A\/B play-off turu ilk ma\u00e7\u0131nda 20 Mart Per\u015fembe g\u00fcn\u00fc \u0130stanbul&#8217;da Macaristan ile kar\u015f\u0131la\u015facak. Bu m\u00fcsabaka, T\u00fcrkiye&#8217;nin tarihindeki 638. resmi ma\u00e7 olacak.<\/p>\n<p>T\u00fcrkiye, 102 y\u0131ll\u0131k tarihinde 352 resmi ve 285 \u00f6zel olmak \u00fczere toplam 637 ma\u00e7 oynad\u0131. Bu ma\u00e7lardan 248&#8217;ini kazan\u0131rken, 150 beraberlik ve 239 yenilgi ya\u015fad\u0131.<\/p>\n<p>Ay-y\u0131ld\u0131zl\u0131lar, deplasmanda 273, T\u00fcrkiye&#8217;de 275 ve tarafs\u0131z sahada 89 olmak \u00fczere toplam 637 ma\u00e7ta 870 gol att\u0131 ve 911 gol yedi.<\/p>\n<p>Milli tak\u0131m, bug\u00fcne kadar 91 farkl\u0131 \u00fclke tak\u0131m\u0131yla m\u00fccadele etti. Bu kar\u015f\u0131la\u015fmalar\u0131n 553&#8217;\u00fc Avrupa, 34&#8217;\u00fc Asya, 24&#8217;\u00fc Afrika, 23&#8217;\u00fc Amerika ve 3&#8217;\u00fc Okyanusya temsilcileriyle oldu.<\/p>\n<p>T\u00fcrkiye&#8217;nin 637 ma\u00e7\u0131ndan biri h\u00fckmen galibiyetle sonu\u00e7land\u0131. Bu galibiyet, Yunanistan&#8217;a kar\u015f\u0131 al\u0131nd\u0131. T\u00fcrkiye ile Yunanistan aras\u0131ndaki ma\u00e7, 17 Kas\u0131m 2015&#8217;te oynand\u0131 ve 0-0 sonu\u00e7land\u0131. Ancak FIFA, Yunanistan&#8217;\u0131n kural d\u0131\u015f\u0131 futbolcu oynatt\u0131\u011f\u0131 gerek\u00e7esiyle ma\u00e7\u0131 T\u00fcrkiye lehine 3-0 tescil etti.<\/p>\n<p>Milli tak\u0131m\u0131n 21 May\u0131s 2014&#8217;te deplasmanda Kosova ile oynad\u0131\u011f\u0131 ve 6-1 kazand\u0131\u011f\u0131 ma\u00e7, Kosova&#8217;n\u0131n o d\u00f6nem UEFA ve FIFA \u00fcyesi olmamas\u0131 nedeniyle resmi olarak de\u011ferlendirilmedi.<\/p>\n<p>A Milli Futbol Tak\u0131m\u0131, \u0130talyan teknik direkt\u00f6r Vincenzo Montella y\u00f6netiminde 20. ma\u00e7\u0131na Macaristan kar\u015f\u0131s\u0131nda \u00e7\u0131kacak. Montella&#8217;n\u0131n y\u00f6netimindeki ilk 3 ma\u00e7\u0131 kazanan T\u00fcrkiye, sonras\u0131nda oynad\u0131\u011f\u0131 5 ma\u00e7ta galibiyet elde edemedi. EURO 2024 elemelerinde G\u00fcrcistan&#8217;\u0131 yenerek galibiyet \u00f6zlemini sonland\u0131rd\u0131.<\/p>\n<p>T\u00fcrkiye ile Macaristan milli tak\u0131mlar\u0131 aras\u0131nda oynanan 15 ma\u00e7\u0131n 8&#8217;i resmi, 7&#8217;si \u00f6zel kar\u015f\u0131la\u015fmalard\u0131. Bu ma\u00e7larda Macaristan, 9 galibiyet al\u0131rken, T\u00fcrkiye 4 kez kazand\u0131 ve 2 ma\u00e7 berabere sonu\u00e7land\u0131. T\u00fcrkiye&#8217;nin att\u0131\u011f\u0131 15 gole kar\u015f\u0131l\u0131k, Macaristan 29 golle cevap verdi.<\/p>\n<p>\u0130ki \u00fclke aras\u0131ndaki son ma\u00e7 ge\u00e7en y\u0131l oynand\u0131 ve Macaristan ev sahibi olarak 1-0 galip geldi. T\u00fcrkiye ile Macaristan aras\u0131nda oynanan 8 resmi ma\u00e7\u0131n 4&#8217;\u00fcn\u00fc T\u00fcrkiye kazan\u0131rken, 3&#8217;\u00fcn\u00fc Macaristan kazand\u0131 ve 2 ma\u00e7 berabere sonu\u00e7land\u0131.<\/p>\n","protected":false},"excerpt":{"rendered":"<p>A Milli Futbol Tak\u0131m\u0131, UEFA Uluslar Ligi A\/B play-off turu ilk ma\u00e7\u0131nda 20 Mart Per\u015fembe&hellip;<\/p>\n","protected":false},"author":1,"featured_media":89130,"comment_status":"open","ping_status":"open","sticky":false,"template":"","format":"standard","meta":{"footnotes":""},"categories":[7],"tags":[],"class_list":["post-89129","post","type-post","status-publish","format-standard","has-post-thumbnail","hentry","category-spor"],"yoast_head":"<!-- This site is optimized with the Yoast SEO Premium plugin v24.3 (Yoast SEO v27.4) - https:\/\/yoast.com\/product\/yoast-seo-premium-wordpress\/ -->\n<title>A Milli Tak\u0131m Macaristan&#039;\u0131 bekliyor - E-&Ccedil;\u0130FTL\u0130K HABER<\/title>\n<meta name=\"description\" content=\"A Milli Futbol Tak\u0131m\u0131, UEFA Uluslar Ligi A\/B play-off turu ilk ma\u00e7\u0131nda 20 Mart Per\u015fembe g\u00fcn\u00fc \u0130stanbul&#039;da Macaristan ile kar\u015f\u0131la\u015facak. Bu m\u00fcsabaka,\" \/>\n<meta name=\"robots\" content=\"index, follow, max-snippet:-1, max-image-preview:large, max-video-preview:-1\" \/>\n<link rel=\"canonical\" href=\"https:\/\/e-ciftlik.com\/haberler\/spor\/a-milli-takim-macaristani-bekliyor\/\" \/>\n<meta property=\"og:locale\" content=\"tr_TR\" \/>\n<meta property=\"og:type\" content=\"article\" \/>\n<meta property=\"og:title\" content=\"A Milli Tak\u0131m Macaristan&#039;\u0131 bekliyor\" \/>\n<meta property=\"og:description\" content=\"A Milli Futbol Tak\u0131m\u0131, UEFA Uluslar Ligi A\/B play-off turu ilk ma\u00e7\u0131nda 20 Mart Per\u015fembe g\u00fcn\u00fc \u0130stanbul&#039;da Macaristan ile kar\u015f\u0131la\u015facak. Bu m\u00fcsabaka,\" \/>\n<meta property=\"og:url\" content=\"https:\/\/e-ciftlik.com\/haberler\/spor\/a-milli-takim-macaristani-bekliyor\/\" \/>\n<meta property=\"og:site_name\" content=\"E-&Ccedil;\u0130FTL\u0130K HABER\" \/>\n<meta property=\"article:publisher\" content=\"https:\/\/www.facebook.com\/eciftlikturkiye\" \/>\n<meta property=\"article:published_time\" content=\"2025-03-21T00:57:50+00:00\" \/>\n<meta property=\"og:image\" content=\"https:\/\/e-ciftlik.com\/haberler\/wp-content\/uploads\/2025\/03\/l_j-7VmSnEGjd9LAkefQqA.jpg\" \/>\n\t<meta property=\"og:image:width\" content=\"1080\" \/>\n\t<meta property=\"og:image:height\" content=\"613\" \/>\n\t<meta property=\"og:image:type\" content=\"image\/jpeg\" \/>\n<meta name=\"author\" content=\"Haber Merkezi\" \/>\n<meta name=\"twitter:card\" content=\"summary_large_image\" \/>\n<meta name=\"twitter:creator\" content=\"@eciftlikresmi\" \/>\n<meta name=\"twitter:site\" content=\"@eciftlikresmi\" \/>\n<meta name=\"twitter:label1\" content=\"Yazan:\" \/>\n\t<meta name=\"twitter:data1\" content=\"Haber Merkezi\" \/>\n\t<meta name=\"twitter:label2\" content=\"Tahmini okuma s\u00fcresi\" \/>\n\t<meta name=\"twitter:data2\" content=\"2 dakika\" \/>\n<script type=\"application\/ld+json\" class=\"yoast-schema-graph\">{\"@context\":\"https:\\\/\\\/schema.org\",\"@graph\":[{\"@type\":\"NewsArticle\",\"@id\":\"https:\\\/\\\/e-ciftlik.com\\\/haberler\\\/spor\\\/a-milli-takim-macaristani-bekliyor\\\/#article\",\"isPartOf\":{\"@id\":\"https:\\\/\\\/e-ciftlik.com\\\/haberler\\\/spor\\\/a-milli-takim-macaristani-bekliyor\\\/\"},\"author\":{\"name\":\"Haber Merkezi\",\"@id\":\"https:\\\/\\\/e-ciftlik.com\\\/haberler\\\/#\\\/schema\\\/person\\\/d2f4fee3143d7f72be82cb887d51b00a\"},\"headline\":\"A Milli Tak\u0131m Macaristan&#8217;\u0131 bekliyor\",\"datePublished\":\"2025-03-21T00:57:50+00:00\",\"mainEntityOfPage\":{\"@id\":\"https:\\\/\\\/e-ciftlik.com\\\/haberler\\\/spor\\\/a-milli-takim-macaristani-bekliyor\\\/\"},\"wordCount\":334,\"commentCount\":0,\"publisher\":{\"@id\":\"https:\\\/\\\/e-ciftlik.com\\\/haberler\\\/#organization\"},\"image\":{\"@id\":\"https:\\\/\\\/e-ciftlik.com\\\/haberler\\\/spor\\\/a-milli-takim-macaristani-bekliyor\\\/#primaryimage\"},\"thumbnailUrl\":\"https:\\\/\\\/e-ciftlik.com\\\/haberler\\\/wp-content\\\/uploads\\\/2025\\\/03\\\/l_j-7VmSnEGjd9LAkefQqA.jpg\",\"articleSection\":[\"Spor\"],\"inLanguage\":\"tr\",\"potentialAction\":[{\"@type\":\"CommentAction\",\"name\":\"Comment\",\"target\":[\"https:\\\/\\\/e-ciftlik.com\\\/haberler\\\/spor\\\/a-milli-takim-macaristani-bekliyor\\\/#respond\"]}]},{\"@type\":\"WebPage\",\"@id\":\"https:\\\/\\\/e-ciftlik.com\\\/haberler\\\/spor\\\/a-milli-takim-macaristani-bekliyor\\\/\",\"url\":\"https:\\\/\\\/e-ciftlik.com\\\/haberler\\\/spor\\\/a-milli-takim-macaristani-bekliyor\\\/\",\"name\":\"A Milli Tak\u0131m Macaristan'\u0131 bekliyor - E-&Ccedil;\u0130FTL\u0130K HABER\",\"isPartOf\":{\"@id\":\"https:\\\/\\\/e-ciftlik.com\\\/haberler\\\/#website\"},\"primaryImageOfPage\":{\"@id\":\"https:\\\/\\\/e-ciftlik.com\\\/haberler\\\/spor\\\/a-milli-takim-macaristani-bekliyor\\\/#primaryimage\"},\"image\":{\"@id\":\"https:\\\/\\\/e-ciftlik.com\\\/haberler\\\/spor\\\/a-milli-takim-macaristani-bekliyor\\\/#primaryimage\"},\"thumbnailUrl\":\"https:\\\/\\\/e-ciftlik.com\\\/haberler\\\/wp-content\\\/uploads\\\/2025\\\/03\\\/l_j-7VmSnEGjd9LAkefQqA.jpg\",\"datePublished\":\"2025-03-21T00:57:50+00:00\",\"description\":\"A Milli Futbol Tak\u0131m\u0131, UEFA Uluslar Ligi A\\\/B play-off turu ilk ma\u00e7\u0131nda 20 Mart Per\u015fembe g\u00fcn\u00fc \u0130stanbul'da Macaristan ile kar\u015f\u0131la\u015facak. Bu m\u00fcsabaka,\",\"breadcrumb\":{\"@id\":\"https:\\\/\\\/e-ciftlik.com\\\/haberler\\\/spor\\\/a-milli-takim-macaristani-bekliyor\\\/#breadcrumb\"},\"inLanguage\":\"tr\",\"potentialAction\":[{\"@type\":\"ReadAction\",\"target\":[\"https:\\\/\\\/e-ciftlik.com\\\/haberler\\\/spor\\\/a-milli-takim-macaristani-bekliyor\\\/\"]}]},{\"@type\":\"ImageObject\",\"inLanguage\":\"tr\",\"@id\":\"https:\\\/\\\/e-ciftlik.com\\\/haberler\\\/spor\\\/a-milli-takim-macaristani-bekliyor\\\/#primaryimage\",\"url\":\"https:\\\/\\\/e-ciftlik.com\\\/haberler\\\/wp-content\\\/uploads\\\/2025\\\/03\\\/l_j-7VmSnEGjd9LAkefQqA.jpg\",\"contentUrl\":\"https:\\\/\\\/e-ciftlik.com\\\/haberler\\\/wp-content\\\/uploads\\\/2025\\\/03\\\/l_j-7VmSnEGjd9LAkefQqA.jpg\",\"width\":1080,\"height\":613},{\"@type\":\"BreadcrumbList\",\"@id\":\"https:\\\/\\\/e-ciftlik.com\\\/haberler\\\/spor\\\/a-milli-takim-macaristani-bekliyor\\\/#breadcrumb\",\"itemListElement\":[{\"@type\":\"ListItem\",\"position\":1,\"name\":\"Anasayfa\",\"item\":\"https:\\\/\\\/e-ciftlik.com\\\/haberler\\\/\"},{\"@type\":\"ListItem\",\"position\":2,\"name\":\"A Milli Tak\u0131m Macaristan&#8217;\u0131 bekliyor\"}]},{\"@type\":\"WebSite\",\"@id\":\"https:\\\/\\\/e-ciftlik.com\\\/haberler\\\/#website\",\"url\":\"https:\\\/\\\/e-ciftlik.com\\\/haberler\\\/\",\"name\":\"E-\u00c7iftlik Haber | G\u00fcncel, Son Dakika Haberler, En Son Haber\",\"description\":\"\",\"publisher\":{\"@id\":\"https:\\\/\\\/e-ciftlik.com\\\/haberler\\\/#organization\"},\"potentialAction\":[{\"@type\":\"SearchAction\",\"target\":{\"@type\":\"EntryPoint\",\"urlTemplate\":\"https:\\\/\\\/e-ciftlik.com\\\/haberler\\\/?s={search_term_string}\"},\"query-input\":{\"@type\":\"PropertyValueSpecification\",\"valueRequired\":true,\"valueName\":\"search_term_string\"}}],\"inLanguage\":\"tr\"},{\"@type\":\"Organization\",\"@id\":\"https:\\\/\\\/e-ciftlik.com\\\/haberler\\\/#organization\",\"name\":\"E-\u00c7\u0130FTL\u0130K HABER\",\"url\":\"https:\\\/\\\/e-ciftlik.com\\\/haberler\\\/\",\"logo\":{\"@type\":\"ImageObject\",\"inLanguage\":\"tr\",\"@id\":\"https:\\\/\\\/e-ciftlik.com\\\/haberler\\\/#\\\/schema\\\/logo\\\/image\\\/\",\"url\":\"https:\\\/\\\/e-ciftlik.com\\\/haberler\\\/wp-content\\\/uploads\\\/2024\\\/06\\\/cropped-cropped-favicon-1-2.png\",\"contentUrl\":\"https:\\\/\\\/e-ciftlik.com\\\/haberler\\\/wp-content\\\/uploads\\\/2024\\\/06\\\/cropped-cropped-favicon-1-2.png\",\"width\":512,\"height\":512,\"caption\":\"E-\u00c7\u0130FTL\u0130K HABER\"},\"image\":{\"@id\":\"https:\\\/\\\/e-ciftlik.com\\\/haberler\\\/#\\\/schema\\\/logo\\\/image\\\/\"},\"sameAs\":[\"https:\\\/\\\/www.facebook.com\\\/eciftlikturkiye\",\"https:\\\/\\\/x.com\\\/eciftlikresmi\",\"https:\\\/\\\/www.instagram.com\\\/eciftlikresmi\\\/\"]},{\"@type\":\"Person\",\"@id\":\"https:\\\/\\\/e-ciftlik.com\\\/haberler\\\/#\\\/schema\\\/person\\\/d2f4fee3143d7f72be82cb887d51b00a\",\"name\":\"Haber Merkezi\",\"image\":{\"@type\":\"ImageObject\",\"inLanguage\":\"tr\",\"@id\":\"https:\\\/\\\/secure.gravatar.com\\\/avatar\\\/6c27d641914e66c1d0452c92716002398782818991d86db1c2cccb531e7c7c82?s=96&d=mm&r=g\",\"url\":\"https:\\\/\\\/secure.gravatar.com\\\/avatar\\\/6c27d641914e66c1d0452c92716002398782818991d86db1c2cccb531e7c7c82?s=96&d=mm&r=g\",\"contentUrl\":\"https:\\\/\\\/secure.gravatar.com\\\/avatar\\\/6c27d641914e66c1d0452c92716002398782818991d86db1c2cccb531e7c7c82?s=96&d=mm&r=g\",\"caption\":\"Haber Merkezi\"},\"sameAs\":[\"http:\\\/\\\/e-ciftlik.com\\\/haberler\"]}]}<\/script>\n<!-- \/ Yoast SEO Premium plugin. -->","yoast_head_json":{"title":"A Milli Tak\u0131m Macaristan'\u0131 bekliyor - E-&Ccedil;\u0130FTL\u0130K HABER","description":"A Milli Futbol Tak\u0131m\u0131, UEFA Uluslar Ligi A\/B play-off turu ilk ma\u00e7\u0131nda 20 Mart Per\u015fembe g\u00fcn\u00fc \u0130stanbul'da Macaristan ile kar\u015f\u0131la\u015facak. Bu m\u00fcsabaka,","robots":{"index":"index","follow":"follow","max-snippet":"max-snippet:-1","max-image-preview":"max-image-preview:large","max-video-preview":"max-video-preview:-1"},"canonical":"https:\/\/e-ciftlik.com\/haberler\/spor\/a-milli-takim-macaristani-bekliyor\/","og_locale":"tr_TR","og_type":"article","og_title":"A Milli Tak\u0131m Macaristan'\u0131 bekliyor","og_description":"A Milli Futbol Tak\u0131m\u0131, UEFA Uluslar Ligi A\/B play-off turu ilk ma\u00e7\u0131nda 20 Mart Per\u015fembe g\u00fcn\u00fc \u0130stanbul'da Macaristan ile kar\u015f\u0131la\u015facak. Bu m\u00fcsabaka,","og_url":"https:\/\/e-ciftlik.com\/haberler\/spor\/a-milli-takim-macaristani-bekliyor\/","og_site_name":"E-&Ccedil;\u0130FTL\u0130K HABER","article_publisher":"https:\/\/www.facebook.com\/eciftlikturkiye","article_published_time":"2025-03-21T00:57:50+00:00","og_image":[{"width":1080,"height":613,"url":"https:\/\/e-ciftlik.com\/haberler\/wp-content\/uploads\/2025\/03\/l_j-7VmSnEGjd9LAkefQqA.jpg","type":"image\/jpeg"}],"author":"Haber Merkezi","twitter_card":"summary_large_image","twitter_creator":"@eciftlikresmi","twitter_site":"@eciftlikresmi","twitter_misc":{"Yazan:":"Haber Merkezi","Tahmini okuma s\u00fcresi":"2 dakika"},"schema":{"@context":"https:\/\/schema.org","@graph":[{"@type":"NewsArticle","@id":"https:\/\/e-ciftlik.com\/haberler\/spor\/a-milli-takim-macaristani-bekliyor\/#article","isPartOf":{"@id":"https:\/\/e-ciftlik.com\/haberler\/spor\/a-milli-takim-macaristani-bekliyor\/"},"author":{"name":"Haber Merkezi","@id":"https:\/\/e-ciftlik.com\/haberler\/#\/schema\/person\/d2f4fee3143d7f72be82cb887d51b00a"},"headline":"A Milli Tak\u0131m Macaristan&#8217;\u0131 bekliyor","datePublished":"2025-03-21T00:57:50+00:00","mainEntityOfPage":{"@id":"https:\/\/e-ciftlik.com\/haberler\/spor\/a-milli-takim-macaristani-bekliyor\/"},"wordCount":334,"commentCount":0,"publisher":{"@id":"https:\/\/e-ciftlik.com\/haberler\/#organization"},"image":{"@id":"https:\/\/e-ciftlik.com\/haberler\/spor\/a-milli-takim-macaristani-bekliyor\/#primaryimage"},"thumbnailUrl":"https:\/\/e-ciftlik.com\/haberler\/wp-content\/uploads\/2025\/03\/l_j-7VmSnEGjd9LAkefQqA.jpg","articleSection":["Spor"],"inLanguage":"tr","potentialAction":[{"@type":"CommentAction","name":"Comment","target":["https:\/\/e-ciftlik.com\/haberler\/spor\/a-milli-takim-macaristani-bekliyor\/#respond"]}]},{"@type":"WebPage","@id":"https:\/\/e-ciftlik.com\/haberler\/spor\/a-milli-takim-macaristani-bekliyor\/","url":"https:\/\/e-ciftlik.com\/haberler\/spor\/a-milli-takim-macaristani-bekliyor\/","name":"A Milli Tak\u0131m Macaristan'\u0131 bekliyor - E-&Ccedil;\u0130FTL\u0130K HABER","isPartOf":{"@id":"https:\/\/e-ciftlik.com\/haberler\/#website"},"primaryImageOfPage":{"@id":"https:\/\/e-ciftlik.com\/haberler\/spor\/a-milli-takim-macaristani-bekliyor\/#primaryimage"},"image":{"@id":"https:\/\/e-ciftlik.com\/haberler\/spor\/a-milli-takim-macaristani-bekliyor\/#primaryimage"},"thumbnailUrl":"https:\/\/e-ciftlik.com\/haberler\/wp-content\/uploads\/2025\/03\/l_j-7VmSnEGjd9LAkefQqA.jpg","datePublished":"2025-03-21T00:57:50+00:00","description":"A Milli Futbol Tak\u0131m\u0131, UEFA Uluslar Ligi A\/B play-off turu ilk ma\u00e7\u0131nda 20 Mart Per\u015fembe g\u00fcn\u00fc \u0130stanbul'da Macaristan ile kar\u015f\u0131la\u015facak. Bu m\u00fcsabaka,","breadcrumb":{"@id":"https:\/\/e-ciftlik.com\/haberler\/spor\/a-milli-takim-macaristani-bekliyor\/#breadcrumb"},"inLanguage":"tr","potentialAction":[{"@type":"ReadAction","target":["https:\/\/e-ciftlik.com\/haberler\/spor\/a-milli-takim-macaristani-bekliyor\/"]}]},{"@type":"ImageObject","inLanguage":"tr","@id":"https:\/\/e-ciftlik.com\/haberler\/spor\/a-milli-takim-macaristani-bekliyor\/#primaryimage","url":"https:\/\/e-ciftlik.com\/haberler\/wp-content\/uploads\/2025\/03\/l_j-7VmSnEGjd9LAkefQqA.jpg","contentUrl":"https:\/\/e-ciftlik.com\/haberler\/wp-content\/uploads\/2025\/03\/l_j-7VmSnEGjd9LAkefQqA.jpg","width":1080,"height":613},{"@type":"BreadcrumbList","@id":"https:\/\/e-ciftlik.com\/haberler\/spor\/a-milli-takim-macaristani-bekliyor\/#breadcrumb","itemListElement":[{"@type":"ListItem","position":1,"name":"Anasayfa","item":"https:\/\/e-ciftlik.com\/haberler\/"},{"@type":"ListItem","position":2,"name":"A Milli Tak\u0131m Macaristan&#8217;\u0131 bekliyor"}]},{"@type":"WebSite","@id":"https:\/\/e-ciftlik.com\/haberler\/#website","url":"https:\/\/e-ciftlik.com\/haberler\/","name":"E-\u00c7iftlik Haber | G\u00fcncel, Son Dakika Haberler, En Son Haber","description":"","publisher":{"@id":"https:\/\/e-ciftlik.com\/haberler\/#organization"},"potentialAction":[{"@type":"SearchAction","target":{"@type":"EntryPoint","urlTemplate":"https:\/\/e-ciftlik.com\/haberler\/?s={search_term_string}"},"query-input":{"@type":"PropertyValueSpecification","valueRequired":true,"valueName":"search_term_string"}}],"inLanguage":"tr"},{"@type":"Organization","@id":"https:\/\/e-ciftlik.com\/haberler\/#organization","name":"E-\u00c7\u0130FTL\u0130K HABER","url":"https:\/\/e-ciftlik.com\/haberler\/","logo":{"@type":"ImageObject","inLanguage":"tr","@id":"https:\/\/e-ciftlik.com\/haberler\/#\/schema\/logo\/image\/","url":"https:\/\/e-ciftlik.com\/haberler\/wp-content\/uploads\/2024\/06\/cropped-cropped-favicon-1-2.png","contentUrl":"https:\/\/e-ciftlik.com\/haberler\/wp-content\/uploads\/2024\/06\/cropped-cropped-favicon-1-2.png","width":512,"height":512,"caption":"E-\u00c7\u0130FTL\u0130K HABER"},"image":{"@id":"https:\/\/e-ciftlik.com\/haberler\/#\/schema\/logo\/image\/"},"sameAs":["https:\/\/www.facebook.com\/eciftlikturkiye","https:\/\/x.com\/eciftlikresmi","https:\/\/www.instagram.com\/eciftlikresmi\/"]},{"@type":"Person","@id":"https:\/\/e-ciftlik.com\/haberler\/#\/schema\/person\/d2f4fee3143d7f72be82cb887d51b00a","name":"Haber Merkezi","image":{"@type":"ImageObject","inLanguage":"tr","@id":"https:\/\/secure.gravatar.com\/avatar\/6c27d641914e66c1d0452c92716002398782818991d86db1c2cccb531e7c7c82?s=96&d=mm&r=g","url":"https:\/\/secure.gravatar.com\/avatar\/6c27d641914e66c1d0452c92716002398782818991d86db1c2cccb531e7c7c82?s=96&d=mm&r=g","contentUrl":"https:\/\/secure.gravatar.com\/avatar\/6c27d641914e66c1d0452c92716002398782818991d86db1c2cccb531e7c7c82?s=96&d=mm&r=g","caption":"Haber Merkezi"},"sameAs":["http:\/\/e-ciftlik.com\/haberler"]}]}},"_links":{"self":[{"href":"https:\/\/e-ciftlik.com\/haberler\/wp-json\/wp\/v2\/posts\/89129","targetHints":{"allow":["GET"]}}],"collection":[{"href":"https:\/\/e-ciftlik.com\/haberler\/wp-json\/wp\/v2\/posts"}],"about":[{"href":"https:\/\/e-ciftlik.com\/haberler\/wp-json\/wp\/v2\/types\/post"}],"author":[{"embeddable":true,"href":"https:\/\/e-ciftlik.com\/haberler\/wp-json\/wp\/v2\/users\/1"}],"replies":[{"embeddable":true,"href":"https:\/\/e-ciftlik.com\/haberler\/wp-json\/wp\/v2\/comments?post=89129"}],"version-history":[{"count":0,"href":"https:\/\/e-ciftlik.com\/haberler\/wp-json\/wp\/v2\/posts\/89129\/revisions"}],"wp:featuredmedia":[{"embeddable":true,"href":"https:\/\/e-ciftlik.com\/haberler\/wp-json\/wp\/v2\/media\/89130"}],"wp:attachment":[{"href":"https:\/\/e-ciftlik.com\/haberler\/wp-json\/wp\/v2\/media?parent=89129"}],"wp:term":[{"taxonomy":"category","embeddable":true,"href":"https:\/\/e-ciftlik.com\/haberler\/wp-json\/wp\/v2\/categories?post=89129"},{"taxonomy":"post_tag","embeddable":true,"href":"https:\/\/e-ciftlik.com\/haberler\/wp-json\/wp\/v2\/tags?post=89129"}],"curies":[{"name":"wp","href":"https:\/\/api.w.org\/{rel}","templated":true}]}}