{"id":89131,"date":"2025-03-21T01:14:15","date_gmt":"2025-03-21T01:14:15","guid":{"rendered":"http:\/\/e-ciftlik.com\/haberler\/spor\/rangers-ibrox-stadyumunda-ramazan-iftari-duzenledi\/"},"modified":"2025-03-21T01:14:15","modified_gmt":"2025-03-21T01:14:15","slug":"rangers-ibrox-stadyumunda-ramazan-iftari-duzenledi","status":"publish","type":"post","link":"https:\/\/e-ciftlik.com\/haberler\/spor\/rangers-ibrox-stadyumunda-ramazan-iftari-duzenledi\/","title":{"rendered":"Rangers, Ibrox Stadyumu&#8217;nda Ramazan \u0130ftar\u0131 d\u00fczenledi"},"content":{"rendered":"<p>\u0130sko\u00e7ya Ligi tak\u0131mlar\u0131ndan Rangers, Ramazan ay\u0131 dolay\u0131s\u0131yla Ibrox Stadyumu&#8217;nda iftar organizasyonu d\u00fczenledi. Programa Rangers CEO&#8217;su Patrick Stewart ve Rangers Yard\u0131m Vakf\u0131 Genel M\u00fcd\u00fcr\u00fc Connal Cochrane&#8217;nin de aralar\u0131nda bulundu\u011fu yakla\u015f\u0131k 250 ki\u015fi kat\u0131ld\u0131. Oru\u00e7lar\u0131n\u0131 a\u00e7mak i\u00e7in stadyuma gelen taraftarlar, daha sonra kendilerine ayr\u0131lan b\u00f6l\u00fcmde namaz k\u0131larak dua etti. Rangers, Fenerbah\u00e7e ile UEFA Avrupa Ligi son 16 turunda e\u015fle\u015fmi\u015f ve 2 ma\u00e7 sonunda penalt\u0131larda sar\u0131 &#8211; lacivertlileri 3-2&#8217;lik skorla elemi\u015fti.<\/p>\n","protected":false},"excerpt":{"rendered":"<p>\u0130sko\u00e7ya Ligi tak\u0131mlar\u0131ndan Rangers, Ramazan ay\u0131 dolay\u0131s\u0131yla Ibrox Stadyumu&#8217;nda iftar organizasyonu d\u00fczenledi. Programa Rangers CEO&#8217;su&hellip;<\/p>\n","protected":false},"author":1,"featured_media":89132,"comment_status":"open","ping_status":"open","sticky":false,"template":"","format":"standard","meta":{"footnotes":""},"categories":[7],"tags":[],"class_list":["post-89131","post","type-post","status-publish","format-standard","has-post-thumbnail","hentry","category-spor"],"yoast_head":"<!-- This site is optimized with the Yoast SEO Premium plugin v24.3 (Yoast SEO v27.4) - https:\/\/yoast.com\/product\/yoast-seo-premium-wordpress\/ -->\n<title>Rangers, Ibrox Stadyumu&#039;nda Ramazan \u0130ftar\u0131 d\u00fczenledi - E-&Ccedil;\u0130FTL\u0130K HABER<\/title>\n<meta name=\"description\" content=\"\u0130sko\u00e7ya Ligi tak\u0131mlar\u0131ndan Rangers, Ramazan ay\u0131 dolay\u0131s\u0131yla Ibrox Stadyumu&#039;nda iftar organizasyonu d\u00fczenledi. Programa Rangers CEO&#039;su Patrick Stewart ve\" \/>\n<meta name=\"robots\" content=\"index, follow, max-snippet:-1, max-image-preview:large, max-video-preview:-1\" \/>\n<link rel=\"canonical\" href=\"https:\/\/e-ciftlik.com\/haberler\/spor\/rangers-ibrox-stadyumunda-ramazan-iftari-duzenledi\/\" \/>\n<meta property=\"og:locale\" content=\"tr_TR\" \/>\n<meta property=\"og:type\" content=\"article\" \/>\n<meta property=\"og:title\" content=\"Rangers, Ibrox Stadyumu&#039;nda Ramazan \u0130ftar\u0131 d\u00fczenledi\" \/>\n<meta property=\"og:description\" content=\"\u0130sko\u00e7ya Ligi tak\u0131mlar\u0131ndan Rangers, Ramazan ay\u0131 dolay\u0131s\u0131yla Ibrox Stadyumu&#039;nda iftar organizasyonu d\u00fczenledi. Programa Rangers CEO&#039;su Patrick Stewart ve\" \/>\n<meta property=\"og:url\" content=\"https:\/\/e-ciftlik.com\/haberler\/spor\/rangers-ibrox-stadyumunda-ramazan-iftari-duzenledi\/\" \/>\n<meta property=\"og:site_name\" content=\"E-&Ccedil;\u0130FTL\u0130K HABER\" \/>\n<meta property=\"article:publisher\" content=\"https:\/\/www.facebook.com\/eciftlikturkiye\" \/>\n<meta property=\"article:published_time\" content=\"2025-03-21T01:14:15+00:00\" \/>\n<meta property=\"og:image\" content=\"https:\/\/e-ciftlik.com\/haberler\/wp-content\/uploads\/2025\/03\/PyHcFq_fqEyBJC_jj530ww.jpg\" \/>\n\t<meta property=\"og:image:width\" content=\"1080\" \/>\n\t<meta property=\"og:image:height\" content=\"614\" \/>\n\t<meta property=\"og:image:type\" content=\"image\/jpeg\" \/>\n<meta name=\"author\" content=\"Haber Merkezi\" \/>\n<meta name=\"twitter:card\" content=\"summary_large_image\" \/>\n<meta name=\"twitter:creator\" content=\"@eciftlikresmi\" \/>\n<meta name=\"twitter:site\" content=\"@eciftlikresmi\" \/>\n<meta name=\"twitter:label1\" content=\"Yazan:\" \/>\n\t<meta name=\"twitter:data1\" content=\"Haber Merkezi\" \/>\n<script type=\"application\/ld+json\" class=\"yoast-schema-graph\">{\"@context\":\"https:\\\/\\\/schema.org\",\"@graph\":[{\"@type\":\"NewsArticle\",\"@id\":\"https:\\\/\\\/e-ciftlik.com\\\/haberler\\\/spor\\\/rangers-ibrox-stadyumunda-ramazan-iftari-duzenledi\\\/#article\",\"isPartOf\":{\"@id\":\"https:\\\/\\\/e-ciftlik.com\\\/haberler\\\/spor\\\/rangers-ibrox-stadyumunda-ramazan-iftari-duzenledi\\\/\"},\"author\":{\"name\":\"Haber Merkezi\",\"@id\":\"https:\\\/\\\/e-ciftlik.com\\\/haberler\\\/#\\\/schema\\\/person\\\/d2f4fee3143d7f72be82cb887d51b00a\"},\"headline\":\"Rangers, Ibrox Stadyumu&#8217;nda Ramazan \u0130ftar\u0131 d\u00fczenledi\",\"datePublished\":\"2025-03-21T01:14:15+00:00\",\"mainEntityOfPage\":{\"@id\":\"https:\\\/\\\/e-ciftlik.com\\\/haberler\\\/spor\\\/rangers-ibrox-stadyumunda-ramazan-iftari-duzenledi\\\/\"},\"wordCount\":104,\"commentCount\":0,\"publisher\":{\"@id\":\"https:\\\/\\\/e-ciftlik.com\\\/haberler\\\/#organization\"},\"image\":{\"@id\":\"https:\\\/\\\/e-ciftlik.com\\\/haberler\\\/spor\\\/rangers-ibrox-stadyumunda-ramazan-iftari-duzenledi\\\/#primaryimage\"},\"thumbnailUrl\":\"https:\\\/\\\/e-ciftlik.com\\\/haberler\\\/wp-content\\\/uploads\\\/2025\\\/03\\\/PyHcFq_fqEyBJC_jj530ww.jpg\",\"articleSection\":[\"Spor\"],\"inLanguage\":\"tr\",\"potentialAction\":[{\"@type\":\"CommentAction\",\"name\":\"Comment\",\"target\":[\"https:\\\/\\\/e-ciftlik.com\\\/haberler\\\/spor\\\/rangers-ibrox-stadyumunda-ramazan-iftari-duzenledi\\\/#respond\"]}]},{\"@type\":\"WebPage\",\"@id\":\"https:\\\/\\\/e-ciftlik.com\\\/haberler\\\/spor\\\/rangers-ibrox-stadyumunda-ramazan-iftari-duzenledi\\\/\",\"url\":\"https:\\\/\\\/e-ciftlik.com\\\/haberler\\\/spor\\\/rangers-ibrox-stadyumunda-ramazan-iftari-duzenledi\\\/\",\"name\":\"Rangers, Ibrox Stadyumu'nda Ramazan \u0130ftar\u0131 d\u00fczenledi - E-&Ccedil;\u0130FTL\u0130K HABER\",\"isPartOf\":{\"@id\":\"https:\\\/\\\/e-ciftlik.com\\\/haberler\\\/#website\"},\"primaryImageOfPage\":{\"@id\":\"https:\\\/\\\/e-ciftlik.com\\\/haberler\\\/spor\\\/rangers-ibrox-stadyumunda-ramazan-iftari-duzenledi\\\/#primaryimage\"},\"image\":{\"@id\":\"https:\\\/\\\/e-ciftlik.com\\\/haberler\\\/spor\\\/rangers-ibrox-stadyumunda-ramazan-iftari-duzenledi\\\/#primaryimage\"},\"thumbnailUrl\":\"https:\\\/\\\/e-ciftlik.com\\\/haberler\\\/wp-content\\\/uploads\\\/2025\\\/03\\\/PyHcFq_fqEyBJC_jj530ww.jpg\",\"datePublished\":\"2025-03-21T01:14:15+00:00\",\"description\":\"\u0130sko\u00e7ya Ligi tak\u0131mlar\u0131ndan Rangers, Ramazan ay\u0131 dolay\u0131s\u0131yla Ibrox Stadyumu'nda iftar organizasyonu d\u00fczenledi. Programa Rangers CEO'su Patrick Stewart ve\",\"breadcrumb\":{\"@id\":\"https:\\\/\\\/e-ciftlik.com\\\/haberler\\\/spor\\\/rangers-ibrox-stadyumunda-ramazan-iftari-duzenledi\\\/#breadcrumb\"},\"inLanguage\":\"tr\",\"potentialAction\":[{\"@type\":\"ReadAction\",\"target\":[\"https:\\\/\\\/e-ciftlik.com\\\/haberler\\\/spor\\\/rangers-ibrox-stadyumunda-ramazan-iftari-duzenledi\\\/\"]}]},{\"@type\":\"ImageObject\",\"inLanguage\":\"tr\",\"@id\":\"https:\\\/\\\/e-ciftlik.com\\\/haberler\\\/spor\\\/rangers-ibrox-stadyumunda-ramazan-iftari-duzenledi\\\/#primaryimage\",\"url\":\"https:\\\/\\\/e-ciftlik.com\\\/haberler\\\/wp-content\\\/uploads\\\/2025\\\/03\\\/PyHcFq_fqEyBJC_jj530ww.jpg\",\"contentUrl\":\"https:\\\/\\\/e-ciftlik.com\\\/haberler\\\/wp-content\\\/uploads\\\/2025\\\/03\\\/PyHcFq_fqEyBJC_jj530ww.jpg\",\"width\":1080,\"height\":614},{\"@type\":\"BreadcrumbList\",\"@id\":\"https:\\\/\\\/e-ciftlik.com\\\/haberler\\\/spor\\\/rangers-ibrox-stadyumunda-ramazan-iftari-duzenledi\\\/#breadcrumb\",\"itemListElement\":[{\"@type\":\"ListItem\",\"position\":1,\"name\":\"Anasayfa\",\"item\":\"https:\\\/\\\/e-ciftlik.com\\\/haberler\\\/\"},{\"@type\":\"ListItem\",\"position\":2,\"name\":\"Rangers, Ibrox Stadyumu&#8217;nda Ramazan \u0130ftar\u0131 d\u00fczenledi\"}]},{\"@type\":\"WebSite\",\"@id\":\"https:\\\/\\\/e-ciftlik.com\\\/haberler\\\/#website\",\"url\":\"https:\\\/\\\/e-ciftlik.com\\\/haberler\\\/\",\"name\":\"E-\u00c7iftlik Haber | G\u00fcncel, Son Dakika Haberler, En Son Haber\",\"description\":\"\",\"publisher\":{\"@id\":\"https:\\\/\\\/e-ciftlik.com\\\/haberler\\\/#organization\"},\"potentialAction\":[{\"@type\":\"SearchAction\",\"target\":{\"@type\":\"EntryPoint\",\"urlTemplate\":\"https:\\\/\\\/e-ciftlik.com\\\/haberler\\\/?s={search_term_string}\"},\"query-input\":{\"@type\":\"PropertyValueSpecification\",\"valueRequired\":true,\"valueName\":\"search_term_string\"}}],\"inLanguage\":\"tr\"},{\"@type\":\"Organization\",\"@id\":\"https:\\\/\\\/e-ciftlik.com\\\/haberler\\\/#organization\",\"name\":\"E-\u00c7\u0130FTL\u0130K HABER\",\"url\":\"https:\\\/\\\/e-ciftlik.com\\\/haberler\\\/\",\"logo\":{\"@type\":\"ImageObject\",\"inLanguage\":\"tr\",\"@id\":\"https:\\\/\\\/e-ciftlik.com\\\/haberler\\\/#\\\/schema\\\/logo\\\/image\\\/\",\"url\":\"https:\\\/\\\/e-ciftlik.com\\\/haberler\\\/wp-content\\\/uploads\\\/2024\\\/06\\\/cropped-cropped-favicon-1-2.png\",\"contentUrl\":\"https:\\\/\\\/e-ciftlik.com\\\/haberler\\\/wp-content\\\/uploads\\\/2024\\\/06\\\/cropped-cropped-favicon-1-2.png\",\"width\":512,\"height\":512,\"caption\":\"E-\u00c7\u0130FTL\u0130K HABER\"},\"image\":{\"@id\":\"https:\\\/\\\/e-ciftlik.com\\\/haberler\\\/#\\\/schema\\\/logo\\\/image\\\/\"},\"sameAs\":[\"https:\\\/\\\/www.facebook.com\\\/eciftlikturkiye\",\"https:\\\/\\\/x.com\\\/eciftlikresmi\",\"https:\\\/\\\/www.instagram.com\\\/eciftlikresmi\\\/\"]},{\"@type\":\"Person\",\"@id\":\"https:\\\/\\\/e-ciftlik.com\\\/haberler\\\/#\\\/schema\\\/person\\\/d2f4fee3143d7f72be82cb887d51b00a\",\"name\":\"Haber Merkezi\",\"image\":{\"@type\":\"ImageObject\",\"inLanguage\":\"tr\",\"@id\":\"https:\\\/\\\/secure.gravatar.com\\\/avatar\\\/6c27d641914e66c1d0452c92716002398782818991d86db1c2cccb531e7c7c82?s=96&d=mm&r=g\",\"url\":\"https:\\\/\\\/secure.gravatar.com\\\/avatar\\\/6c27d641914e66c1d0452c92716002398782818991d86db1c2cccb531e7c7c82?s=96&d=mm&r=g\",\"contentUrl\":\"https:\\\/\\\/secure.gravatar.com\\\/avatar\\\/6c27d641914e66c1d0452c92716002398782818991d86db1c2cccb531e7c7c82?s=96&d=mm&r=g\",\"caption\":\"Haber Merkezi\"},\"sameAs\":[\"http:\\\/\\\/e-ciftlik.com\\\/haberler\"]}]}<\/script>\n<!-- \/ Yoast SEO Premium plugin. -->","yoast_head_json":{"title":"Rangers, Ibrox Stadyumu'nda Ramazan \u0130ftar\u0131 d\u00fczenledi - E-&Ccedil;\u0130FTL\u0130K HABER","description":"\u0130sko\u00e7ya Ligi tak\u0131mlar\u0131ndan Rangers, Ramazan ay\u0131 dolay\u0131s\u0131yla Ibrox Stadyumu'nda iftar organizasyonu d\u00fczenledi. Programa Rangers CEO'su Patrick Stewart ve","robots":{"index":"index","follow":"follow","max-snippet":"max-snippet:-1","max-image-preview":"max-image-preview:large","max-video-preview":"max-video-preview:-1"},"canonical":"https:\/\/e-ciftlik.com\/haberler\/spor\/rangers-ibrox-stadyumunda-ramazan-iftari-duzenledi\/","og_locale":"tr_TR","og_type":"article","og_title":"Rangers, Ibrox Stadyumu'nda Ramazan \u0130ftar\u0131 d\u00fczenledi","og_description":"\u0130sko\u00e7ya Ligi tak\u0131mlar\u0131ndan Rangers, Ramazan ay\u0131 dolay\u0131s\u0131yla Ibrox Stadyumu'nda iftar organizasyonu d\u00fczenledi. Programa Rangers CEO'su Patrick Stewart ve","og_url":"https:\/\/e-ciftlik.com\/haberler\/spor\/rangers-ibrox-stadyumunda-ramazan-iftari-duzenledi\/","og_site_name":"E-&Ccedil;\u0130FTL\u0130K HABER","article_publisher":"https:\/\/www.facebook.com\/eciftlikturkiye","article_published_time":"2025-03-21T01:14:15+00:00","og_image":[{"width":1080,"height":614,"url":"https:\/\/e-ciftlik.com\/haberler\/wp-content\/uploads\/2025\/03\/PyHcFq_fqEyBJC_jj530ww.jpg","type":"image\/jpeg"}],"author":"Haber Merkezi","twitter_card":"summary_large_image","twitter_creator":"@eciftlikresmi","twitter_site":"@eciftlikresmi","twitter_misc":{"Yazan:":"Haber Merkezi"},"schema":{"@context":"https:\/\/schema.org","@graph":[{"@type":"NewsArticle","@id":"https:\/\/e-ciftlik.com\/haberler\/spor\/rangers-ibrox-stadyumunda-ramazan-iftari-duzenledi\/#article","isPartOf":{"@id":"https:\/\/e-ciftlik.com\/haberler\/spor\/rangers-ibrox-stadyumunda-ramazan-iftari-duzenledi\/"},"author":{"name":"Haber Merkezi","@id":"https:\/\/e-ciftlik.com\/haberler\/#\/schema\/person\/d2f4fee3143d7f72be82cb887d51b00a"},"headline":"Rangers, Ibrox Stadyumu&#8217;nda Ramazan \u0130ftar\u0131 d\u00fczenledi","datePublished":"2025-03-21T01:14:15+00:00","mainEntityOfPage":{"@id":"https:\/\/e-ciftlik.com\/haberler\/spor\/rangers-ibrox-stadyumunda-ramazan-iftari-duzenledi\/"},"wordCount":104,"commentCount":0,"publisher":{"@id":"https:\/\/e-ciftlik.com\/haberler\/#organization"},"image":{"@id":"https:\/\/e-ciftlik.com\/haberler\/spor\/rangers-ibrox-stadyumunda-ramazan-iftari-duzenledi\/#primaryimage"},"thumbnailUrl":"https:\/\/e-ciftlik.com\/haberler\/wp-content\/uploads\/2025\/03\/PyHcFq_fqEyBJC_jj530ww.jpg","articleSection":["Spor"],"inLanguage":"tr","potentialAction":[{"@type":"CommentAction","name":"Comment","target":["https:\/\/e-ciftlik.com\/haberler\/spor\/rangers-ibrox-stadyumunda-ramazan-iftari-duzenledi\/#respond"]}]},{"@type":"WebPage","@id":"https:\/\/e-ciftlik.com\/haberler\/spor\/rangers-ibrox-stadyumunda-ramazan-iftari-duzenledi\/","url":"https:\/\/e-ciftlik.com\/haberler\/spor\/rangers-ibrox-stadyumunda-ramazan-iftari-duzenledi\/","name":"Rangers, Ibrox Stadyumu'nda Ramazan \u0130ftar\u0131 d\u00fczenledi - E-&Ccedil;\u0130FTL\u0130K HABER","isPartOf":{"@id":"https:\/\/e-ciftlik.com\/haberler\/#website"},"primaryImageOfPage":{"@id":"https:\/\/e-ciftlik.com\/haberler\/spor\/rangers-ibrox-stadyumunda-ramazan-iftari-duzenledi\/#primaryimage"},"image":{"@id":"https:\/\/e-ciftlik.com\/haberler\/spor\/rangers-ibrox-stadyumunda-ramazan-iftari-duzenledi\/#primaryimage"},"thumbnailUrl":"https:\/\/e-ciftlik.com\/haberler\/wp-content\/uploads\/2025\/03\/PyHcFq_fqEyBJC_jj530ww.jpg","datePublished":"2025-03-21T01:14:15+00:00","description":"\u0130sko\u00e7ya Ligi tak\u0131mlar\u0131ndan Rangers, Ramazan ay\u0131 dolay\u0131s\u0131yla Ibrox Stadyumu'nda iftar organizasyonu d\u00fczenledi. Programa Rangers CEO'su Patrick Stewart ve","breadcrumb":{"@id":"https:\/\/e-ciftlik.com\/haberler\/spor\/rangers-ibrox-stadyumunda-ramazan-iftari-duzenledi\/#breadcrumb"},"inLanguage":"tr","potentialAction":[{"@type":"ReadAction","target":["https:\/\/e-ciftlik.com\/haberler\/spor\/rangers-ibrox-stadyumunda-ramazan-iftari-duzenledi\/"]}]},{"@type":"ImageObject","inLanguage":"tr","@id":"https:\/\/e-ciftlik.com\/haberler\/spor\/rangers-ibrox-stadyumunda-ramazan-iftari-duzenledi\/#primaryimage","url":"https:\/\/e-ciftlik.com\/haberler\/wp-content\/uploads\/2025\/03\/PyHcFq_fqEyBJC_jj530ww.jpg","contentUrl":"https:\/\/e-ciftlik.com\/haberler\/wp-content\/uploads\/2025\/03\/PyHcFq_fqEyBJC_jj530ww.jpg","width":1080,"height":614},{"@type":"BreadcrumbList","@id":"https:\/\/e-ciftlik.com\/haberler\/spor\/rangers-ibrox-stadyumunda-ramazan-iftari-duzenledi\/#breadcrumb","itemListElement":[{"@type":"ListItem","position":1,"name":"Anasayfa","item":"https:\/\/e-ciftlik.com\/haberler\/"},{"@type":"ListItem","position":2,"name":"Rangers, Ibrox Stadyumu&#8217;nda Ramazan \u0130ftar\u0131 d\u00fczenledi"}]},{"@type":"WebSite","@id":"https:\/\/e-ciftlik.com\/haberler\/#website","url":"https:\/\/e-ciftlik.com\/haberler\/","name":"E-\u00c7iftlik Haber | G\u00fcncel, Son Dakika Haberler, En Son Haber","description":"","publisher":{"@id":"https:\/\/e-ciftlik.com\/haberler\/#organization"},"potentialAction":[{"@type":"SearchAction","target":{"@type":"EntryPoint","urlTemplate":"https:\/\/e-ciftlik.com\/haberler\/?s={search_term_string}"},"query-input":{"@type":"PropertyValueSpecification","valueRequired":true,"valueName":"search_term_string"}}],"inLanguage":"tr"},{"@type":"Organization","@id":"https:\/\/e-ciftlik.com\/haberler\/#organization","name":"E-\u00c7\u0130FTL\u0130K HABER","url":"https:\/\/e-ciftlik.com\/haberler\/","logo":{"@type":"ImageObject","inLanguage":"tr","@id":"https:\/\/e-ciftlik.com\/haberler\/#\/schema\/logo\/image\/","url":"https:\/\/e-ciftlik.com\/haberler\/wp-content\/uploads\/2024\/06\/cropped-cropped-favicon-1-2.png","contentUrl":"https:\/\/e-ciftlik.com\/haberler\/wp-content\/uploads\/2024\/06\/cropped-cropped-favicon-1-2.png","width":512,"height":512,"caption":"E-\u00c7\u0130FTL\u0130K HABER"},"image":{"@id":"https:\/\/e-ciftlik.com\/haberler\/#\/schema\/logo\/image\/"},"sameAs":["https:\/\/www.facebook.com\/eciftlikturkiye","https:\/\/x.com\/eciftlikresmi","https:\/\/www.instagram.com\/eciftlikresmi\/"]},{"@type":"Person","@id":"https:\/\/e-ciftlik.com\/haberler\/#\/schema\/person\/d2f4fee3143d7f72be82cb887d51b00a","name":"Haber Merkezi","image":{"@type":"ImageObject","inLanguage":"tr","@id":"https:\/\/secure.gravatar.com\/avatar\/6c27d641914e66c1d0452c92716002398782818991d86db1c2cccb531e7c7c82?s=96&d=mm&r=g","url":"https:\/\/secure.gravatar.com\/avatar\/6c27d641914e66c1d0452c92716002398782818991d86db1c2cccb531e7c7c82?s=96&d=mm&r=g","contentUrl":"https:\/\/secure.gravatar.com\/avatar\/6c27d641914e66c1d0452c92716002398782818991d86db1c2cccb531e7c7c82?s=96&d=mm&r=g","caption":"Haber Merkezi"},"sameAs":["http:\/\/e-ciftlik.com\/haberler"]}]}},"_links":{"self":[{"href":"https:\/\/e-ciftlik.com\/haberler\/wp-json\/wp\/v2\/posts\/89131","targetHints":{"allow":["GET"]}}],"collection":[{"href":"https:\/\/e-ciftlik.com\/haberler\/wp-json\/wp\/v2\/posts"}],"about":[{"href":"https:\/\/e-ciftlik.com\/haberler\/wp-json\/wp\/v2\/types\/post"}],"author":[{"embeddable":true,"href":"https:\/\/e-ciftlik.com\/haberler\/wp-json\/wp\/v2\/users\/1"}],"replies":[{"embeddable":true,"href":"https:\/\/e-ciftlik.com\/haberler\/wp-json\/wp\/v2\/comments?post=89131"}],"version-history":[{"count":0,"href":"https:\/\/e-ciftlik.com\/haberler\/wp-json\/wp\/v2\/posts\/89131\/revisions"}],"wp:featuredmedia":[{"embeddable":true,"href":"https:\/\/e-ciftlik.com\/haberler\/wp-json\/wp\/v2\/media\/89132"}],"wp:attachment":[{"href":"https:\/\/e-ciftlik.com\/haberler\/wp-json\/wp\/v2\/media?parent=89131"}],"wp:term":[{"taxonomy":"category","embeddable":true,"href":"https:\/\/e-ciftlik.com\/haberler\/wp-json\/wp\/v2\/categories?post=89131"},{"taxonomy":"post_tag","embeddable":true,"href":"https:\/\/e-ciftlik.com\/haberler\/wp-json\/wp\/v2\/tags?post=89131"}],"curies":[{"name":"wp","href":"https:\/\/api.w.org\/{rel}","templated":true}]}}