{"id":89139,"date":"2025-03-21T02:20:26","date_gmt":"2025-03-21T02:20:26","guid":{"rendered":"http:\/\/e-ciftlik.com\/haberler\/spor\/fenerbahcede-onemli-eksiklikler\/"},"modified":"2025-03-21T02:20:26","modified_gmt":"2025-03-21T02:20:26","slug":"fenerbahcede-onemli-eksiklikler","status":"publish","type":"post","link":"https:\/\/e-ciftlik.com\/haberler\/spor\/fenerbahcede-onemli-eksiklikler\/","title":{"rendered":"Fenerbah\u00e7e&#8217;de \u00d6nemli Eksiklikler!"},"content":{"rendered":"<p>Fenerbah\u00e7e, S\u00fcper Lig\u2019in 29. haftas\u0131nda deplasmanda oynayaca\u011f\u0131 Bodrumspor kar\u015f\u0131la\u015fmas\u0131na \u00f6nemli eksikliklerle \u00e7\u0131kabilir.<\/p>\n<p>Sar\u0131-Lacivertlilerde sakatl\u0131\u011f\u0131 bulunan Fred, Bodrum FK ma\u00e7\u0131 kadrosunda yer alamayacak. Sofyan Amrabat ve Youssef En-Nesyri ise ma\u00e7a yeti\u015fmek i\u00e7in zamanla yar\u0131\u015facak.<\/p>\n<p>2026 D\u00fcnya Kupas\u0131 Afrika Elemeleri\u2019nde \u00f6nce Nijer deplasman\u0131na gidecek olan Fas milli tak\u0131m oyuncular\u0131 Sofyan Amrabat ve Youssef En-Neysri, 26 Mart\u2019ta sal\u0131y\u0131 \u00e7ar\u015fambaya ba\u011flayan gece saat 00.30\u2019da ise Tanzanya ile kar\u015f\u0131la\u015facak.<\/p>\n<p>Dinlenmeye f\u0131rsat bulamayacak olan y\u0131ld\u0131z oyuncular\u0131n \u00c7ar\u015famba g\u00fcn\u00fc ak\u015fam saatlerinde veya Per\u015fembe g\u00fcn\u00fc \u0130stanbul\u2019a d\u00f6n\u00fc\u015fleri bekleniyor. Y\u0131ld\u0131z futbolcular \u0130stanbul\u2019a d\u00f6nd\u00fcklerinde ise son taktik antrenmana yeti\u015fmeye \u00e7al\u0131\u015f\u0131p \u00f6\u011fleden sonra Bodrum&#8217;a u\u00e7acaklar.<\/p>\n<p>\u00dcst \u00fcste oynanan Rangers ma\u00e7lar\u0131 ve Samsunspor m\u00fccadelesi nedeniyle yorgun d\u00fc\u015fen Sar\u0131-lacivertli oyuncular\u0131n milli tak\u0131mlar\u0131ndan da hem kar\u015f\u0131la\u015fmalar hem de u\u00e7ak yolculu\u011fu y\u00fcz\u00fcnden dinlenmeye f\u0131rsat bulamayacak olmalar\u0131 teknik direkt\u00f6r Mourinho&#8217;yu \u015fimdiden d\u00fc\u015f\u00fcnd\u00fcr\u00fcyor.<\/p>\n<p>Fenerbah\u00e7e&#8217;de bu eksikler nedeniyle kadroda de\u011fi\u015fikli\u011fe gitmek zorunda kal\u0131nacak. Portekizli hoca tak\u0131m i\u00e7inden alternatif isimleri Bodrum deplasman\u0131 i\u00e7in haz\u0131rlayacak.<\/p>\n<p>\u00d6te yandan Fenerbah\u00e7e y\u00f6netimi iki oyuncunun d\u00f6n\u00fc\u015f s\u00fcreci ve dinlenme zaman\u0131n\u0131n yetersiz olma sebebi ile T\u00fcrkiye Futbol Federasyonu\u2019ndan (TFF) erteleme talebinde bulunarak ma\u00e7\u0131n ileri bir tarihe al\u0131nmas\u0131n\u0131 istiyor. Fenerbah\u00e7e\u2019nin Bodrumspor kar\u015f\u0131s\u0131ndaki muhtemel 11\u2019i ve ma\u00e7 \u00f6ncesi TFF\u2019nin verece\u011fi karar merakla bekleniyor.<\/p>\n","protected":false},"excerpt":{"rendered":"<p>Fenerbah\u00e7e, S\u00fcper Lig\u2019in 29. haftas\u0131nda deplasmanda oynayaca\u011f\u0131 Bodrumspor kar\u015f\u0131la\u015fmas\u0131na \u00f6nemli eksikliklerle \u00e7\u0131kabilir. Sar\u0131-Lacivertlilerde sakatl\u0131\u011f\u0131 bulunan&hellip;<\/p>\n","protected":false},"author":1,"featured_media":89140,"comment_status":"open","ping_status":"open","sticky":false,"template":"","format":"standard","meta":{"footnotes":""},"categories":[7],"tags":[],"class_list":["post-89139","post","type-post","status-publish","format-standard","has-post-thumbnail","hentry","category-spor"],"yoast_head":"<!-- This site is optimized with the Yoast SEO Premium plugin v24.3 (Yoast SEO v27.4) - https:\/\/yoast.com\/product\/yoast-seo-premium-wordpress\/ -->\n<title>Fenerbah\u00e7e&#039;de \u00d6nemli Eksiklikler! - E-&Ccedil;\u0130FTL\u0130K HABER<\/title>\n<meta name=\"description\" content=\"Fenerbah\u00e7e, S\u00fcper Lig\u2019in 29. haftas\u0131nda deplasmanda oynayaca\u011f\u0131 Bodrumspor kar\u015f\u0131la\u015fmas\u0131na \u00f6nemli eksikliklerle \u00e7\u0131kabilir. Sar\u0131-Lacivertlilerde sakatl\u0131\u011f\u0131\" \/>\n<meta name=\"robots\" content=\"index, follow, max-snippet:-1, max-image-preview:large, max-video-preview:-1\" \/>\n<link rel=\"canonical\" href=\"https:\/\/e-ciftlik.com\/haberler\/spor\/fenerbahcede-onemli-eksiklikler\/\" \/>\n<meta property=\"og:locale\" content=\"tr_TR\" \/>\n<meta property=\"og:type\" content=\"article\" \/>\n<meta property=\"og:title\" content=\"Fenerbah\u00e7e&#039;de \u00d6nemli Eksiklikler!\" \/>\n<meta property=\"og:description\" content=\"Fenerbah\u00e7e, S\u00fcper Lig\u2019in 29. haftas\u0131nda deplasmanda oynayaca\u011f\u0131 Bodrumspor kar\u015f\u0131la\u015fmas\u0131na \u00f6nemli eksikliklerle \u00e7\u0131kabilir. Sar\u0131-Lacivertlilerde sakatl\u0131\u011f\u0131\" \/>\n<meta property=\"og:url\" content=\"https:\/\/e-ciftlik.com\/haberler\/spor\/fenerbahcede-onemli-eksiklikler\/\" \/>\n<meta property=\"og:site_name\" content=\"E-&Ccedil;\u0130FTL\u0130K HABER\" \/>\n<meta property=\"article:publisher\" content=\"https:\/\/www.facebook.com\/eciftlikturkiye\" \/>\n<meta property=\"article:published_time\" content=\"2025-03-21T02:20:26+00:00\" \/>\n<meta property=\"og:image\" content=\"https:\/\/e-ciftlik.com\/haberler\/wp-content\/uploads\/2025\/03\/4eFS9IYkckushPaJ4qPbhA.jpg\" \/>\n\t<meta property=\"og:image:width\" content=\"1080\" \/>\n\t<meta property=\"og:image:height\" content=\"614\" \/>\n\t<meta property=\"og:image:type\" content=\"image\/jpeg\" \/>\n<meta name=\"author\" content=\"Haber Merkezi\" \/>\n<meta name=\"twitter:card\" content=\"summary_large_image\" \/>\n<meta name=\"twitter:creator\" content=\"@eciftlikresmi\" \/>\n<meta name=\"twitter:site\" content=\"@eciftlikresmi\" \/>\n<meta name=\"twitter:label1\" content=\"Yazan:\" \/>\n\t<meta name=\"twitter:data1\" content=\"Haber Merkezi\" \/>\n\t<meta name=\"twitter:label2\" content=\"Tahmini okuma s\u00fcresi\" \/>\n\t<meta name=\"twitter:data2\" content=\"1 dakika\" \/>\n<script type=\"application\/ld+json\" class=\"yoast-schema-graph\">{\"@context\":\"https:\\\/\\\/schema.org\",\"@graph\":[{\"@type\":\"NewsArticle\",\"@id\":\"https:\\\/\\\/e-ciftlik.com\\\/haberler\\\/spor\\\/fenerbahcede-onemli-eksiklikler\\\/#article\",\"isPartOf\":{\"@id\":\"https:\\\/\\\/e-ciftlik.com\\\/haberler\\\/spor\\\/fenerbahcede-onemli-eksiklikler\\\/\"},\"author\":{\"name\":\"Haber Merkezi\",\"@id\":\"https:\\\/\\\/e-ciftlik.com\\\/haberler\\\/#\\\/schema\\\/person\\\/d2f4fee3143d7f72be82cb887d51b00a\"},\"headline\":\"Fenerbah\u00e7e&#8217;de \u00d6nemli Eksiklikler!\",\"datePublished\":\"2025-03-21T02:20:26+00:00\",\"mainEntityOfPage\":{\"@id\":\"https:\\\/\\\/e-ciftlik.com\\\/haberler\\\/spor\\\/fenerbahcede-onemli-eksiklikler\\\/\"},\"wordCount\":277,\"commentCount\":0,\"publisher\":{\"@id\":\"https:\\\/\\\/e-ciftlik.com\\\/haberler\\\/#organization\"},\"image\":{\"@id\":\"https:\\\/\\\/e-ciftlik.com\\\/haberler\\\/spor\\\/fenerbahcede-onemli-eksiklikler\\\/#primaryimage\"},\"thumbnailUrl\":\"https:\\\/\\\/e-ciftlik.com\\\/haberler\\\/wp-content\\\/uploads\\\/2025\\\/03\\\/4eFS9IYkckushPaJ4qPbhA.jpg\",\"articleSection\":[\"Spor\"],\"inLanguage\":\"tr\",\"potentialAction\":[{\"@type\":\"CommentAction\",\"name\":\"Comment\",\"target\":[\"https:\\\/\\\/e-ciftlik.com\\\/haberler\\\/spor\\\/fenerbahcede-onemli-eksiklikler\\\/#respond\"]}]},{\"@type\":\"WebPage\",\"@id\":\"https:\\\/\\\/e-ciftlik.com\\\/haberler\\\/spor\\\/fenerbahcede-onemli-eksiklikler\\\/\",\"url\":\"https:\\\/\\\/e-ciftlik.com\\\/haberler\\\/spor\\\/fenerbahcede-onemli-eksiklikler\\\/\",\"name\":\"Fenerbah\u00e7e'de \u00d6nemli Eksiklikler! - E-&Ccedil;\u0130FTL\u0130K HABER\",\"isPartOf\":{\"@id\":\"https:\\\/\\\/e-ciftlik.com\\\/haberler\\\/#website\"},\"primaryImageOfPage\":{\"@id\":\"https:\\\/\\\/e-ciftlik.com\\\/haberler\\\/spor\\\/fenerbahcede-onemli-eksiklikler\\\/#primaryimage\"},\"image\":{\"@id\":\"https:\\\/\\\/e-ciftlik.com\\\/haberler\\\/spor\\\/fenerbahcede-onemli-eksiklikler\\\/#primaryimage\"},\"thumbnailUrl\":\"https:\\\/\\\/e-ciftlik.com\\\/haberler\\\/wp-content\\\/uploads\\\/2025\\\/03\\\/4eFS9IYkckushPaJ4qPbhA.jpg\",\"datePublished\":\"2025-03-21T02:20:26+00:00\",\"description\":\"Fenerbah\u00e7e, S\u00fcper Lig\u2019in 29. haftas\u0131nda deplasmanda oynayaca\u011f\u0131 Bodrumspor kar\u015f\u0131la\u015fmas\u0131na \u00f6nemli eksikliklerle \u00e7\u0131kabilir. Sar\u0131-Lacivertlilerde sakatl\u0131\u011f\u0131\",\"breadcrumb\":{\"@id\":\"https:\\\/\\\/e-ciftlik.com\\\/haberler\\\/spor\\\/fenerbahcede-onemli-eksiklikler\\\/#breadcrumb\"},\"inLanguage\":\"tr\",\"potentialAction\":[{\"@type\":\"ReadAction\",\"target\":[\"https:\\\/\\\/e-ciftlik.com\\\/haberler\\\/spor\\\/fenerbahcede-onemli-eksiklikler\\\/\"]}]},{\"@type\":\"ImageObject\",\"inLanguage\":\"tr\",\"@id\":\"https:\\\/\\\/e-ciftlik.com\\\/haberler\\\/spor\\\/fenerbahcede-onemli-eksiklikler\\\/#primaryimage\",\"url\":\"https:\\\/\\\/e-ciftlik.com\\\/haberler\\\/wp-content\\\/uploads\\\/2025\\\/03\\\/4eFS9IYkckushPaJ4qPbhA.jpg\",\"contentUrl\":\"https:\\\/\\\/e-ciftlik.com\\\/haberler\\\/wp-content\\\/uploads\\\/2025\\\/03\\\/4eFS9IYkckushPaJ4qPbhA.jpg\",\"width\":1080,\"height\":614},{\"@type\":\"BreadcrumbList\",\"@id\":\"https:\\\/\\\/e-ciftlik.com\\\/haberler\\\/spor\\\/fenerbahcede-onemli-eksiklikler\\\/#breadcrumb\",\"itemListElement\":[{\"@type\":\"ListItem\",\"position\":1,\"name\":\"Anasayfa\",\"item\":\"https:\\\/\\\/e-ciftlik.com\\\/haberler\\\/\"},{\"@type\":\"ListItem\",\"position\":2,\"name\":\"Fenerbah\u00e7e&#8217;de \u00d6nemli Eksiklikler!\"}]},{\"@type\":\"WebSite\",\"@id\":\"https:\\\/\\\/e-ciftlik.com\\\/haberler\\\/#website\",\"url\":\"https:\\\/\\\/e-ciftlik.com\\\/haberler\\\/\",\"name\":\"E-\u00c7iftlik Haber | G\u00fcncel, Son Dakika Haberler, En Son Haber\",\"description\":\"\",\"publisher\":{\"@id\":\"https:\\\/\\\/e-ciftlik.com\\\/haberler\\\/#organization\"},\"potentialAction\":[{\"@type\":\"SearchAction\",\"target\":{\"@type\":\"EntryPoint\",\"urlTemplate\":\"https:\\\/\\\/e-ciftlik.com\\\/haberler\\\/?s={search_term_string}\"},\"query-input\":{\"@type\":\"PropertyValueSpecification\",\"valueRequired\":true,\"valueName\":\"search_term_string\"}}],\"inLanguage\":\"tr\"},{\"@type\":\"Organization\",\"@id\":\"https:\\\/\\\/e-ciftlik.com\\\/haberler\\\/#organization\",\"name\":\"E-\u00c7\u0130FTL\u0130K HABER\",\"url\":\"https:\\\/\\\/e-ciftlik.com\\\/haberler\\\/\",\"logo\":{\"@type\":\"ImageObject\",\"inLanguage\":\"tr\",\"@id\":\"https:\\\/\\\/e-ciftlik.com\\\/haberler\\\/#\\\/schema\\\/logo\\\/image\\\/\",\"url\":\"https:\\\/\\\/e-ciftlik.com\\\/haberler\\\/wp-content\\\/uploads\\\/2024\\\/06\\\/cropped-cropped-favicon-1-2.png\",\"contentUrl\":\"https:\\\/\\\/e-ciftlik.com\\\/haberler\\\/wp-content\\\/uploads\\\/2024\\\/06\\\/cropped-cropped-favicon-1-2.png\",\"width\":512,\"height\":512,\"caption\":\"E-\u00c7\u0130FTL\u0130K HABER\"},\"image\":{\"@id\":\"https:\\\/\\\/e-ciftlik.com\\\/haberler\\\/#\\\/schema\\\/logo\\\/image\\\/\"},\"sameAs\":[\"https:\\\/\\\/www.facebook.com\\\/eciftlikturkiye\",\"https:\\\/\\\/x.com\\\/eciftlikresmi\",\"https:\\\/\\\/www.instagram.com\\\/eciftlikresmi\\\/\"]},{\"@type\":\"Person\",\"@id\":\"https:\\\/\\\/e-ciftlik.com\\\/haberler\\\/#\\\/schema\\\/person\\\/d2f4fee3143d7f72be82cb887d51b00a\",\"name\":\"Haber Merkezi\",\"image\":{\"@type\":\"ImageObject\",\"inLanguage\":\"tr\",\"@id\":\"https:\\\/\\\/secure.gravatar.com\\\/avatar\\\/6c27d641914e66c1d0452c92716002398782818991d86db1c2cccb531e7c7c82?s=96&d=mm&r=g\",\"url\":\"https:\\\/\\\/secure.gravatar.com\\\/avatar\\\/6c27d641914e66c1d0452c92716002398782818991d86db1c2cccb531e7c7c82?s=96&d=mm&r=g\",\"contentUrl\":\"https:\\\/\\\/secure.gravatar.com\\\/avatar\\\/6c27d641914e66c1d0452c92716002398782818991d86db1c2cccb531e7c7c82?s=96&d=mm&r=g\",\"caption\":\"Haber Merkezi\"},\"sameAs\":[\"http:\\\/\\\/e-ciftlik.com\\\/haberler\"]}]}<\/script>\n<!-- \/ Yoast SEO Premium plugin. -->","yoast_head_json":{"title":"Fenerbah\u00e7e'de \u00d6nemli Eksiklikler! - E-&Ccedil;\u0130FTL\u0130K HABER","description":"Fenerbah\u00e7e, S\u00fcper Lig\u2019in 29. haftas\u0131nda deplasmanda oynayaca\u011f\u0131 Bodrumspor kar\u015f\u0131la\u015fmas\u0131na \u00f6nemli eksikliklerle \u00e7\u0131kabilir. Sar\u0131-Lacivertlilerde sakatl\u0131\u011f\u0131","robots":{"index":"index","follow":"follow","max-snippet":"max-snippet:-1","max-image-preview":"max-image-preview:large","max-video-preview":"max-video-preview:-1"},"canonical":"https:\/\/e-ciftlik.com\/haberler\/spor\/fenerbahcede-onemli-eksiklikler\/","og_locale":"tr_TR","og_type":"article","og_title":"Fenerbah\u00e7e'de \u00d6nemli Eksiklikler!","og_description":"Fenerbah\u00e7e, S\u00fcper Lig\u2019in 29. haftas\u0131nda deplasmanda oynayaca\u011f\u0131 Bodrumspor kar\u015f\u0131la\u015fmas\u0131na \u00f6nemli eksikliklerle \u00e7\u0131kabilir. Sar\u0131-Lacivertlilerde sakatl\u0131\u011f\u0131","og_url":"https:\/\/e-ciftlik.com\/haberler\/spor\/fenerbahcede-onemli-eksiklikler\/","og_site_name":"E-&Ccedil;\u0130FTL\u0130K HABER","article_publisher":"https:\/\/www.facebook.com\/eciftlikturkiye","article_published_time":"2025-03-21T02:20:26+00:00","og_image":[{"width":1080,"height":614,"url":"https:\/\/e-ciftlik.com\/haberler\/wp-content\/uploads\/2025\/03\/4eFS9IYkckushPaJ4qPbhA.jpg","type":"image\/jpeg"}],"author":"Haber Merkezi","twitter_card":"summary_large_image","twitter_creator":"@eciftlikresmi","twitter_site":"@eciftlikresmi","twitter_misc":{"Yazan:":"Haber Merkezi","Tahmini okuma s\u00fcresi":"1 dakika"},"schema":{"@context":"https:\/\/schema.org","@graph":[{"@type":"NewsArticle","@id":"https:\/\/e-ciftlik.com\/haberler\/spor\/fenerbahcede-onemli-eksiklikler\/#article","isPartOf":{"@id":"https:\/\/e-ciftlik.com\/haberler\/spor\/fenerbahcede-onemli-eksiklikler\/"},"author":{"name":"Haber Merkezi","@id":"https:\/\/e-ciftlik.com\/haberler\/#\/schema\/person\/d2f4fee3143d7f72be82cb887d51b00a"},"headline":"Fenerbah\u00e7e&#8217;de \u00d6nemli Eksiklikler!","datePublished":"2025-03-21T02:20:26+00:00","mainEntityOfPage":{"@id":"https:\/\/e-ciftlik.com\/haberler\/spor\/fenerbahcede-onemli-eksiklikler\/"},"wordCount":277,"commentCount":0,"publisher":{"@id":"https:\/\/e-ciftlik.com\/haberler\/#organization"},"image":{"@id":"https:\/\/e-ciftlik.com\/haberler\/spor\/fenerbahcede-onemli-eksiklikler\/#primaryimage"},"thumbnailUrl":"https:\/\/e-ciftlik.com\/haberler\/wp-content\/uploads\/2025\/03\/4eFS9IYkckushPaJ4qPbhA.jpg","articleSection":["Spor"],"inLanguage":"tr","potentialAction":[{"@type":"CommentAction","name":"Comment","target":["https:\/\/e-ciftlik.com\/haberler\/spor\/fenerbahcede-onemli-eksiklikler\/#respond"]}]},{"@type":"WebPage","@id":"https:\/\/e-ciftlik.com\/haberler\/spor\/fenerbahcede-onemli-eksiklikler\/","url":"https:\/\/e-ciftlik.com\/haberler\/spor\/fenerbahcede-onemli-eksiklikler\/","name":"Fenerbah\u00e7e'de \u00d6nemli Eksiklikler! - E-&Ccedil;\u0130FTL\u0130K HABER","isPartOf":{"@id":"https:\/\/e-ciftlik.com\/haberler\/#website"},"primaryImageOfPage":{"@id":"https:\/\/e-ciftlik.com\/haberler\/spor\/fenerbahcede-onemli-eksiklikler\/#primaryimage"},"image":{"@id":"https:\/\/e-ciftlik.com\/haberler\/spor\/fenerbahcede-onemli-eksiklikler\/#primaryimage"},"thumbnailUrl":"https:\/\/e-ciftlik.com\/haberler\/wp-content\/uploads\/2025\/03\/4eFS9IYkckushPaJ4qPbhA.jpg","datePublished":"2025-03-21T02:20:26+00:00","description":"Fenerbah\u00e7e, S\u00fcper Lig\u2019in 29. haftas\u0131nda deplasmanda oynayaca\u011f\u0131 Bodrumspor kar\u015f\u0131la\u015fmas\u0131na \u00f6nemli eksikliklerle \u00e7\u0131kabilir. Sar\u0131-Lacivertlilerde sakatl\u0131\u011f\u0131","breadcrumb":{"@id":"https:\/\/e-ciftlik.com\/haberler\/spor\/fenerbahcede-onemli-eksiklikler\/#breadcrumb"},"inLanguage":"tr","potentialAction":[{"@type":"ReadAction","target":["https:\/\/e-ciftlik.com\/haberler\/spor\/fenerbahcede-onemli-eksiklikler\/"]}]},{"@type":"ImageObject","inLanguage":"tr","@id":"https:\/\/e-ciftlik.com\/haberler\/spor\/fenerbahcede-onemli-eksiklikler\/#primaryimage","url":"https:\/\/e-ciftlik.com\/haberler\/wp-content\/uploads\/2025\/03\/4eFS9IYkckushPaJ4qPbhA.jpg","contentUrl":"https:\/\/e-ciftlik.com\/haberler\/wp-content\/uploads\/2025\/03\/4eFS9IYkckushPaJ4qPbhA.jpg","width":1080,"height":614},{"@type":"BreadcrumbList","@id":"https:\/\/e-ciftlik.com\/haberler\/spor\/fenerbahcede-onemli-eksiklikler\/#breadcrumb","itemListElement":[{"@type":"ListItem","position":1,"name":"Anasayfa","item":"https:\/\/e-ciftlik.com\/haberler\/"},{"@type":"ListItem","position":2,"name":"Fenerbah\u00e7e&#8217;de \u00d6nemli Eksiklikler!"}]},{"@type":"WebSite","@id":"https:\/\/e-ciftlik.com\/haberler\/#website","url":"https:\/\/e-ciftlik.com\/haberler\/","name":"E-\u00c7iftlik Haber | G\u00fcncel, Son Dakika Haberler, En Son Haber","description":"","publisher":{"@id":"https:\/\/e-ciftlik.com\/haberler\/#organization"},"potentialAction":[{"@type":"SearchAction","target":{"@type":"EntryPoint","urlTemplate":"https:\/\/e-ciftlik.com\/haberler\/?s={search_term_string}"},"query-input":{"@type":"PropertyValueSpecification","valueRequired":true,"valueName":"search_term_string"}}],"inLanguage":"tr"},{"@type":"Organization","@id":"https:\/\/e-ciftlik.com\/haberler\/#organization","name":"E-\u00c7\u0130FTL\u0130K HABER","url":"https:\/\/e-ciftlik.com\/haberler\/","logo":{"@type":"ImageObject","inLanguage":"tr","@id":"https:\/\/e-ciftlik.com\/haberler\/#\/schema\/logo\/image\/","url":"https:\/\/e-ciftlik.com\/haberler\/wp-content\/uploads\/2024\/06\/cropped-cropped-favicon-1-2.png","contentUrl":"https:\/\/e-ciftlik.com\/haberler\/wp-content\/uploads\/2024\/06\/cropped-cropped-favicon-1-2.png","width":512,"height":512,"caption":"E-\u00c7\u0130FTL\u0130K HABER"},"image":{"@id":"https:\/\/e-ciftlik.com\/haberler\/#\/schema\/logo\/image\/"},"sameAs":["https:\/\/www.facebook.com\/eciftlikturkiye","https:\/\/x.com\/eciftlikresmi","https:\/\/www.instagram.com\/eciftlikresmi\/"]},{"@type":"Person","@id":"https:\/\/e-ciftlik.com\/haberler\/#\/schema\/person\/d2f4fee3143d7f72be82cb887d51b00a","name":"Haber Merkezi","image":{"@type":"ImageObject","inLanguage":"tr","@id":"https:\/\/secure.gravatar.com\/avatar\/6c27d641914e66c1d0452c92716002398782818991d86db1c2cccb531e7c7c82?s=96&d=mm&r=g","url":"https:\/\/secure.gravatar.com\/avatar\/6c27d641914e66c1d0452c92716002398782818991d86db1c2cccb531e7c7c82?s=96&d=mm&r=g","contentUrl":"https:\/\/secure.gravatar.com\/avatar\/6c27d641914e66c1d0452c92716002398782818991d86db1c2cccb531e7c7c82?s=96&d=mm&r=g","caption":"Haber Merkezi"},"sameAs":["http:\/\/e-ciftlik.com\/haberler"]}]}},"_links":{"self":[{"href":"https:\/\/e-ciftlik.com\/haberler\/wp-json\/wp\/v2\/posts\/89139","targetHints":{"allow":["GET"]}}],"collection":[{"href":"https:\/\/e-ciftlik.com\/haberler\/wp-json\/wp\/v2\/posts"}],"about":[{"href":"https:\/\/e-ciftlik.com\/haberler\/wp-json\/wp\/v2\/types\/post"}],"author":[{"embeddable":true,"href":"https:\/\/e-ciftlik.com\/haberler\/wp-json\/wp\/v2\/users\/1"}],"replies":[{"embeddable":true,"href":"https:\/\/e-ciftlik.com\/haberler\/wp-json\/wp\/v2\/comments?post=89139"}],"version-history":[{"count":0,"href":"https:\/\/e-ciftlik.com\/haberler\/wp-json\/wp\/v2\/posts\/89139\/revisions"}],"wp:featuredmedia":[{"embeddable":true,"href":"https:\/\/e-ciftlik.com\/haberler\/wp-json\/wp\/v2\/media\/89140"}],"wp:attachment":[{"href":"https:\/\/e-ciftlik.com\/haberler\/wp-json\/wp\/v2\/media?parent=89139"}],"wp:term":[{"taxonomy":"category","embeddable":true,"href":"https:\/\/e-ciftlik.com\/haberler\/wp-json\/wp\/v2\/categories?post=89139"},{"taxonomy":"post_tag","embeddable":true,"href":"https:\/\/e-ciftlik.com\/haberler\/wp-json\/wp\/v2\/tags?post=89139"}],"curies":[{"name":"wp","href":"https:\/\/api.w.org\/{rel}","templated":true}]}}