{"id":89141,"date":"2025-03-21T02:36:47","date_gmt":"2025-03-21T02:36:47","guid":{"rendered":"http:\/\/e-ciftlik.com\/haberler\/spor\/a-milli-takim-kaan-ayhan-macaristan-maci-zor-gececek\/"},"modified":"2025-03-21T02:36:47","modified_gmt":"2025-03-21T02:36:47","slug":"a-milli-takim-kaan-ayhan-macaristan-maci-zor-gececek","status":"publish","type":"post","link":"https:\/\/e-ciftlik.com\/haberler\/spor\/a-milli-takim-kaan-ayhan-macaristan-maci-zor-gececek\/","title":{"rendered":"A Milli Tak\u0131m Kaan Ayhan: Macaristan Ma\u00e7\u0131 Zor Ge\u00e7ecek"},"content":{"rendered":"<p>A Milli Futbol Tak\u0131m\u0131, yar\u0131n Macaristan&#8217;\u0131 UEFA Uluslar Ligi play-off turunda Rams Park Stadyumu&#8217;nda konuk edecek. Tak\u0131m\u0131n oyuncular\u0131ndan Kaan Ayhan, bas\u0131n toplant\u0131s\u0131nda Galler ma\u00e7\u0131na kadar nama\u011flup gittiklerini ve o ma\u00e7ta elde ettikleri imkanlar\u0131 de\u011ferlendiremediklerini belirtti. 4 ayl\u0131k bir aran\u0131n ard\u0131ndan milli ma\u00e7a odakland\u0131klar\u0131n\u0131 ve mental olarak daha dinlenmi\u015f bir tak\u0131m olduklar\u0131n\u0131 ifade etti. A Ligi&#8217;ne y\u00fckselmek istediklerini ve zor bir ma\u00e7 olaca\u011f\u0131n\u0131 s\u00f6yledi.<\/p>\n<p>EURO 2024&#8217;\u00fcn ard\u0131ndan hedeflerinin A Ligi&#8217;ne y\u00fckselmek oldu\u011funu vurgulayan Kaan Ayhan, rakipten ba\u011f\u0131ms\u0131z olarak turnuva sonras\u0131ndaki hedeflerinin A Ligi&#8217;ne y\u00fckselmek oldu\u011funu belirtti. Macaristan&#8217;\u0131n 1000. ma\u00e7\u0131na \u00e7\u0131kacak olmalar\u0131 nedeniyle motivasyonlar\u0131n\u0131n y\u00fcksek olabilece\u011fini ve \u0130stanbul&#8217;da oynanacak ma\u00e7\u0131n heyecan\u0131n\u0131n zorlu bir kar\u015f\u0131la\u015fma olaca\u011f\u0131n\u0131 dile getirdi.<\/p>\n<p>Gen\u00e7 futbolcular\u0131n tak\u0131mdaki \u00f6nemine de\u011finen Kaan Ayhan, gen\u00e7 yeteneklerin milli tak\u0131m\u0131 daha ba\u015far\u0131l\u0131 yapaca\u011f\u0131n\u0131 d\u00fc\u015f\u00fcnd\u00fc\u011f\u00fcn\u00fc ve A Ligi&#8217;ne y\u00fckselmek istediklerini vurgulad\u0131. Gelecek hedeflerinde D\u00fcnya Kupas\u0131&#8217;n\u0131n da oldu\u011funu belirten tecr\u00fcbeli savunmac\u0131, yar\u0131nki ma\u00e7\u0131n \u00f6ncelikli oldu\u011funu ancak D\u00fcnya Kupas\u0131&#8217;n\u0131n heyecan kataca\u011f\u0131n\u0131 ifade etti.<\/p>\n<p>Son ma\u00e7larda sa\u011f bek pozisyonunda g\u00f6rev ald\u0131\u011f\u0131n\u0131 belirten Kaan Ayhan, sisteminde de\u011fi\u015fen bir \u015fey olmad\u0131\u011f\u0131n\u0131 ve yar\u0131n hocan\u0131n plan\u0131na uygun \u015fekilde oynayaca\u011f\u0131n\u0131 s\u00f6yledi. Sakatl\u0131k sorunu olmad\u0131\u011f\u0131n\u0131 belirten Ayhan, sezon sonuna kadar gerekeni yaparak tatile \u00e7\u0131kmay\u0131 planlad\u0131\u011f\u0131n\u0131 belirtti.<\/p>\n<p>Tak\u0131m arkada\u015f\u0131 Sallai ile yar\u0131n rakip olacaklar\u0131n\u0131 belirten Kaan Ayhan, Sallai&#8217;nin g\u00fc\u00e7l\u00fc ve zay\u0131f noktalar\u0131n\u0131 bildi\u011fini ve heyecanla ma\u00e7\u0131 bekledi\u011fini ifade etti.<\/p>\n","protected":false},"excerpt":{"rendered":"<p>A Milli Futbol Tak\u0131m\u0131, yar\u0131n Macaristan&#8217;\u0131 UEFA Uluslar Ligi play-off turunda Rams Park Stadyumu&#8217;nda konuk&hellip;<\/p>\n","protected":false},"author":1,"featured_media":89142,"comment_status":"open","ping_status":"open","sticky":false,"template":"","format":"standard","meta":{"footnotes":""},"categories":[7],"tags":[],"class_list":["post-89141","post","type-post","status-publish","format-standard","has-post-thumbnail","hentry","category-spor"],"yoast_head":"<!-- This site is optimized with the Yoast SEO Premium plugin v24.3 (Yoast SEO v27.4) - https:\/\/yoast.com\/product\/yoast-seo-premium-wordpress\/ -->\n<title>A Milli Tak\u0131m Kaan Ayhan: Macaristan Ma\u00e7\u0131 Zor Ge\u00e7ecek - E-&Ccedil;\u0130FTL\u0130K HABER<\/title>\n<meta name=\"description\" content=\"A Milli Futbol Tak\u0131m\u0131, yar\u0131n Macaristan&#039;\u0131 UEFA Uluslar Ligi play-off turunda Rams Park Stadyumu&#039;nda konuk edecek. Tak\u0131m\u0131n oyuncular\u0131ndan Kaan Ayhan, bas\u0131n\" \/>\n<meta name=\"robots\" content=\"index, follow, max-snippet:-1, max-image-preview:large, max-video-preview:-1\" \/>\n<link rel=\"canonical\" href=\"https:\/\/e-ciftlik.com\/haberler\/spor\/a-milli-takim-kaan-ayhan-macaristan-maci-zor-gececek\/\" \/>\n<meta property=\"og:locale\" content=\"tr_TR\" \/>\n<meta property=\"og:type\" content=\"article\" \/>\n<meta property=\"og:title\" content=\"A Milli Tak\u0131m Kaan Ayhan: Macaristan Ma\u00e7\u0131 Zor Ge\u00e7ecek\" \/>\n<meta property=\"og:description\" content=\"A Milli Futbol Tak\u0131m\u0131, yar\u0131n Macaristan&#039;\u0131 UEFA Uluslar Ligi play-off turunda Rams Park Stadyumu&#039;nda konuk edecek. Tak\u0131m\u0131n oyuncular\u0131ndan Kaan Ayhan, bas\u0131n\" \/>\n<meta property=\"og:url\" content=\"https:\/\/e-ciftlik.com\/haberler\/spor\/a-milli-takim-kaan-ayhan-macaristan-maci-zor-gececek\/\" \/>\n<meta property=\"og:site_name\" content=\"E-&Ccedil;\u0130FTL\u0130K HABER\" \/>\n<meta property=\"article:publisher\" content=\"https:\/\/www.facebook.com\/eciftlikturkiye\" \/>\n<meta property=\"article:published_time\" content=\"2025-03-21T02:36:47+00:00\" \/>\n<meta property=\"og:image\" content=\"https:\/\/e-ciftlik.com\/haberler\/wp-content\/uploads\/2025\/03\/KouwWGh7yE2B5pOOJAREJg.jpg\" \/>\n\t<meta property=\"og:image:width\" content=\"1080\" \/>\n\t<meta property=\"og:image:height\" content=\"612\" \/>\n\t<meta property=\"og:image:type\" content=\"image\/jpeg\" \/>\n<meta name=\"author\" content=\"Haber Merkezi\" \/>\n<meta name=\"twitter:card\" content=\"summary_large_image\" \/>\n<meta name=\"twitter:creator\" content=\"@eciftlikresmi\" \/>\n<meta name=\"twitter:site\" content=\"@eciftlikresmi\" \/>\n<meta name=\"twitter:label1\" content=\"Yazan:\" \/>\n\t<meta name=\"twitter:data1\" content=\"Haber Merkezi\" \/>\n\t<meta name=\"twitter:label2\" content=\"Tahmini okuma s\u00fcresi\" \/>\n\t<meta name=\"twitter:data2\" content=\"1 dakika\" \/>\n<script type=\"application\/ld+json\" class=\"yoast-schema-graph\">{\"@context\":\"https:\\\/\\\/schema.org\",\"@graph\":[{\"@type\":\"NewsArticle\",\"@id\":\"https:\\\/\\\/e-ciftlik.com\\\/haberler\\\/spor\\\/a-milli-takim-kaan-ayhan-macaristan-maci-zor-gececek\\\/#article\",\"isPartOf\":{\"@id\":\"https:\\\/\\\/e-ciftlik.com\\\/haberler\\\/spor\\\/a-milli-takim-kaan-ayhan-macaristan-maci-zor-gececek\\\/\"},\"author\":{\"name\":\"Haber Merkezi\",\"@id\":\"https:\\\/\\\/e-ciftlik.com\\\/haberler\\\/#\\\/schema\\\/person\\\/d2f4fee3143d7f72be82cb887d51b00a\"},\"headline\":\"A Milli Tak\u0131m Kaan Ayhan: Macaristan Ma\u00e7\u0131 Zor Ge\u00e7ecek\",\"datePublished\":\"2025-03-21T02:36:47+00:00\",\"mainEntityOfPage\":{\"@id\":\"https:\\\/\\\/e-ciftlik.com\\\/haberler\\\/spor\\\/a-milli-takim-kaan-ayhan-macaristan-maci-zor-gececek\\\/\"},\"wordCount\":308,\"commentCount\":0,\"publisher\":{\"@id\":\"https:\\\/\\\/e-ciftlik.com\\\/haberler\\\/#organization\"},\"image\":{\"@id\":\"https:\\\/\\\/e-ciftlik.com\\\/haberler\\\/spor\\\/a-milli-takim-kaan-ayhan-macaristan-maci-zor-gececek\\\/#primaryimage\"},\"thumbnailUrl\":\"https:\\\/\\\/e-ciftlik.com\\\/haberler\\\/wp-content\\\/uploads\\\/2025\\\/03\\\/KouwWGh7yE2B5pOOJAREJg.jpg\",\"articleSection\":[\"Spor\"],\"inLanguage\":\"tr\",\"potentialAction\":[{\"@type\":\"CommentAction\",\"name\":\"Comment\",\"target\":[\"https:\\\/\\\/e-ciftlik.com\\\/haberler\\\/spor\\\/a-milli-takim-kaan-ayhan-macaristan-maci-zor-gececek\\\/#respond\"]}]},{\"@type\":\"WebPage\",\"@id\":\"https:\\\/\\\/e-ciftlik.com\\\/haberler\\\/spor\\\/a-milli-takim-kaan-ayhan-macaristan-maci-zor-gececek\\\/\",\"url\":\"https:\\\/\\\/e-ciftlik.com\\\/haberler\\\/spor\\\/a-milli-takim-kaan-ayhan-macaristan-maci-zor-gececek\\\/\",\"name\":\"A Milli Tak\u0131m Kaan Ayhan: Macaristan Ma\u00e7\u0131 Zor Ge\u00e7ecek - E-&Ccedil;\u0130FTL\u0130K HABER\",\"isPartOf\":{\"@id\":\"https:\\\/\\\/e-ciftlik.com\\\/haberler\\\/#website\"},\"primaryImageOfPage\":{\"@id\":\"https:\\\/\\\/e-ciftlik.com\\\/haberler\\\/spor\\\/a-milli-takim-kaan-ayhan-macaristan-maci-zor-gececek\\\/#primaryimage\"},\"image\":{\"@id\":\"https:\\\/\\\/e-ciftlik.com\\\/haberler\\\/spor\\\/a-milli-takim-kaan-ayhan-macaristan-maci-zor-gececek\\\/#primaryimage\"},\"thumbnailUrl\":\"https:\\\/\\\/e-ciftlik.com\\\/haberler\\\/wp-content\\\/uploads\\\/2025\\\/03\\\/KouwWGh7yE2B5pOOJAREJg.jpg\",\"datePublished\":\"2025-03-21T02:36:47+00:00\",\"description\":\"A Milli Futbol Tak\u0131m\u0131, yar\u0131n Macaristan'\u0131 UEFA Uluslar Ligi play-off turunda Rams Park Stadyumu'nda konuk edecek. Tak\u0131m\u0131n oyuncular\u0131ndan Kaan Ayhan, bas\u0131n\",\"breadcrumb\":{\"@id\":\"https:\\\/\\\/e-ciftlik.com\\\/haberler\\\/spor\\\/a-milli-takim-kaan-ayhan-macaristan-maci-zor-gececek\\\/#breadcrumb\"},\"inLanguage\":\"tr\",\"potentialAction\":[{\"@type\":\"ReadAction\",\"target\":[\"https:\\\/\\\/e-ciftlik.com\\\/haberler\\\/spor\\\/a-milli-takim-kaan-ayhan-macaristan-maci-zor-gececek\\\/\"]}]},{\"@type\":\"ImageObject\",\"inLanguage\":\"tr\",\"@id\":\"https:\\\/\\\/e-ciftlik.com\\\/haberler\\\/spor\\\/a-milli-takim-kaan-ayhan-macaristan-maci-zor-gececek\\\/#primaryimage\",\"url\":\"https:\\\/\\\/e-ciftlik.com\\\/haberler\\\/wp-content\\\/uploads\\\/2025\\\/03\\\/KouwWGh7yE2B5pOOJAREJg.jpg\",\"contentUrl\":\"https:\\\/\\\/e-ciftlik.com\\\/haberler\\\/wp-content\\\/uploads\\\/2025\\\/03\\\/KouwWGh7yE2B5pOOJAREJg.jpg\",\"width\":1080,\"height\":612},{\"@type\":\"BreadcrumbList\",\"@id\":\"https:\\\/\\\/e-ciftlik.com\\\/haberler\\\/spor\\\/a-milli-takim-kaan-ayhan-macaristan-maci-zor-gececek\\\/#breadcrumb\",\"itemListElement\":[{\"@type\":\"ListItem\",\"position\":1,\"name\":\"Anasayfa\",\"item\":\"https:\\\/\\\/e-ciftlik.com\\\/haberler\\\/\"},{\"@type\":\"ListItem\",\"position\":2,\"name\":\"A Milli Tak\u0131m Kaan Ayhan: Macaristan Ma\u00e7\u0131 Zor Ge\u00e7ecek\"}]},{\"@type\":\"WebSite\",\"@id\":\"https:\\\/\\\/e-ciftlik.com\\\/haberler\\\/#website\",\"url\":\"https:\\\/\\\/e-ciftlik.com\\\/haberler\\\/\",\"name\":\"E-\u00c7iftlik Haber | G\u00fcncel, Son Dakika Haberler, En Son Haber\",\"description\":\"\",\"publisher\":{\"@id\":\"https:\\\/\\\/e-ciftlik.com\\\/haberler\\\/#organization\"},\"potentialAction\":[{\"@type\":\"SearchAction\",\"target\":{\"@type\":\"EntryPoint\",\"urlTemplate\":\"https:\\\/\\\/e-ciftlik.com\\\/haberler\\\/?s={search_term_string}\"},\"query-input\":{\"@type\":\"PropertyValueSpecification\",\"valueRequired\":true,\"valueName\":\"search_term_string\"}}],\"inLanguage\":\"tr\"},{\"@type\":\"Organization\",\"@id\":\"https:\\\/\\\/e-ciftlik.com\\\/haberler\\\/#organization\",\"name\":\"E-\u00c7\u0130FTL\u0130K HABER\",\"url\":\"https:\\\/\\\/e-ciftlik.com\\\/haberler\\\/\",\"logo\":{\"@type\":\"ImageObject\",\"inLanguage\":\"tr\",\"@id\":\"https:\\\/\\\/e-ciftlik.com\\\/haberler\\\/#\\\/schema\\\/logo\\\/image\\\/\",\"url\":\"https:\\\/\\\/e-ciftlik.com\\\/haberler\\\/wp-content\\\/uploads\\\/2024\\\/06\\\/cropped-cropped-favicon-1-2.png\",\"contentUrl\":\"https:\\\/\\\/e-ciftlik.com\\\/haberler\\\/wp-content\\\/uploads\\\/2024\\\/06\\\/cropped-cropped-favicon-1-2.png\",\"width\":512,\"height\":512,\"caption\":\"E-\u00c7\u0130FTL\u0130K HABER\"},\"image\":{\"@id\":\"https:\\\/\\\/e-ciftlik.com\\\/haberler\\\/#\\\/schema\\\/logo\\\/image\\\/\"},\"sameAs\":[\"https:\\\/\\\/www.facebook.com\\\/eciftlikturkiye\",\"https:\\\/\\\/x.com\\\/eciftlikresmi\",\"https:\\\/\\\/www.instagram.com\\\/eciftlikresmi\\\/\"]},{\"@type\":\"Person\",\"@id\":\"https:\\\/\\\/e-ciftlik.com\\\/haberler\\\/#\\\/schema\\\/person\\\/d2f4fee3143d7f72be82cb887d51b00a\",\"name\":\"Haber Merkezi\",\"image\":{\"@type\":\"ImageObject\",\"inLanguage\":\"tr\",\"@id\":\"https:\\\/\\\/secure.gravatar.com\\\/avatar\\\/6c27d641914e66c1d0452c92716002398782818991d86db1c2cccb531e7c7c82?s=96&d=mm&r=g\",\"url\":\"https:\\\/\\\/secure.gravatar.com\\\/avatar\\\/6c27d641914e66c1d0452c92716002398782818991d86db1c2cccb531e7c7c82?s=96&d=mm&r=g\",\"contentUrl\":\"https:\\\/\\\/secure.gravatar.com\\\/avatar\\\/6c27d641914e66c1d0452c92716002398782818991d86db1c2cccb531e7c7c82?s=96&d=mm&r=g\",\"caption\":\"Haber Merkezi\"},\"sameAs\":[\"http:\\\/\\\/e-ciftlik.com\\\/haberler\"]}]}<\/script>\n<!-- \/ Yoast SEO Premium plugin. -->","yoast_head_json":{"title":"A Milli Tak\u0131m Kaan Ayhan: Macaristan Ma\u00e7\u0131 Zor Ge\u00e7ecek - E-&Ccedil;\u0130FTL\u0130K HABER","description":"A Milli Futbol Tak\u0131m\u0131, yar\u0131n Macaristan'\u0131 UEFA Uluslar Ligi play-off turunda Rams Park Stadyumu'nda konuk edecek. Tak\u0131m\u0131n oyuncular\u0131ndan Kaan Ayhan, bas\u0131n","robots":{"index":"index","follow":"follow","max-snippet":"max-snippet:-1","max-image-preview":"max-image-preview:large","max-video-preview":"max-video-preview:-1"},"canonical":"https:\/\/e-ciftlik.com\/haberler\/spor\/a-milli-takim-kaan-ayhan-macaristan-maci-zor-gececek\/","og_locale":"tr_TR","og_type":"article","og_title":"A Milli Tak\u0131m Kaan Ayhan: Macaristan Ma\u00e7\u0131 Zor Ge\u00e7ecek","og_description":"A Milli Futbol Tak\u0131m\u0131, yar\u0131n Macaristan'\u0131 UEFA Uluslar Ligi play-off turunda Rams Park Stadyumu'nda konuk edecek. Tak\u0131m\u0131n oyuncular\u0131ndan Kaan Ayhan, bas\u0131n","og_url":"https:\/\/e-ciftlik.com\/haberler\/spor\/a-milli-takim-kaan-ayhan-macaristan-maci-zor-gececek\/","og_site_name":"E-&Ccedil;\u0130FTL\u0130K HABER","article_publisher":"https:\/\/www.facebook.com\/eciftlikturkiye","article_published_time":"2025-03-21T02:36:47+00:00","og_image":[{"width":1080,"height":612,"url":"https:\/\/e-ciftlik.com\/haberler\/wp-content\/uploads\/2025\/03\/KouwWGh7yE2B5pOOJAREJg.jpg","type":"image\/jpeg"}],"author":"Haber Merkezi","twitter_card":"summary_large_image","twitter_creator":"@eciftlikresmi","twitter_site":"@eciftlikresmi","twitter_misc":{"Yazan:":"Haber Merkezi","Tahmini okuma s\u00fcresi":"1 dakika"},"schema":{"@context":"https:\/\/schema.org","@graph":[{"@type":"NewsArticle","@id":"https:\/\/e-ciftlik.com\/haberler\/spor\/a-milli-takim-kaan-ayhan-macaristan-maci-zor-gececek\/#article","isPartOf":{"@id":"https:\/\/e-ciftlik.com\/haberler\/spor\/a-milli-takim-kaan-ayhan-macaristan-maci-zor-gececek\/"},"author":{"name":"Haber Merkezi","@id":"https:\/\/e-ciftlik.com\/haberler\/#\/schema\/person\/d2f4fee3143d7f72be82cb887d51b00a"},"headline":"A Milli Tak\u0131m Kaan Ayhan: Macaristan Ma\u00e7\u0131 Zor Ge\u00e7ecek","datePublished":"2025-03-21T02:36:47+00:00","mainEntityOfPage":{"@id":"https:\/\/e-ciftlik.com\/haberler\/spor\/a-milli-takim-kaan-ayhan-macaristan-maci-zor-gececek\/"},"wordCount":308,"commentCount":0,"publisher":{"@id":"https:\/\/e-ciftlik.com\/haberler\/#organization"},"image":{"@id":"https:\/\/e-ciftlik.com\/haberler\/spor\/a-milli-takim-kaan-ayhan-macaristan-maci-zor-gececek\/#primaryimage"},"thumbnailUrl":"https:\/\/e-ciftlik.com\/haberler\/wp-content\/uploads\/2025\/03\/KouwWGh7yE2B5pOOJAREJg.jpg","articleSection":["Spor"],"inLanguage":"tr","potentialAction":[{"@type":"CommentAction","name":"Comment","target":["https:\/\/e-ciftlik.com\/haberler\/spor\/a-milli-takim-kaan-ayhan-macaristan-maci-zor-gececek\/#respond"]}]},{"@type":"WebPage","@id":"https:\/\/e-ciftlik.com\/haberler\/spor\/a-milli-takim-kaan-ayhan-macaristan-maci-zor-gececek\/","url":"https:\/\/e-ciftlik.com\/haberler\/spor\/a-milli-takim-kaan-ayhan-macaristan-maci-zor-gececek\/","name":"A Milli Tak\u0131m Kaan Ayhan: Macaristan Ma\u00e7\u0131 Zor Ge\u00e7ecek - E-&Ccedil;\u0130FTL\u0130K HABER","isPartOf":{"@id":"https:\/\/e-ciftlik.com\/haberler\/#website"},"primaryImageOfPage":{"@id":"https:\/\/e-ciftlik.com\/haberler\/spor\/a-milli-takim-kaan-ayhan-macaristan-maci-zor-gececek\/#primaryimage"},"image":{"@id":"https:\/\/e-ciftlik.com\/haberler\/spor\/a-milli-takim-kaan-ayhan-macaristan-maci-zor-gececek\/#primaryimage"},"thumbnailUrl":"https:\/\/e-ciftlik.com\/haberler\/wp-content\/uploads\/2025\/03\/KouwWGh7yE2B5pOOJAREJg.jpg","datePublished":"2025-03-21T02:36:47+00:00","description":"A Milli Futbol Tak\u0131m\u0131, yar\u0131n Macaristan'\u0131 UEFA Uluslar Ligi play-off turunda Rams Park Stadyumu'nda konuk edecek. Tak\u0131m\u0131n oyuncular\u0131ndan Kaan Ayhan, bas\u0131n","breadcrumb":{"@id":"https:\/\/e-ciftlik.com\/haberler\/spor\/a-milli-takim-kaan-ayhan-macaristan-maci-zor-gececek\/#breadcrumb"},"inLanguage":"tr","potentialAction":[{"@type":"ReadAction","target":["https:\/\/e-ciftlik.com\/haberler\/spor\/a-milli-takim-kaan-ayhan-macaristan-maci-zor-gececek\/"]}]},{"@type":"ImageObject","inLanguage":"tr","@id":"https:\/\/e-ciftlik.com\/haberler\/spor\/a-milli-takim-kaan-ayhan-macaristan-maci-zor-gececek\/#primaryimage","url":"https:\/\/e-ciftlik.com\/haberler\/wp-content\/uploads\/2025\/03\/KouwWGh7yE2B5pOOJAREJg.jpg","contentUrl":"https:\/\/e-ciftlik.com\/haberler\/wp-content\/uploads\/2025\/03\/KouwWGh7yE2B5pOOJAREJg.jpg","width":1080,"height":612},{"@type":"BreadcrumbList","@id":"https:\/\/e-ciftlik.com\/haberler\/spor\/a-milli-takim-kaan-ayhan-macaristan-maci-zor-gececek\/#breadcrumb","itemListElement":[{"@type":"ListItem","position":1,"name":"Anasayfa","item":"https:\/\/e-ciftlik.com\/haberler\/"},{"@type":"ListItem","position":2,"name":"A Milli Tak\u0131m Kaan Ayhan: Macaristan Ma\u00e7\u0131 Zor Ge\u00e7ecek"}]},{"@type":"WebSite","@id":"https:\/\/e-ciftlik.com\/haberler\/#website","url":"https:\/\/e-ciftlik.com\/haberler\/","name":"E-\u00c7iftlik Haber | G\u00fcncel, Son Dakika Haberler, En Son Haber","description":"","publisher":{"@id":"https:\/\/e-ciftlik.com\/haberler\/#organization"},"potentialAction":[{"@type":"SearchAction","target":{"@type":"EntryPoint","urlTemplate":"https:\/\/e-ciftlik.com\/haberler\/?s={search_term_string}"},"query-input":{"@type":"PropertyValueSpecification","valueRequired":true,"valueName":"search_term_string"}}],"inLanguage":"tr"},{"@type":"Organization","@id":"https:\/\/e-ciftlik.com\/haberler\/#organization","name":"E-\u00c7\u0130FTL\u0130K HABER","url":"https:\/\/e-ciftlik.com\/haberler\/","logo":{"@type":"ImageObject","inLanguage":"tr","@id":"https:\/\/e-ciftlik.com\/haberler\/#\/schema\/logo\/image\/","url":"https:\/\/e-ciftlik.com\/haberler\/wp-content\/uploads\/2024\/06\/cropped-cropped-favicon-1-2.png","contentUrl":"https:\/\/e-ciftlik.com\/haberler\/wp-content\/uploads\/2024\/06\/cropped-cropped-favicon-1-2.png","width":512,"height":512,"caption":"E-\u00c7\u0130FTL\u0130K HABER"},"image":{"@id":"https:\/\/e-ciftlik.com\/haberler\/#\/schema\/logo\/image\/"},"sameAs":["https:\/\/www.facebook.com\/eciftlikturkiye","https:\/\/x.com\/eciftlikresmi","https:\/\/www.instagram.com\/eciftlikresmi\/"]},{"@type":"Person","@id":"https:\/\/e-ciftlik.com\/haberler\/#\/schema\/person\/d2f4fee3143d7f72be82cb887d51b00a","name":"Haber Merkezi","image":{"@type":"ImageObject","inLanguage":"tr","@id":"https:\/\/secure.gravatar.com\/avatar\/6c27d641914e66c1d0452c92716002398782818991d86db1c2cccb531e7c7c82?s=96&d=mm&r=g","url":"https:\/\/secure.gravatar.com\/avatar\/6c27d641914e66c1d0452c92716002398782818991d86db1c2cccb531e7c7c82?s=96&d=mm&r=g","contentUrl":"https:\/\/secure.gravatar.com\/avatar\/6c27d641914e66c1d0452c92716002398782818991d86db1c2cccb531e7c7c82?s=96&d=mm&r=g","caption":"Haber Merkezi"},"sameAs":["http:\/\/e-ciftlik.com\/haberler"]}]}},"_links":{"self":[{"href":"https:\/\/e-ciftlik.com\/haberler\/wp-json\/wp\/v2\/posts\/89141","targetHints":{"allow":["GET"]}}],"collection":[{"href":"https:\/\/e-ciftlik.com\/haberler\/wp-json\/wp\/v2\/posts"}],"about":[{"href":"https:\/\/e-ciftlik.com\/haberler\/wp-json\/wp\/v2\/types\/post"}],"author":[{"embeddable":true,"href":"https:\/\/e-ciftlik.com\/haberler\/wp-json\/wp\/v2\/users\/1"}],"replies":[{"embeddable":true,"href":"https:\/\/e-ciftlik.com\/haberler\/wp-json\/wp\/v2\/comments?post=89141"}],"version-history":[{"count":0,"href":"https:\/\/e-ciftlik.com\/haberler\/wp-json\/wp\/v2\/posts\/89141\/revisions"}],"wp:featuredmedia":[{"embeddable":true,"href":"https:\/\/e-ciftlik.com\/haberler\/wp-json\/wp\/v2\/media\/89142"}],"wp:attachment":[{"href":"https:\/\/e-ciftlik.com\/haberler\/wp-json\/wp\/v2\/media?parent=89141"}],"wp:term":[{"taxonomy":"category","embeddable":true,"href":"https:\/\/e-ciftlik.com\/haberler\/wp-json\/wp\/v2\/categories?post=89141"},{"taxonomy":"post_tag","embeddable":true,"href":"https:\/\/e-ciftlik.com\/haberler\/wp-json\/wp\/v2\/tags?post=89141"}],"curies":[{"name":"wp","href":"https:\/\/api.w.org\/{rel}","templated":true}]}}