{"id":89158,"date":"2025-03-21T04:15:58","date_gmt":"2025-03-21T04:15:58","guid":{"rendered":"http:\/\/e-ciftlik.com\/haberler\/spor\/fenerbahceden-mourinhonun-eski-ogrencisi-icin-takas-bombasi\/"},"modified":"2025-03-21T04:15:58","modified_gmt":"2025-03-21T04:15:58","slug":"fenerbahceden-mourinhonun-eski-ogrencisi-icin-takas-bombasi","status":"publish","type":"post","link":"https:\/\/e-ciftlik.com\/haberler\/spor\/fenerbahceden-mourinhonun-eski-ogrencisi-icin-takas-bombasi\/","title":{"rendered":"Fenerbah\u00e7e&#8217;den Mourinho&#8217;nun eski \u00f6\u011frencisi i\u00e7in takas bombas\u0131!"},"content":{"rendered":"<p>Fenerbah\u00e7e, Trendyol S\u00fcper Lig&#8217;in 29. haftas\u0131nda Bodrum deplasman\u0131na \u00e7\u0131kacak. Milli ara d\u00f6neminde haz\u0131rl\u0131klar\u0131n\u0131 s\u00fcrd\u00fcren tak\u0131mda, teknik direkt\u00f6r Jose Mourinho&#8217;nun gelecek sezon kadroya katmak istedi\u011fi bir isimle ilgili dikkat \u00e7eken bir iddia ortaya at\u0131ld\u0131.<\/p>\n<p>Samsunspor ma\u00e7\u0131nda 2 puan kaybeden ve \u015fampiyonluk yar\u0131\u015f\u0131nda geriye d\u00fc\u015fen Fenerbah\u00e7e, gelecek hafta Bodrum FK ile oynayaca\u011f\u0131 ma\u00e7\u0131n haz\u0131rl\u0131klar\u0131n\u0131 s\u00fcrd\u00fcr\u00fcyor. Milli tak\u0131mlara giden bir\u00e7ok futbolcusundan yoksun olan tak\u0131m\u0131n antrenmanlar\u0131 devam ederken, gelecek sezon i\u00e7in s\u00fcrpriz bir iddia ortaya at\u0131ld\u0131.<\/p>\n<p>Jose Mourinho&#8217;nun, Roma&#8217;dan eski \u00f6\u011frencisi kaleci Mile Svilar&#8217;\u0131n durumunu yak\u0131ndan takip etti\u011fi iddia ediliyor. Gianluca Di Marzio&#8217;nun haberine g\u00f6re Portekizli teknik adam, Svilar ile tekrar bir araya gelmek istiyor. Sar\u0131-lacivertli tak\u0131m\u0131n, bu transfer i\u00e7in Dominik Livakovic ile Mile Svilar&#8217;\u0131n takas\u0131n\u0131 planlad\u0131\u011f\u0131 \u00f6ne s\u00fcr\u00fcl\u00fcyor. Ancak Roma&#8217;n\u0131n, 25 ya\u015f\u0131ndaki Svilar ile s\u00f6zle\u015fme uzatmak istedi\u011fi iddia ediliyor.<\/p>\n<p>Bu sezon Roma formas\u0131yla 42 ma\u00e7a \u00e7\u0131kan Svilar, kalesinde 46 gol g\u00f6r\u00fcrken 14 kez rakiplerine gol \u015fans\u0131 vermedi. Jose Mourinho&#8217;nun eski \u00f6\u011frencisiyle ilgili takas plan\u0131, Fenerbah\u00e7e taraftarlar\u0131n\u0131n da merakla bekledi\u011fi bir geli\u015fme olarak dikkat \u00e7ekiyor.<\/p>\n","protected":false},"excerpt":{"rendered":"<p>Fenerbah\u00e7e, Trendyol S\u00fcper Lig&#8217;in 29. haftas\u0131nda Bodrum deplasman\u0131na \u00e7\u0131kacak. Milli ara d\u00f6neminde haz\u0131rl\u0131klar\u0131n\u0131 s\u00fcrd\u00fcren tak\u0131mda,&hellip;<\/p>\n","protected":false},"author":1,"featured_media":89159,"comment_status":"open","ping_status":"open","sticky":false,"template":"","format":"standard","meta":{"footnotes":""},"categories":[7],"tags":[],"class_list":["post-89158","post","type-post","status-publish","format-standard","has-post-thumbnail","hentry","category-spor"],"yoast_head":"<!-- This site is optimized with the Yoast SEO Premium plugin v24.3 (Yoast SEO v27.4) - https:\/\/yoast.com\/product\/yoast-seo-premium-wordpress\/ -->\n<title>Fenerbah\u00e7e&#039;den Mourinho&#039;nun eski \u00f6\u011frencisi i\u00e7in takas bombas\u0131! - E-&Ccedil;\u0130FTL\u0130K HABER<\/title>\n<meta name=\"description\" content=\"Fenerbah\u00e7e, Trendyol S\u00fcper Lig&#039;in 29. haftas\u0131nda Bodrum deplasman\u0131na \u00e7\u0131kacak. Milli ara d\u00f6neminde haz\u0131rl\u0131klar\u0131n\u0131 s\u00fcrd\u00fcren tak\u0131mda, teknik direkt\u00f6r Jose\" \/>\n<meta name=\"robots\" content=\"index, follow, max-snippet:-1, max-image-preview:large, max-video-preview:-1\" \/>\n<link rel=\"canonical\" href=\"https:\/\/e-ciftlik.com\/haberler\/spor\/fenerbahceden-mourinhonun-eski-ogrencisi-icin-takas-bombasi\/\" \/>\n<meta property=\"og:locale\" content=\"tr_TR\" \/>\n<meta property=\"og:type\" content=\"article\" \/>\n<meta property=\"og:title\" content=\"Fenerbah\u00e7e&#039;den Mourinho&#039;nun eski \u00f6\u011frencisi i\u00e7in takas bombas\u0131!\" \/>\n<meta property=\"og:description\" content=\"Fenerbah\u00e7e, Trendyol S\u00fcper Lig&#039;in 29. haftas\u0131nda Bodrum deplasman\u0131na \u00e7\u0131kacak. Milli ara d\u00f6neminde haz\u0131rl\u0131klar\u0131n\u0131 s\u00fcrd\u00fcren tak\u0131mda, teknik direkt\u00f6r Jose\" \/>\n<meta property=\"og:url\" content=\"https:\/\/e-ciftlik.com\/haberler\/spor\/fenerbahceden-mourinhonun-eski-ogrencisi-icin-takas-bombasi\/\" \/>\n<meta property=\"og:site_name\" content=\"E-&Ccedil;\u0130FTL\u0130K HABER\" \/>\n<meta property=\"article:publisher\" content=\"https:\/\/www.facebook.com\/eciftlikturkiye\" \/>\n<meta property=\"article:published_time\" content=\"2025-03-21T04:15:58+00:00\" \/>\n<meta property=\"og:image\" content=\"https:\/\/e-ciftlik.com\/haberler\/wp-content\/uploads\/2025\/03\/7Iz9a4ITmkqBZ0_VJHflYQ.jpg\" \/>\n\t<meta property=\"og:image:width\" content=\"1080\" \/>\n\t<meta property=\"og:image:height\" content=\"613\" \/>\n\t<meta property=\"og:image:type\" content=\"image\/jpeg\" \/>\n<meta name=\"author\" content=\"Haber Merkezi\" \/>\n<meta name=\"twitter:card\" content=\"summary_large_image\" \/>\n<meta name=\"twitter:creator\" content=\"@eciftlikresmi\" \/>\n<meta name=\"twitter:site\" content=\"@eciftlikresmi\" \/>\n<meta name=\"twitter:label1\" content=\"Yazan:\" \/>\n\t<meta name=\"twitter:data1\" content=\"Haber Merkezi\" \/>\n\t<meta name=\"twitter:label2\" content=\"Tahmini okuma s\u00fcresi\" \/>\n\t<meta name=\"twitter:data2\" content=\"1 dakika\" \/>\n<script type=\"application\/ld+json\" class=\"yoast-schema-graph\">{\"@context\":\"https:\\\/\\\/schema.org\",\"@graph\":[{\"@type\":\"NewsArticle\",\"@id\":\"https:\\\/\\\/e-ciftlik.com\\\/haberler\\\/spor\\\/fenerbahceden-mourinhonun-eski-ogrencisi-icin-takas-bombasi\\\/#article\",\"isPartOf\":{\"@id\":\"https:\\\/\\\/e-ciftlik.com\\\/haberler\\\/spor\\\/fenerbahceden-mourinhonun-eski-ogrencisi-icin-takas-bombasi\\\/\"},\"author\":{\"name\":\"Haber Merkezi\",\"@id\":\"https:\\\/\\\/e-ciftlik.com\\\/haberler\\\/#\\\/schema\\\/person\\\/d2f4fee3143d7f72be82cb887d51b00a\"},\"headline\":\"Fenerbah\u00e7e&#8217;den Mourinho&#8217;nun eski \u00f6\u011frencisi i\u00e7in takas bombas\u0131!\",\"datePublished\":\"2025-03-21T04:15:58+00:00\",\"mainEntityOfPage\":{\"@id\":\"https:\\\/\\\/e-ciftlik.com\\\/haberler\\\/spor\\\/fenerbahceden-mourinhonun-eski-ogrencisi-icin-takas-bombasi\\\/\"},\"wordCount\":232,\"commentCount\":0,\"publisher\":{\"@id\":\"https:\\\/\\\/e-ciftlik.com\\\/haberler\\\/#organization\"},\"image\":{\"@id\":\"https:\\\/\\\/e-ciftlik.com\\\/haberler\\\/spor\\\/fenerbahceden-mourinhonun-eski-ogrencisi-icin-takas-bombasi\\\/#primaryimage\"},\"thumbnailUrl\":\"https:\\\/\\\/e-ciftlik.com\\\/haberler\\\/wp-content\\\/uploads\\\/2025\\\/03\\\/7Iz9a4ITmkqBZ0_VJHflYQ.jpg\",\"articleSection\":[\"Spor\"],\"inLanguage\":\"tr\",\"potentialAction\":[{\"@type\":\"CommentAction\",\"name\":\"Comment\",\"target\":[\"https:\\\/\\\/e-ciftlik.com\\\/haberler\\\/spor\\\/fenerbahceden-mourinhonun-eski-ogrencisi-icin-takas-bombasi\\\/#respond\"]}]},{\"@type\":\"WebPage\",\"@id\":\"https:\\\/\\\/e-ciftlik.com\\\/haberler\\\/spor\\\/fenerbahceden-mourinhonun-eski-ogrencisi-icin-takas-bombasi\\\/\",\"url\":\"https:\\\/\\\/e-ciftlik.com\\\/haberler\\\/spor\\\/fenerbahceden-mourinhonun-eski-ogrencisi-icin-takas-bombasi\\\/\",\"name\":\"Fenerbah\u00e7e'den Mourinho'nun eski \u00f6\u011frencisi i\u00e7in takas bombas\u0131! - E-&Ccedil;\u0130FTL\u0130K HABER\",\"isPartOf\":{\"@id\":\"https:\\\/\\\/e-ciftlik.com\\\/haberler\\\/#website\"},\"primaryImageOfPage\":{\"@id\":\"https:\\\/\\\/e-ciftlik.com\\\/haberler\\\/spor\\\/fenerbahceden-mourinhonun-eski-ogrencisi-icin-takas-bombasi\\\/#primaryimage\"},\"image\":{\"@id\":\"https:\\\/\\\/e-ciftlik.com\\\/haberler\\\/spor\\\/fenerbahceden-mourinhonun-eski-ogrencisi-icin-takas-bombasi\\\/#primaryimage\"},\"thumbnailUrl\":\"https:\\\/\\\/e-ciftlik.com\\\/haberler\\\/wp-content\\\/uploads\\\/2025\\\/03\\\/7Iz9a4ITmkqBZ0_VJHflYQ.jpg\",\"datePublished\":\"2025-03-21T04:15:58+00:00\",\"description\":\"Fenerbah\u00e7e, Trendyol S\u00fcper Lig'in 29. haftas\u0131nda Bodrum deplasman\u0131na \u00e7\u0131kacak. Milli ara d\u00f6neminde haz\u0131rl\u0131klar\u0131n\u0131 s\u00fcrd\u00fcren tak\u0131mda, teknik direkt\u00f6r Jose\",\"breadcrumb\":{\"@id\":\"https:\\\/\\\/e-ciftlik.com\\\/haberler\\\/spor\\\/fenerbahceden-mourinhonun-eski-ogrencisi-icin-takas-bombasi\\\/#breadcrumb\"},\"inLanguage\":\"tr\",\"potentialAction\":[{\"@type\":\"ReadAction\",\"target\":[\"https:\\\/\\\/e-ciftlik.com\\\/haberler\\\/spor\\\/fenerbahceden-mourinhonun-eski-ogrencisi-icin-takas-bombasi\\\/\"]}]},{\"@type\":\"ImageObject\",\"inLanguage\":\"tr\",\"@id\":\"https:\\\/\\\/e-ciftlik.com\\\/haberler\\\/spor\\\/fenerbahceden-mourinhonun-eski-ogrencisi-icin-takas-bombasi\\\/#primaryimage\",\"url\":\"https:\\\/\\\/e-ciftlik.com\\\/haberler\\\/wp-content\\\/uploads\\\/2025\\\/03\\\/7Iz9a4ITmkqBZ0_VJHflYQ.jpg\",\"contentUrl\":\"https:\\\/\\\/e-ciftlik.com\\\/haberler\\\/wp-content\\\/uploads\\\/2025\\\/03\\\/7Iz9a4ITmkqBZ0_VJHflYQ.jpg\",\"width\":1080,\"height\":613},{\"@type\":\"BreadcrumbList\",\"@id\":\"https:\\\/\\\/e-ciftlik.com\\\/haberler\\\/spor\\\/fenerbahceden-mourinhonun-eski-ogrencisi-icin-takas-bombasi\\\/#breadcrumb\",\"itemListElement\":[{\"@type\":\"ListItem\",\"position\":1,\"name\":\"Anasayfa\",\"item\":\"https:\\\/\\\/e-ciftlik.com\\\/haberler\\\/\"},{\"@type\":\"ListItem\",\"position\":2,\"name\":\"Fenerbah\u00e7e&#8217;den Mourinho&#8217;nun eski \u00f6\u011frencisi i\u00e7in takas bombas\u0131!\"}]},{\"@type\":\"WebSite\",\"@id\":\"https:\\\/\\\/e-ciftlik.com\\\/haberler\\\/#website\",\"url\":\"https:\\\/\\\/e-ciftlik.com\\\/haberler\\\/\",\"name\":\"E-\u00c7iftlik Haber | G\u00fcncel, Son Dakika Haberler, En Son Haber\",\"description\":\"\",\"publisher\":{\"@id\":\"https:\\\/\\\/e-ciftlik.com\\\/haberler\\\/#organization\"},\"potentialAction\":[{\"@type\":\"SearchAction\",\"target\":{\"@type\":\"EntryPoint\",\"urlTemplate\":\"https:\\\/\\\/e-ciftlik.com\\\/haberler\\\/?s={search_term_string}\"},\"query-input\":{\"@type\":\"PropertyValueSpecification\",\"valueRequired\":true,\"valueName\":\"search_term_string\"}}],\"inLanguage\":\"tr\"},{\"@type\":\"Organization\",\"@id\":\"https:\\\/\\\/e-ciftlik.com\\\/haberler\\\/#organization\",\"name\":\"E-\u00c7\u0130FTL\u0130K HABER\",\"url\":\"https:\\\/\\\/e-ciftlik.com\\\/haberler\\\/\",\"logo\":{\"@type\":\"ImageObject\",\"inLanguage\":\"tr\",\"@id\":\"https:\\\/\\\/e-ciftlik.com\\\/haberler\\\/#\\\/schema\\\/logo\\\/image\\\/\",\"url\":\"https:\\\/\\\/e-ciftlik.com\\\/haberler\\\/wp-content\\\/uploads\\\/2024\\\/06\\\/cropped-cropped-favicon-1-2.png\",\"contentUrl\":\"https:\\\/\\\/e-ciftlik.com\\\/haberler\\\/wp-content\\\/uploads\\\/2024\\\/06\\\/cropped-cropped-favicon-1-2.png\",\"width\":512,\"height\":512,\"caption\":\"E-\u00c7\u0130FTL\u0130K HABER\"},\"image\":{\"@id\":\"https:\\\/\\\/e-ciftlik.com\\\/haberler\\\/#\\\/schema\\\/logo\\\/image\\\/\"},\"sameAs\":[\"https:\\\/\\\/www.facebook.com\\\/eciftlikturkiye\",\"https:\\\/\\\/x.com\\\/eciftlikresmi\",\"https:\\\/\\\/www.instagram.com\\\/eciftlikresmi\\\/\"]},{\"@type\":\"Person\",\"@id\":\"https:\\\/\\\/e-ciftlik.com\\\/haberler\\\/#\\\/schema\\\/person\\\/d2f4fee3143d7f72be82cb887d51b00a\",\"name\":\"Haber Merkezi\",\"image\":{\"@type\":\"ImageObject\",\"inLanguage\":\"tr\",\"@id\":\"https:\\\/\\\/secure.gravatar.com\\\/avatar\\\/6c27d641914e66c1d0452c92716002398782818991d86db1c2cccb531e7c7c82?s=96&d=mm&r=g\",\"url\":\"https:\\\/\\\/secure.gravatar.com\\\/avatar\\\/6c27d641914e66c1d0452c92716002398782818991d86db1c2cccb531e7c7c82?s=96&d=mm&r=g\",\"contentUrl\":\"https:\\\/\\\/secure.gravatar.com\\\/avatar\\\/6c27d641914e66c1d0452c92716002398782818991d86db1c2cccb531e7c7c82?s=96&d=mm&r=g\",\"caption\":\"Haber Merkezi\"},\"sameAs\":[\"http:\\\/\\\/e-ciftlik.com\\\/haberler\"]}]}<\/script>\n<!-- \/ Yoast SEO Premium plugin. -->","yoast_head_json":{"title":"Fenerbah\u00e7e'den Mourinho'nun eski \u00f6\u011frencisi i\u00e7in takas bombas\u0131! - E-&Ccedil;\u0130FTL\u0130K HABER","description":"Fenerbah\u00e7e, Trendyol S\u00fcper Lig'in 29. haftas\u0131nda Bodrum deplasman\u0131na \u00e7\u0131kacak. Milli ara d\u00f6neminde haz\u0131rl\u0131klar\u0131n\u0131 s\u00fcrd\u00fcren tak\u0131mda, teknik direkt\u00f6r Jose","robots":{"index":"index","follow":"follow","max-snippet":"max-snippet:-1","max-image-preview":"max-image-preview:large","max-video-preview":"max-video-preview:-1"},"canonical":"https:\/\/e-ciftlik.com\/haberler\/spor\/fenerbahceden-mourinhonun-eski-ogrencisi-icin-takas-bombasi\/","og_locale":"tr_TR","og_type":"article","og_title":"Fenerbah\u00e7e'den Mourinho'nun eski \u00f6\u011frencisi i\u00e7in takas bombas\u0131!","og_description":"Fenerbah\u00e7e, Trendyol S\u00fcper Lig'in 29. haftas\u0131nda Bodrum deplasman\u0131na \u00e7\u0131kacak. Milli ara d\u00f6neminde haz\u0131rl\u0131klar\u0131n\u0131 s\u00fcrd\u00fcren tak\u0131mda, teknik direkt\u00f6r Jose","og_url":"https:\/\/e-ciftlik.com\/haberler\/spor\/fenerbahceden-mourinhonun-eski-ogrencisi-icin-takas-bombasi\/","og_site_name":"E-&Ccedil;\u0130FTL\u0130K HABER","article_publisher":"https:\/\/www.facebook.com\/eciftlikturkiye","article_published_time":"2025-03-21T04:15:58+00:00","og_image":[{"width":1080,"height":613,"url":"https:\/\/e-ciftlik.com\/haberler\/wp-content\/uploads\/2025\/03\/7Iz9a4ITmkqBZ0_VJHflYQ.jpg","type":"image\/jpeg"}],"author":"Haber Merkezi","twitter_card":"summary_large_image","twitter_creator":"@eciftlikresmi","twitter_site":"@eciftlikresmi","twitter_misc":{"Yazan:":"Haber Merkezi","Tahmini okuma s\u00fcresi":"1 dakika"},"schema":{"@context":"https:\/\/schema.org","@graph":[{"@type":"NewsArticle","@id":"https:\/\/e-ciftlik.com\/haberler\/spor\/fenerbahceden-mourinhonun-eski-ogrencisi-icin-takas-bombasi\/#article","isPartOf":{"@id":"https:\/\/e-ciftlik.com\/haberler\/spor\/fenerbahceden-mourinhonun-eski-ogrencisi-icin-takas-bombasi\/"},"author":{"name":"Haber Merkezi","@id":"https:\/\/e-ciftlik.com\/haberler\/#\/schema\/person\/d2f4fee3143d7f72be82cb887d51b00a"},"headline":"Fenerbah\u00e7e&#8217;den Mourinho&#8217;nun eski \u00f6\u011frencisi i\u00e7in takas bombas\u0131!","datePublished":"2025-03-21T04:15:58+00:00","mainEntityOfPage":{"@id":"https:\/\/e-ciftlik.com\/haberler\/spor\/fenerbahceden-mourinhonun-eski-ogrencisi-icin-takas-bombasi\/"},"wordCount":232,"commentCount":0,"publisher":{"@id":"https:\/\/e-ciftlik.com\/haberler\/#organization"},"image":{"@id":"https:\/\/e-ciftlik.com\/haberler\/spor\/fenerbahceden-mourinhonun-eski-ogrencisi-icin-takas-bombasi\/#primaryimage"},"thumbnailUrl":"https:\/\/e-ciftlik.com\/haberler\/wp-content\/uploads\/2025\/03\/7Iz9a4ITmkqBZ0_VJHflYQ.jpg","articleSection":["Spor"],"inLanguage":"tr","potentialAction":[{"@type":"CommentAction","name":"Comment","target":["https:\/\/e-ciftlik.com\/haberler\/spor\/fenerbahceden-mourinhonun-eski-ogrencisi-icin-takas-bombasi\/#respond"]}]},{"@type":"WebPage","@id":"https:\/\/e-ciftlik.com\/haberler\/spor\/fenerbahceden-mourinhonun-eski-ogrencisi-icin-takas-bombasi\/","url":"https:\/\/e-ciftlik.com\/haberler\/spor\/fenerbahceden-mourinhonun-eski-ogrencisi-icin-takas-bombasi\/","name":"Fenerbah\u00e7e'den Mourinho'nun eski \u00f6\u011frencisi i\u00e7in takas bombas\u0131! - E-&Ccedil;\u0130FTL\u0130K HABER","isPartOf":{"@id":"https:\/\/e-ciftlik.com\/haberler\/#website"},"primaryImageOfPage":{"@id":"https:\/\/e-ciftlik.com\/haberler\/spor\/fenerbahceden-mourinhonun-eski-ogrencisi-icin-takas-bombasi\/#primaryimage"},"image":{"@id":"https:\/\/e-ciftlik.com\/haberler\/spor\/fenerbahceden-mourinhonun-eski-ogrencisi-icin-takas-bombasi\/#primaryimage"},"thumbnailUrl":"https:\/\/e-ciftlik.com\/haberler\/wp-content\/uploads\/2025\/03\/7Iz9a4ITmkqBZ0_VJHflYQ.jpg","datePublished":"2025-03-21T04:15:58+00:00","description":"Fenerbah\u00e7e, Trendyol S\u00fcper Lig'in 29. haftas\u0131nda Bodrum deplasman\u0131na \u00e7\u0131kacak. Milli ara d\u00f6neminde haz\u0131rl\u0131klar\u0131n\u0131 s\u00fcrd\u00fcren tak\u0131mda, teknik direkt\u00f6r Jose","breadcrumb":{"@id":"https:\/\/e-ciftlik.com\/haberler\/spor\/fenerbahceden-mourinhonun-eski-ogrencisi-icin-takas-bombasi\/#breadcrumb"},"inLanguage":"tr","potentialAction":[{"@type":"ReadAction","target":["https:\/\/e-ciftlik.com\/haberler\/spor\/fenerbahceden-mourinhonun-eski-ogrencisi-icin-takas-bombasi\/"]}]},{"@type":"ImageObject","inLanguage":"tr","@id":"https:\/\/e-ciftlik.com\/haberler\/spor\/fenerbahceden-mourinhonun-eski-ogrencisi-icin-takas-bombasi\/#primaryimage","url":"https:\/\/e-ciftlik.com\/haberler\/wp-content\/uploads\/2025\/03\/7Iz9a4ITmkqBZ0_VJHflYQ.jpg","contentUrl":"https:\/\/e-ciftlik.com\/haberler\/wp-content\/uploads\/2025\/03\/7Iz9a4ITmkqBZ0_VJHflYQ.jpg","width":1080,"height":613},{"@type":"BreadcrumbList","@id":"https:\/\/e-ciftlik.com\/haberler\/spor\/fenerbahceden-mourinhonun-eski-ogrencisi-icin-takas-bombasi\/#breadcrumb","itemListElement":[{"@type":"ListItem","position":1,"name":"Anasayfa","item":"https:\/\/e-ciftlik.com\/haberler\/"},{"@type":"ListItem","position":2,"name":"Fenerbah\u00e7e&#8217;den Mourinho&#8217;nun eski \u00f6\u011frencisi i\u00e7in takas bombas\u0131!"}]},{"@type":"WebSite","@id":"https:\/\/e-ciftlik.com\/haberler\/#website","url":"https:\/\/e-ciftlik.com\/haberler\/","name":"E-\u00c7iftlik Haber | G\u00fcncel, Son Dakika Haberler, En Son Haber","description":"","publisher":{"@id":"https:\/\/e-ciftlik.com\/haberler\/#organization"},"potentialAction":[{"@type":"SearchAction","target":{"@type":"EntryPoint","urlTemplate":"https:\/\/e-ciftlik.com\/haberler\/?s={search_term_string}"},"query-input":{"@type":"PropertyValueSpecification","valueRequired":true,"valueName":"search_term_string"}}],"inLanguage":"tr"},{"@type":"Organization","@id":"https:\/\/e-ciftlik.com\/haberler\/#organization","name":"E-\u00c7\u0130FTL\u0130K HABER","url":"https:\/\/e-ciftlik.com\/haberler\/","logo":{"@type":"ImageObject","inLanguage":"tr","@id":"https:\/\/e-ciftlik.com\/haberler\/#\/schema\/logo\/image\/","url":"https:\/\/e-ciftlik.com\/haberler\/wp-content\/uploads\/2024\/06\/cropped-cropped-favicon-1-2.png","contentUrl":"https:\/\/e-ciftlik.com\/haberler\/wp-content\/uploads\/2024\/06\/cropped-cropped-favicon-1-2.png","width":512,"height":512,"caption":"E-\u00c7\u0130FTL\u0130K HABER"},"image":{"@id":"https:\/\/e-ciftlik.com\/haberler\/#\/schema\/logo\/image\/"},"sameAs":["https:\/\/www.facebook.com\/eciftlikturkiye","https:\/\/x.com\/eciftlikresmi","https:\/\/www.instagram.com\/eciftlikresmi\/"]},{"@type":"Person","@id":"https:\/\/e-ciftlik.com\/haberler\/#\/schema\/person\/d2f4fee3143d7f72be82cb887d51b00a","name":"Haber Merkezi","image":{"@type":"ImageObject","inLanguage":"tr","@id":"https:\/\/secure.gravatar.com\/avatar\/6c27d641914e66c1d0452c92716002398782818991d86db1c2cccb531e7c7c82?s=96&d=mm&r=g","url":"https:\/\/secure.gravatar.com\/avatar\/6c27d641914e66c1d0452c92716002398782818991d86db1c2cccb531e7c7c82?s=96&d=mm&r=g","contentUrl":"https:\/\/secure.gravatar.com\/avatar\/6c27d641914e66c1d0452c92716002398782818991d86db1c2cccb531e7c7c82?s=96&d=mm&r=g","caption":"Haber Merkezi"},"sameAs":["http:\/\/e-ciftlik.com\/haberler"]}]}},"_links":{"self":[{"href":"https:\/\/e-ciftlik.com\/haberler\/wp-json\/wp\/v2\/posts\/89158","targetHints":{"allow":["GET"]}}],"collection":[{"href":"https:\/\/e-ciftlik.com\/haberler\/wp-json\/wp\/v2\/posts"}],"about":[{"href":"https:\/\/e-ciftlik.com\/haberler\/wp-json\/wp\/v2\/types\/post"}],"author":[{"embeddable":true,"href":"https:\/\/e-ciftlik.com\/haberler\/wp-json\/wp\/v2\/users\/1"}],"replies":[{"embeddable":true,"href":"https:\/\/e-ciftlik.com\/haberler\/wp-json\/wp\/v2\/comments?post=89158"}],"version-history":[{"count":0,"href":"https:\/\/e-ciftlik.com\/haberler\/wp-json\/wp\/v2\/posts\/89158\/revisions"}],"wp:featuredmedia":[{"embeddable":true,"href":"https:\/\/e-ciftlik.com\/haberler\/wp-json\/wp\/v2\/media\/89159"}],"wp:attachment":[{"href":"https:\/\/e-ciftlik.com\/haberler\/wp-json\/wp\/v2\/media?parent=89158"}],"wp:term":[{"taxonomy":"category","embeddable":true,"href":"https:\/\/e-ciftlik.com\/haberler\/wp-json\/wp\/v2\/categories?post=89158"},{"taxonomy":"post_tag","embeddable":true,"href":"https:\/\/e-ciftlik.com\/haberler\/wp-json\/wp\/v2\/tags?post=89158"}],"curies":[{"name":"wp","href":"https:\/\/api.w.org\/{rel}","templated":true}]}}