{"id":89160,"date":"2025-03-21T04:31:24","date_gmt":"2025-03-21T04:31:24","guid":{"rendered":"https:\/\/e-ciftlik.com\/haberler\/gundem\/imamoglu-ile-nuhoglu-arasindaki-rusvet-carki-ortaya-cikti\/"},"modified":"2025-03-21T04:31:24","modified_gmt":"2025-03-21T04:31:24","slug":"imamoglu-ile-nuhoglu-arasindaki-rusvet-carki-ortaya-cikti","status":"publish","type":"post","link":"https:\/\/e-ciftlik.com\/haberler\/gundem\/imamoglu-ile-nuhoglu-arasindaki-rusvet-carki-ortaya-cikti\/","title":{"rendered":"\u0130mamo\u011flu ile Nuho\u011flu Aras\u0131ndaki R\u00fc\u015fvet \u00c7ark\u0131 Ortaya \u00c7\u0131kt\u0131!"},"content":{"rendered":"<p>\u0130stanbul B\u00fcy\u00fck\u015fehir Belediye Ba\u015fkan\u0131 Ekrem \u0130mamo\u011flu&#8217;nun akrabas\u0131 olan \u0130mamo\u011flu \u0130n\u015faat Genel M\u00fcd\u00fcr\u00fc Tuncay Y\u0131lmaz, kay\u0131t d\u0131\u015f\u0131 para soru\u015fturmas\u0131 kapsam\u0131nda sorgulanm\u0131\u015ft\u0131r. Y\u0131lmaz, ayn\u0131 zamanda \u0130mamo\u011flu&#8217;nun teyzesinin o\u011fludur. Ekrem \u0130mamo\u011flu, 2019 y\u0131l\u0131nda mal varl\u0131\u011f\u0131 beyan\u0131nda \u015firketlerine yer vermi\u015f ancak 2024 y\u0131l\u0131nda bu beyan\u0131nda halen sahibi oldu\u011fu G\u00fcll\u00fcce Tar\u0131m A.\u015e. ve milyarlarca liral\u0131k villalar\u0131 belirtmemi\u015ftir. 2024 y\u0131l\u0131ndaki beyan\u0131nda ana \u015firket, paravan \u015firket ve milyarlarca TL&#8217;lik varl\u0131klar yer almam\u0131\u015ft\u0131r.<\/p>\n<p>Yakla\u015f\u0131k 1,5 milyar TL de\u011ferinde olan 3 villa, t\u00fczel ki\u015filik olan \u015firketler \u00fczerine kaydedilerek kamuoyundan gizlenmi\u015ftir. \u0130\u015f adam\u0131 Ali Nuho\u011flu&#8217;nun \u0130mamo\u011flu&#8217;na verdi\u011fi villa hediyesi sonras\u0131nda, \u0130SK\u0130&#8217;den 212 milyonluk ihale ald\u0131\u011f\u0131 ortaya \u00e7\u0131km\u0131\u015ft\u0131r.<\/p>\n","protected":false},"excerpt":{"rendered":"<p>\u0130stanbul B\u00fcy\u00fck\u015fehir Belediye Ba\u015fkan\u0131 Ekrem \u0130mamo\u011flu&#8217;nun akrabas\u0131 olan \u0130mamo\u011flu \u0130n\u015faat Genel M\u00fcd\u00fcr\u00fc Tuncay Y\u0131lmaz, kay\u0131t&hellip;<\/p>\n","protected":false},"author":1,"featured_media":89161,"comment_status":"open","ping_status":"open","sticky":false,"template":"","format":"standard","meta":{"footnotes":""},"categories":[10],"tags":[],"class_list":["post-89160","post","type-post","status-publish","format-standard","has-post-thumbnail","hentry","category-gundem"],"yoast_head":"<!-- This site is optimized with the Yoast SEO Premium plugin v24.3 (Yoast SEO v27.4) - https:\/\/yoast.com\/product\/yoast-seo-premium-wordpress\/ -->\n<title>\u0130mamo\u011flu ile Nuho\u011flu Aras\u0131ndaki R\u00fc\u015fvet \u00c7ark\u0131 Ortaya \u00c7\u0131kt\u0131! - E-&Ccedil;\u0130FTL\u0130K HABER<\/title>\n<meta name=\"description\" content=\"\u0130stanbul B\u00fcy\u00fck\u015fehir Belediye Ba\u015fkan\u0131 Ekrem \u0130mamo\u011flu&#039;nun akrabas\u0131 olan \u0130mamo\u011flu \u0130n\u015faat Genel M\u00fcd\u00fcr\u00fc Tuncay Y\u0131lmaz, kay\u0131t d\u0131\u015f\u0131 para soru\u015fturmas\u0131 kapsam\u0131nda\" \/>\n<meta name=\"robots\" content=\"index, follow, max-snippet:-1, max-image-preview:large, max-video-preview:-1\" \/>\n<link rel=\"canonical\" href=\"https:\/\/e-ciftlik.com\/haberler\/gundem\/imamoglu-ile-nuhoglu-arasindaki-rusvet-carki-ortaya-cikti\/\" \/>\n<meta property=\"og:locale\" content=\"tr_TR\" \/>\n<meta property=\"og:type\" content=\"article\" \/>\n<meta property=\"og:title\" content=\"\u0130mamo\u011flu ile Nuho\u011flu Aras\u0131ndaki R\u00fc\u015fvet \u00c7ark\u0131 Ortaya \u00c7\u0131kt\u0131!\" \/>\n<meta property=\"og:description\" content=\"\u0130stanbul B\u00fcy\u00fck\u015fehir Belediye Ba\u015fkan\u0131 Ekrem \u0130mamo\u011flu&#039;nun akrabas\u0131 olan \u0130mamo\u011flu \u0130n\u015faat Genel M\u00fcd\u00fcr\u00fc Tuncay Y\u0131lmaz, kay\u0131t d\u0131\u015f\u0131 para soru\u015fturmas\u0131 kapsam\u0131nda\" \/>\n<meta property=\"og:url\" content=\"https:\/\/e-ciftlik.com\/haberler\/gundem\/imamoglu-ile-nuhoglu-arasindaki-rusvet-carki-ortaya-cikti\/\" \/>\n<meta property=\"og:site_name\" content=\"E-&Ccedil;\u0130FTL\u0130K HABER\" \/>\n<meta property=\"article:publisher\" content=\"https:\/\/www.facebook.com\/eciftlikturkiye\" \/>\n<meta property=\"article:published_time\" content=\"2025-03-21T04:31:24+00:00\" \/>\n<meta property=\"og:image\" content=\"https:\/\/e-ciftlik.com\/haberler\/wp-content\/uploads\/2025\/03\/1742528671016.jpeg\" \/>\n\t<meta property=\"og:image:width\" content=\"1200\" \/>\n\t<meta property=\"og:image:height\" content=\"675\" \/>\n\t<meta property=\"og:image:type\" content=\"image\/jpeg\" \/>\n<meta name=\"author\" content=\"Haber Merkezi\" \/>\n<meta name=\"twitter:card\" content=\"summary_large_image\" \/>\n<meta name=\"twitter:creator\" content=\"@eciftlikresmi\" \/>\n<meta name=\"twitter:site\" content=\"@eciftlikresmi\" \/>\n<meta name=\"twitter:label1\" content=\"Yazan:\" \/>\n\t<meta name=\"twitter:data1\" content=\"Haber Merkezi\" \/>\n\t<meta name=\"twitter:label2\" content=\"Tahmini okuma s\u00fcresi\" \/>\n\t<meta name=\"twitter:data2\" content=\"1 dakika\" \/>\n<script type=\"application\/ld+json\" class=\"yoast-schema-graph\">{\"@context\":\"https:\\\/\\\/schema.org\",\"@graph\":[{\"@type\":\"NewsArticle\",\"@id\":\"https:\\\/\\\/e-ciftlik.com\\\/haberler\\\/gundem\\\/imamoglu-ile-nuhoglu-arasindaki-rusvet-carki-ortaya-cikti\\\/#article\",\"isPartOf\":{\"@id\":\"https:\\\/\\\/e-ciftlik.com\\\/haberler\\\/gundem\\\/imamoglu-ile-nuhoglu-arasindaki-rusvet-carki-ortaya-cikti\\\/\"},\"author\":{\"name\":\"Haber Merkezi\",\"@id\":\"https:\\\/\\\/e-ciftlik.com\\\/haberler\\\/#\\\/schema\\\/person\\\/d2f4fee3143d7f72be82cb887d51b00a\"},\"headline\":\"\u0130mamo\u011flu ile Nuho\u011flu Aras\u0131ndaki R\u00fc\u015fvet \u00c7ark\u0131 Ortaya \u00c7\u0131kt\u0131!\",\"datePublished\":\"2025-03-21T04:31:24+00:00\",\"mainEntityOfPage\":{\"@id\":\"https:\\\/\\\/e-ciftlik.com\\\/haberler\\\/gundem\\\/imamoglu-ile-nuhoglu-arasindaki-rusvet-carki-ortaya-cikti\\\/\"},\"wordCount\":156,\"commentCount\":0,\"publisher\":{\"@id\":\"https:\\\/\\\/e-ciftlik.com\\\/haberler\\\/#organization\"},\"image\":{\"@id\":\"https:\\\/\\\/e-ciftlik.com\\\/haberler\\\/gundem\\\/imamoglu-ile-nuhoglu-arasindaki-rusvet-carki-ortaya-cikti\\\/#primaryimage\"},\"thumbnailUrl\":\"https:\\\/\\\/e-ciftlik.com\\\/haberler\\\/wp-content\\\/uploads\\\/2025\\\/03\\\/1742528671016.jpeg\",\"articleSection\":[\"G\u00fcndem\"],\"inLanguage\":\"tr\",\"potentialAction\":[{\"@type\":\"CommentAction\",\"name\":\"Comment\",\"target\":[\"https:\\\/\\\/e-ciftlik.com\\\/haberler\\\/gundem\\\/imamoglu-ile-nuhoglu-arasindaki-rusvet-carki-ortaya-cikti\\\/#respond\"]}]},{\"@type\":\"WebPage\",\"@id\":\"https:\\\/\\\/e-ciftlik.com\\\/haberler\\\/gundem\\\/imamoglu-ile-nuhoglu-arasindaki-rusvet-carki-ortaya-cikti\\\/\",\"url\":\"https:\\\/\\\/e-ciftlik.com\\\/haberler\\\/gundem\\\/imamoglu-ile-nuhoglu-arasindaki-rusvet-carki-ortaya-cikti\\\/\",\"name\":\"\u0130mamo\u011flu ile Nuho\u011flu Aras\u0131ndaki R\u00fc\u015fvet \u00c7ark\u0131 Ortaya \u00c7\u0131kt\u0131! - E-&Ccedil;\u0130FTL\u0130K HABER\",\"isPartOf\":{\"@id\":\"https:\\\/\\\/e-ciftlik.com\\\/haberler\\\/#website\"},\"primaryImageOfPage\":{\"@id\":\"https:\\\/\\\/e-ciftlik.com\\\/haberler\\\/gundem\\\/imamoglu-ile-nuhoglu-arasindaki-rusvet-carki-ortaya-cikti\\\/#primaryimage\"},\"image\":{\"@id\":\"https:\\\/\\\/e-ciftlik.com\\\/haberler\\\/gundem\\\/imamoglu-ile-nuhoglu-arasindaki-rusvet-carki-ortaya-cikti\\\/#primaryimage\"},\"thumbnailUrl\":\"https:\\\/\\\/e-ciftlik.com\\\/haberler\\\/wp-content\\\/uploads\\\/2025\\\/03\\\/1742528671016.jpeg\",\"datePublished\":\"2025-03-21T04:31:24+00:00\",\"description\":\"\u0130stanbul B\u00fcy\u00fck\u015fehir Belediye Ba\u015fkan\u0131 Ekrem \u0130mamo\u011flu'nun akrabas\u0131 olan \u0130mamo\u011flu \u0130n\u015faat Genel M\u00fcd\u00fcr\u00fc Tuncay Y\u0131lmaz, kay\u0131t d\u0131\u015f\u0131 para soru\u015fturmas\u0131 kapsam\u0131nda\",\"breadcrumb\":{\"@id\":\"https:\\\/\\\/e-ciftlik.com\\\/haberler\\\/gundem\\\/imamoglu-ile-nuhoglu-arasindaki-rusvet-carki-ortaya-cikti\\\/#breadcrumb\"},\"inLanguage\":\"tr\",\"potentialAction\":[{\"@type\":\"ReadAction\",\"target\":[\"https:\\\/\\\/e-ciftlik.com\\\/haberler\\\/gundem\\\/imamoglu-ile-nuhoglu-arasindaki-rusvet-carki-ortaya-cikti\\\/\"]}]},{\"@type\":\"ImageObject\",\"inLanguage\":\"tr\",\"@id\":\"https:\\\/\\\/e-ciftlik.com\\\/haberler\\\/gundem\\\/imamoglu-ile-nuhoglu-arasindaki-rusvet-carki-ortaya-cikti\\\/#primaryimage\",\"url\":\"https:\\\/\\\/e-ciftlik.com\\\/haberler\\\/wp-content\\\/uploads\\\/2025\\\/03\\\/1742528671016.jpeg\",\"contentUrl\":\"https:\\\/\\\/e-ciftlik.com\\\/haberler\\\/wp-content\\\/uploads\\\/2025\\\/03\\\/1742528671016.jpeg\",\"width\":1200,\"height\":675},{\"@type\":\"BreadcrumbList\",\"@id\":\"https:\\\/\\\/e-ciftlik.com\\\/haberler\\\/gundem\\\/imamoglu-ile-nuhoglu-arasindaki-rusvet-carki-ortaya-cikti\\\/#breadcrumb\",\"itemListElement\":[{\"@type\":\"ListItem\",\"position\":1,\"name\":\"Anasayfa\",\"item\":\"https:\\\/\\\/e-ciftlik.com\\\/haberler\\\/\"},{\"@type\":\"ListItem\",\"position\":2,\"name\":\"\u0130mamo\u011flu ile Nuho\u011flu Aras\u0131ndaki R\u00fc\u015fvet \u00c7ark\u0131 Ortaya \u00c7\u0131kt\u0131!\"}]},{\"@type\":\"WebSite\",\"@id\":\"https:\\\/\\\/e-ciftlik.com\\\/haberler\\\/#website\",\"url\":\"https:\\\/\\\/e-ciftlik.com\\\/haberler\\\/\",\"name\":\"E-\u00c7iftlik Haber | G\u00fcncel, Son Dakika Haberler, En Son Haber\",\"description\":\"\",\"publisher\":{\"@id\":\"https:\\\/\\\/e-ciftlik.com\\\/haberler\\\/#organization\"},\"potentialAction\":[{\"@type\":\"SearchAction\",\"target\":{\"@type\":\"EntryPoint\",\"urlTemplate\":\"https:\\\/\\\/e-ciftlik.com\\\/haberler\\\/?s={search_term_string}\"},\"query-input\":{\"@type\":\"PropertyValueSpecification\",\"valueRequired\":true,\"valueName\":\"search_term_string\"}}],\"inLanguage\":\"tr\"},{\"@type\":\"Organization\",\"@id\":\"https:\\\/\\\/e-ciftlik.com\\\/haberler\\\/#organization\",\"name\":\"E-\u00c7\u0130FTL\u0130K HABER\",\"url\":\"https:\\\/\\\/e-ciftlik.com\\\/haberler\\\/\",\"logo\":{\"@type\":\"ImageObject\",\"inLanguage\":\"tr\",\"@id\":\"https:\\\/\\\/e-ciftlik.com\\\/haberler\\\/#\\\/schema\\\/logo\\\/image\\\/\",\"url\":\"https:\\\/\\\/e-ciftlik.com\\\/haberler\\\/wp-content\\\/uploads\\\/2024\\\/06\\\/cropped-cropped-favicon-1-2.png\",\"contentUrl\":\"https:\\\/\\\/e-ciftlik.com\\\/haberler\\\/wp-content\\\/uploads\\\/2024\\\/06\\\/cropped-cropped-favicon-1-2.png\",\"width\":512,\"height\":512,\"caption\":\"E-\u00c7\u0130FTL\u0130K HABER\"},\"image\":{\"@id\":\"https:\\\/\\\/e-ciftlik.com\\\/haberler\\\/#\\\/schema\\\/logo\\\/image\\\/\"},\"sameAs\":[\"https:\\\/\\\/www.facebook.com\\\/eciftlikturkiye\",\"https:\\\/\\\/x.com\\\/eciftlikresmi\",\"https:\\\/\\\/www.instagram.com\\\/eciftlikresmi\\\/\"]},{\"@type\":\"Person\",\"@id\":\"https:\\\/\\\/e-ciftlik.com\\\/haberler\\\/#\\\/schema\\\/person\\\/d2f4fee3143d7f72be82cb887d51b00a\",\"name\":\"Haber Merkezi\",\"image\":{\"@type\":\"ImageObject\",\"inLanguage\":\"tr\",\"@id\":\"https:\\\/\\\/secure.gravatar.com\\\/avatar\\\/6c27d641914e66c1d0452c92716002398782818991d86db1c2cccb531e7c7c82?s=96&d=mm&r=g\",\"url\":\"https:\\\/\\\/secure.gravatar.com\\\/avatar\\\/6c27d641914e66c1d0452c92716002398782818991d86db1c2cccb531e7c7c82?s=96&d=mm&r=g\",\"contentUrl\":\"https:\\\/\\\/secure.gravatar.com\\\/avatar\\\/6c27d641914e66c1d0452c92716002398782818991d86db1c2cccb531e7c7c82?s=96&d=mm&r=g\",\"caption\":\"Haber Merkezi\"},\"sameAs\":[\"http:\\\/\\\/e-ciftlik.com\\\/haberler\"]}]}<\/script>\n<!-- \/ Yoast SEO Premium plugin. -->","yoast_head_json":{"title":"\u0130mamo\u011flu ile Nuho\u011flu Aras\u0131ndaki R\u00fc\u015fvet \u00c7ark\u0131 Ortaya \u00c7\u0131kt\u0131! - E-&Ccedil;\u0130FTL\u0130K HABER","description":"\u0130stanbul B\u00fcy\u00fck\u015fehir Belediye Ba\u015fkan\u0131 Ekrem \u0130mamo\u011flu'nun akrabas\u0131 olan \u0130mamo\u011flu \u0130n\u015faat Genel M\u00fcd\u00fcr\u00fc Tuncay Y\u0131lmaz, kay\u0131t d\u0131\u015f\u0131 para soru\u015fturmas\u0131 kapsam\u0131nda","robots":{"index":"index","follow":"follow","max-snippet":"max-snippet:-1","max-image-preview":"max-image-preview:large","max-video-preview":"max-video-preview:-1"},"canonical":"https:\/\/e-ciftlik.com\/haberler\/gundem\/imamoglu-ile-nuhoglu-arasindaki-rusvet-carki-ortaya-cikti\/","og_locale":"tr_TR","og_type":"article","og_title":"\u0130mamo\u011flu ile Nuho\u011flu Aras\u0131ndaki R\u00fc\u015fvet \u00c7ark\u0131 Ortaya \u00c7\u0131kt\u0131!","og_description":"\u0130stanbul B\u00fcy\u00fck\u015fehir Belediye Ba\u015fkan\u0131 Ekrem \u0130mamo\u011flu'nun akrabas\u0131 olan \u0130mamo\u011flu \u0130n\u015faat Genel M\u00fcd\u00fcr\u00fc Tuncay Y\u0131lmaz, kay\u0131t d\u0131\u015f\u0131 para soru\u015fturmas\u0131 kapsam\u0131nda","og_url":"https:\/\/e-ciftlik.com\/haberler\/gundem\/imamoglu-ile-nuhoglu-arasindaki-rusvet-carki-ortaya-cikti\/","og_site_name":"E-&Ccedil;\u0130FTL\u0130K HABER","article_publisher":"https:\/\/www.facebook.com\/eciftlikturkiye","article_published_time":"2025-03-21T04:31:24+00:00","og_image":[{"width":1200,"height":675,"url":"https:\/\/e-ciftlik.com\/haberler\/wp-content\/uploads\/2025\/03\/1742528671016.jpeg","type":"image\/jpeg"}],"author":"Haber Merkezi","twitter_card":"summary_large_image","twitter_creator":"@eciftlikresmi","twitter_site":"@eciftlikresmi","twitter_misc":{"Yazan:":"Haber Merkezi","Tahmini okuma s\u00fcresi":"1 dakika"},"schema":{"@context":"https:\/\/schema.org","@graph":[{"@type":"NewsArticle","@id":"https:\/\/e-ciftlik.com\/haberler\/gundem\/imamoglu-ile-nuhoglu-arasindaki-rusvet-carki-ortaya-cikti\/#article","isPartOf":{"@id":"https:\/\/e-ciftlik.com\/haberler\/gundem\/imamoglu-ile-nuhoglu-arasindaki-rusvet-carki-ortaya-cikti\/"},"author":{"name":"Haber Merkezi","@id":"https:\/\/e-ciftlik.com\/haberler\/#\/schema\/person\/d2f4fee3143d7f72be82cb887d51b00a"},"headline":"\u0130mamo\u011flu ile Nuho\u011flu Aras\u0131ndaki R\u00fc\u015fvet \u00c7ark\u0131 Ortaya \u00c7\u0131kt\u0131!","datePublished":"2025-03-21T04:31:24+00:00","mainEntityOfPage":{"@id":"https:\/\/e-ciftlik.com\/haberler\/gundem\/imamoglu-ile-nuhoglu-arasindaki-rusvet-carki-ortaya-cikti\/"},"wordCount":156,"commentCount":0,"publisher":{"@id":"https:\/\/e-ciftlik.com\/haberler\/#organization"},"image":{"@id":"https:\/\/e-ciftlik.com\/haberler\/gundem\/imamoglu-ile-nuhoglu-arasindaki-rusvet-carki-ortaya-cikti\/#primaryimage"},"thumbnailUrl":"https:\/\/e-ciftlik.com\/haberler\/wp-content\/uploads\/2025\/03\/1742528671016.jpeg","articleSection":["G\u00fcndem"],"inLanguage":"tr","potentialAction":[{"@type":"CommentAction","name":"Comment","target":["https:\/\/e-ciftlik.com\/haberler\/gundem\/imamoglu-ile-nuhoglu-arasindaki-rusvet-carki-ortaya-cikti\/#respond"]}]},{"@type":"WebPage","@id":"https:\/\/e-ciftlik.com\/haberler\/gundem\/imamoglu-ile-nuhoglu-arasindaki-rusvet-carki-ortaya-cikti\/","url":"https:\/\/e-ciftlik.com\/haberler\/gundem\/imamoglu-ile-nuhoglu-arasindaki-rusvet-carki-ortaya-cikti\/","name":"\u0130mamo\u011flu ile Nuho\u011flu Aras\u0131ndaki R\u00fc\u015fvet \u00c7ark\u0131 Ortaya \u00c7\u0131kt\u0131! - E-&Ccedil;\u0130FTL\u0130K HABER","isPartOf":{"@id":"https:\/\/e-ciftlik.com\/haberler\/#website"},"primaryImageOfPage":{"@id":"https:\/\/e-ciftlik.com\/haberler\/gundem\/imamoglu-ile-nuhoglu-arasindaki-rusvet-carki-ortaya-cikti\/#primaryimage"},"image":{"@id":"https:\/\/e-ciftlik.com\/haberler\/gundem\/imamoglu-ile-nuhoglu-arasindaki-rusvet-carki-ortaya-cikti\/#primaryimage"},"thumbnailUrl":"https:\/\/e-ciftlik.com\/haberler\/wp-content\/uploads\/2025\/03\/1742528671016.jpeg","datePublished":"2025-03-21T04:31:24+00:00","description":"\u0130stanbul B\u00fcy\u00fck\u015fehir Belediye Ba\u015fkan\u0131 Ekrem \u0130mamo\u011flu'nun akrabas\u0131 olan \u0130mamo\u011flu \u0130n\u015faat Genel M\u00fcd\u00fcr\u00fc Tuncay Y\u0131lmaz, kay\u0131t d\u0131\u015f\u0131 para soru\u015fturmas\u0131 kapsam\u0131nda","breadcrumb":{"@id":"https:\/\/e-ciftlik.com\/haberler\/gundem\/imamoglu-ile-nuhoglu-arasindaki-rusvet-carki-ortaya-cikti\/#breadcrumb"},"inLanguage":"tr","potentialAction":[{"@type":"ReadAction","target":["https:\/\/e-ciftlik.com\/haberler\/gundem\/imamoglu-ile-nuhoglu-arasindaki-rusvet-carki-ortaya-cikti\/"]}]},{"@type":"ImageObject","inLanguage":"tr","@id":"https:\/\/e-ciftlik.com\/haberler\/gundem\/imamoglu-ile-nuhoglu-arasindaki-rusvet-carki-ortaya-cikti\/#primaryimage","url":"https:\/\/e-ciftlik.com\/haberler\/wp-content\/uploads\/2025\/03\/1742528671016.jpeg","contentUrl":"https:\/\/e-ciftlik.com\/haberler\/wp-content\/uploads\/2025\/03\/1742528671016.jpeg","width":1200,"height":675},{"@type":"BreadcrumbList","@id":"https:\/\/e-ciftlik.com\/haberler\/gundem\/imamoglu-ile-nuhoglu-arasindaki-rusvet-carki-ortaya-cikti\/#breadcrumb","itemListElement":[{"@type":"ListItem","position":1,"name":"Anasayfa","item":"https:\/\/e-ciftlik.com\/haberler\/"},{"@type":"ListItem","position":2,"name":"\u0130mamo\u011flu ile Nuho\u011flu Aras\u0131ndaki R\u00fc\u015fvet \u00c7ark\u0131 Ortaya \u00c7\u0131kt\u0131!"}]},{"@type":"WebSite","@id":"https:\/\/e-ciftlik.com\/haberler\/#website","url":"https:\/\/e-ciftlik.com\/haberler\/","name":"E-\u00c7iftlik Haber | G\u00fcncel, Son Dakika Haberler, En Son Haber","description":"","publisher":{"@id":"https:\/\/e-ciftlik.com\/haberler\/#organization"},"potentialAction":[{"@type":"SearchAction","target":{"@type":"EntryPoint","urlTemplate":"https:\/\/e-ciftlik.com\/haberler\/?s={search_term_string}"},"query-input":{"@type":"PropertyValueSpecification","valueRequired":true,"valueName":"search_term_string"}}],"inLanguage":"tr"},{"@type":"Organization","@id":"https:\/\/e-ciftlik.com\/haberler\/#organization","name":"E-\u00c7\u0130FTL\u0130K HABER","url":"https:\/\/e-ciftlik.com\/haberler\/","logo":{"@type":"ImageObject","inLanguage":"tr","@id":"https:\/\/e-ciftlik.com\/haberler\/#\/schema\/logo\/image\/","url":"https:\/\/e-ciftlik.com\/haberler\/wp-content\/uploads\/2024\/06\/cropped-cropped-favicon-1-2.png","contentUrl":"https:\/\/e-ciftlik.com\/haberler\/wp-content\/uploads\/2024\/06\/cropped-cropped-favicon-1-2.png","width":512,"height":512,"caption":"E-\u00c7\u0130FTL\u0130K HABER"},"image":{"@id":"https:\/\/e-ciftlik.com\/haberler\/#\/schema\/logo\/image\/"},"sameAs":["https:\/\/www.facebook.com\/eciftlikturkiye","https:\/\/x.com\/eciftlikresmi","https:\/\/www.instagram.com\/eciftlikresmi\/"]},{"@type":"Person","@id":"https:\/\/e-ciftlik.com\/haberler\/#\/schema\/person\/d2f4fee3143d7f72be82cb887d51b00a","name":"Haber Merkezi","image":{"@type":"ImageObject","inLanguage":"tr","@id":"https:\/\/secure.gravatar.com\/avatar\/6c27d641914e66c1d0452c92716002398782818991d86db1c2cccb531e7c7c82?s=96&d=mm&r=g","url":"https:\/\/secure.gravatar.com\/avatar\/6c27d641914e66c1d0452c92716002398782818991d86db1c2cccb531e7c7c82?s=96&d=mm&r=g","contentUrl":"https:\/\/secure.gravatar.com\/avatar\/6c27d641914e66c1d0452c92716002398782818991d86db1c2cccb531e7c7c82?s=96&d=mm&r=g","caption":"Haber Merkezi"},"sameAs":["http:\/\/e-ciftlik.com\/haberler"]}]}},"_links":{"self":[{"href":"https:\/\/e-ciftlik.com\/haberler\/wp-json\/wp\/v2\/posts\/89160","targetHints":{"allow":["GET"]}}],"collection":[{"href":"https:\/\/e-ciftlik.com\/haberler\/wp-json\/wp\/v2\/posts"}],"about":[{"href":"https:\/\/e-ciftlik.com\/haberler\/wp-json\/wp\/v2\/types\/post"}],"author":[{"embeddable":true,"href":"https:\/\/e-ciftlik.com\/haberler\/wp-json\/wp\/v2\/users\/1"}],"replies":[{"embeddable":true,"href":"https:\/\/e-ciftlik.com\/haberler\/wp-json\/wp\/v2\/comments?post=89160"}],"version-history":[{"count":0,"href":"https:\/\/e-ciftlik.com\/haberler\/wp-json\/wp\/v2\/posts\/89160\/revisions"}],"wp:featuredmedia":[{"embeddable":true,"href":"https:\/\/e-ciftlik.com\/haberler\/wp-json\/wp\/v2\/media\/89161"}],"wp:attachment":[{"href":"https:\/\/e-ciftlik.com\/haberler\/wp-json\/wp\/v2\/media?parent=89160"}],"wp:term":[{"taxonomy":"category","embeddable":true,"href":"https:\/\/e-ciftlik.com\/haberler\/wp-json\/wp\/v2\/categories?post=89160"},{"taxonomy":"post_tag","embeddable":true,"href":"https:\/\/e-ciftlik.com\/haberler\/wp-json\/wp\/v2\/tags?post=89160"}],"curies":[{"name":"wp","href":"https:\/\/api.w.org\/{rel}","templated":true}]}}