{"id":89164,"date":"2025-03-21T04:48:42","date_gmt":"2025-03-21T04:48:42","guid":{"rendered":"https:\/\/e-ciftlik.com\/haberler\/gundem\/ibb-tarafindan-alinan-proje-ulastirma-bakanligina-devredildi\/"},"modified":"2025-03-21T04:48:42","modified_gmt":"2025-03-21T04:48:42","slug":"ibb-tarafindan-alinan-proje-ulastirma-bakanligina-devredildi","status":"publish","type":"post","link":"https:\/\/e-ciftlik.com\/haberler\/gundem\/ibb-tarafindan-alinan-proje-ulastirma-bakanligina-devredildi\/","title":{"rendered":"\u0130BB taraf\u0131ndan al\u0131nan proje Ula\u015ft\u0131rma Bakanl\u0131\u011f\u0131&#8217;na devredildi!"},"content":{"rendered":"<p>\u0130stanbul B\u00fcy\u00fck\u015fehir Belediyesi taraf\u0131ndan y\u00fcr\u00fct\u00fclen Kaz\u0131m Karabekir-Topa\u011fac\u0131-\u00dcmraniye Spor K\u00f6y\u00fc Rayl\u0131 Sistem Hatt\u0131 projesi, art\u0131k Ula\u015ft\u0131rma Bakanl\u0131\u011f\u0131 taraf\u0131ndan \u00fcstlenilecek. Resmi Gazete&#8217;de yay\u0131mlanan karar ile bu de\u011fi\u015fiklik yap\u0131ld\u0131. Karara g\u00f6re, ilgili kararnamenin 3. maddesinin (a) bendinin (7) alt bendi olarak g\u00fcncellendi ve 20 Mart 2025 tarihinde y\u00fcr\u00fcrl\u00fc\u011fe girdi. Bu kararla birlikte proje Ula\u015ft\u0131rma Bakanl\u0131\u011f\u0131&#8217;n\u0131n sorumlulu\u011funa ge\u00e7mi\u015f oldu.<\/p>\n","protected":false},"excerpt":{"rendered":"<p>\u0130stanbul B\u00fcy\u00fck\u015fehir Belediyesi taraf\u0131ndan y\u00fcr\u00fct\u00fclen Kaz\u0131m Karabekir-Topa\u011fac\u0131-\u00dcmraniye Spor K\u00f6y\u00fc Rayl\u0131 Sistem Hatt\u0131 projesi, art\u0131k Ula\u015ft\u0131rma&hellip;<\/p>\n","protected":false},"author":1,"featured_media":89165,"comment_status":"open","ping_status":"open","sticky":false,"template":"","format":"standard","meta":{"footnotes":""},"categories":[10],"tags":[],"class_list":["post-89164","post","type-post","status-publish","format-standard","has-post-thumbnail","hentry","category-gundem"],"yoast_head":"<!-- This site is optimized with the Yoast SEO Premium plugin v24.3 (Yoast SEO v27.4) - https:\/\/yoast.com\/product\/yoast-seo-premium-wordpress\/ -->\n<title>\u0130BB taraf\u0131ndan al\u0131nan proje Ula\u015ft\u0131rma Bakanl\u0131\u011f\u0131&#039;na devredildi! - E-&Ccedil;\u0130FTL\u0130K HABER<\/title>\n<meta name=\"description\" content=\"\u0130stanbul B\u00fcy\u00fck\u015fehir Belediyesi taraf\u0131ndan y\u00fcr\u00fct\u00fclen Kaz\u0131m Karabekir-Topa\u011fac\u0131-\u00dcmraniye Spor K\u00f6y\u00fc Rayl\u0131 Sistem Hatt\u0131 projesi, art\u0131k Ula\u015ft\u0131rma Bakanl\u0131\u011f\u0131\" \/>\n<meta name=\"robots\" content=\"index, follow, max-snippet:-1, max-image-preview:large, max-video-preview:-1\" \/>\n<link rel=\"canonical\" href=\"https:\/\/e-ciftlik.com\/haberler\/gundem\/ibb-tarafindan-alinan-proje-ulastirma-bakanligina-devredildi\/\" \/>\n<meta property=\"og:locale\" content=\"tr_TR\" \/>\n<meta property=\"og:type\" content=\"article\" \/>\n<meta property=\"og:title\" content=\"\u0130BB taraf\u0131ndan al\u0131nan proje Ula\u015ft\u0131rma Bakanl\u0131\u011f\u0131&#039;na devredildi!\" \/>\n<meta property=\"og:description\" content=\"\u0130stanbul B\u00fcy\u00fck\u015fehir Belediyesi taraf\u0131ndan y\u00fcr\u00fct\u00fclen Kaz\u0131m Karabekir-Topa\u011fac\u0131-\u00dcmraniye Spor K\u00f6y\u00fc Rayl\u0131 Sistem Hatt\u0131 projesi, art\u0131k Ula\u015ft\u0131rma Bakanl\u0131\u011f\u0131\" \/>\n<meta property=\"og:url\" content=\"https:\/\/e-ciftlik.com\/haberler\/gundem\/ibb-tarafindan-alinan-proje-ulastirma-bakanligina-devredildi\/\" \/>\n<meta property=\"og:site_name\" content=\"E-&Ccedil;\u0130FTL\u0130K HABER\" \/>\n<meta property=\"article:publisher\" content=\"https:\/\/www.facebook.com\/eciftlikturkiye\" \/>\n<meta property=\"article:published_time\" content=\"2025-03-21T04:48:42+00:00\" \/>\n<meta property=\"og:image\" content=\"https:\/\/e-ciftlik.com\/haberler\/wp-content\/uploads\/2025\/03\/1742531249543.jpeg\" \/>\n\t<meta property=\"og:image:width\" content=\"1200\" \/>\n\t<meta property=\"og:image:height\" content=\"675\" \/>\n\t<meta property=\"og:image:type\" content=\"image\/jpeg\" \/>\n<meta name=\"author\" content=\"Haber Merkezi\" \/>\n<meta name=\"twitter:card\" content=\"summary_large_image\" \/>\n<meta name=\"twitter:creator\" content=\"@eciftlikresmi\" \/>\n<meta name=\"twitter:site\" content=\"@eciftlikresmi\" \/>\n<meta name=\"twitter:label1\" content=\"Yazan:\" \/>\n\t<meta name=\"twitter:data1\" content=\"Haber Merkezi\" \/>\n<script type=\"application\/ld+json\" class=\"yoast-schema-graph\">{\"@context\":\"https:\\\/\\\/schema.org\",\"@graph\":[{\"@type\":\"NewsArticle\",\"@id\":\"https:\\\/\\\/e-ciftlik.com\\\/haberler\\\/gundem\\\/ibb-tarafindan-alinan-proje-ulastirma-bakanligina-devredildi\\\/#article\",\"isPartOf\":{\"@id\":\"https:\\\/\\\/e-ciftlik.com\\\/haberler\\\/gundem\\\/ibb-tarafindan-alinan-proje-ulastirma-bakanligina-devredildi\\\/\"},\"author\":{\"name\":\"Haber Merkezi\",\"@id\":\"https:\\\/\\\/e-ciftlik.com\\\/haberler\\\/#\\\/schema\\\/person\\\/d2f4fee3143d7f72be82cb887d51b00a\"},\"headline\":\"\u0130BB taraf\u0131ndan al\u0131nan proje Ula\u015ft\u0131rma Bakanl\u0131\u011f\u0131&#8217;na devredildi!\",\"datePublished\":\"2025-03-21T04:48:42+00:00\",\"mainEntityOfPage\":{\"@id\":\"https:\\\/\\\/e-ciftlik.com\\\/haberler\\\/gundem\\\/ibb-tarafindan-alinan-proje-ulastirma-bakanligina-devredildi\\\/\"},\"wordCount\":95,\"commentCount\":0,\"publisher\":{\"@id\":\"https:\\\/\\\/e-ciftlik.com\\\/haberler\\\/#organization\"},\"image\":{\"@id\":\"https:\\\/\\\/e-ciftlik.com\\\/haberler\\\/gundem\\\/ibb-tarafindan-alinan-proje-ulastirma-bakanligina-devredildi\\\/#primaryimage\"},\"thumbnailUrl\":\"https:\\\/\\\/e-ciftlik.com\\\/haberler\\\/wp-content\\\/uploads\\\/2025\\\/03\\\/1742531249543.jpeg\",\"articleSection\":[\"G\u00fcndem\"],\"inLanguage\":\"tr\",\"potentialAction\":[{\"@type\":\"CommentAction\",\"name\":\"Comment\",\"target\":[\"https:\\\/\\\/e-ciftlik.com\\\/haberler\\\/gundem\\\/ibb-tarafindan-alinan-proje-ulastirma-bakanligina-devredildi\\\/#respond\"]}]},{\"@type\":\"WebPage\",\"@id\":\"https:\\\/\\\/e-ciftlik.com\\\/haberler\\\/gundem\\\/ibb-tarafindan-alinan-proje-ulastirma-bakanligina-devredildi\\\/\",\"url\":\"https:\\\/\\\/e-ciftlik.com\\\/haberler\\\/gundem\\\/ibb-tarafindan-alinan-proje-ulastirma-bakanligina-devredildi\\\/\",\"name\":\"\u0130BB taraf\u0131ndan al\u0131nan proje Ula\u015ft\u0131rma Bakanl\u0131\u011f\u0131'na devredildi! - E-&Ccedil;\u0130FTL\u0130K HABER\",\"isPartOf\":{\"@id\":\"https:\\\/\\\/e-ciftlik.com\\\/haberler\\\/#website\"},\"primaryImageOfPage\":{\"@id\":\"https:\\\/\\\/e-ciftlik.com\\\/haberler\\\/gundem\\\/ibb-tarafindan-alinan-proje-ulastirma-bakanligina-devredildi\\\/#primaryimage\"},\"image\":{\"@id\":\"https:\\\/\\\/e-ciftlik.com\\\/haberler\\\/gundem\\\/ibb-tarafindan-alinan-proje-ulastirma-bakanligina-devredildi\\\/#primaryimage\"},\"thumbnailUrl\":\"https:\\\/\\\/e-ciftlik.com\\\/haberler\\\/wp-content\\\/uploads\\\/2025\\\/03\\\/1742531249543.jpeg\",\"datePublished\":\"2025-03-21T04:48:42+00:00\",\"description\":\"\u0130stanbul B\u00fcy\u00fck\u015fehir Belediyesi taraf\u0131ndan y\u00fcr\u00fct\u00fclen Kaz\u0131m Karabekir-Topa\u011fac\u0131-\u00dcmraniye Spor K\u00f6y\u00fc Rayl\u0131 Sistem Hatt\u0131 projesi, art\u0131k Ula\u015ft\u0131rma Bakanl\u0131\u011f\u0131\",\"breadcrumb\":{\"@id\":\"https:\\\/\\\/e-ciftlik.com\\\/haberler\\\/gundem\\\/ibb-tarafindan-alinan-proje-ulastirma-bakanligina-devredildi\\\/#breadcrumb\"},\"inLanguage\":\"tr\",\"potentialAction\":[{\"@type\":\"ReadAction\",\"target\":[\"https:\\\/\\\/e-ciftlik.com\\\/haberler\\\/gundem\\\/ibb-tarafindan-alinan-proje-ulastirma-bakanligina-devredildi\\\/\"]}]},{\"@type\":\"ImageObject\",\"inLanguage\":\"tr\",\"@id\":\"https:\\\/\\\/e-ciftlik.com\\\/haberler\\\/gundem\\\/ibb-tarafindan-alinan-proje-ulastirma-bakanligina-devredildi\\\/#primaryimage\",\"url\":\"https:\\\/\\\/e-ciftlik.com\\\/haberler\\\/wp-content\\\/uploads\\\/2025\\\/03\\\/1742531249543.jpeg\",\"contentUrl\":\"https:\\\/\\\/e-ciftlik.com\\\/haberler\\\/wp-content\\\/uploads\\\/2025\\\/03\\\/1742531249543.jpeg\",\"width\":1200,\"height\":675},{\"@type\":\"BreadcrumbList\",\"@id\":\"https:\\\/\\\/e-ciftlik.com\\\/haberler\\\/gundem\\\/ibb-tarafindan-alinan-proje-ulastirma-bakanligina-devredildi\\\/#breadcrumb\",\"itemListElement\":[{\"@type\":\"ListItem\",\"position\":1,\"name\":\"Anasayfa\",\"item\":\"https:\\\/\\\/e-ciftlik.com\\\/haberler\\\/\"},{\"@type\":\"ListItem\",\"position\":2,\"name\":\"\u0130BB taraf\u0131ndan al\u0131nan proje Ula\u015ft\u0131rma Bakanl\u0131\u011f\u0131&#8217;na devredildi!\"}]},{\"@type\":\"WebSite\",\"@id\":\"https:\\\/\\\/e-ciftlik.com\\\/haberler\\\/#website\",\"url\":\"https:\\\/\\\/e-ciftlik.com\\\/haberler\\\/\",\"name\":\"E-\u00c7iftlik Haber | G\u00fcncel, Son Dakika Haberler, En Son Haber\",\"description\":\"\",\"publisher\":{\"@id\":\"https:\\\/\\\/e-ciftlik.com\\\/haberler\\\/#organization\"},\"potentialAction\":[{\"@type\":\"SearchAction\",\"target\":{\"@type\":\"EntryPoint\",\"urlTemplate\":\"https:\\\/\\\/e-ciftlik.com\\\/haberler\\\/?s={search_term_string}\"},\"query-input\":{\"@type\":\"PropertyValueSpecification\",\"valueRequired\":true,\"valueName\":\"search_term_string\"}}],\"inLanguage\":\"tr\"},{\"@type\":\"Organization\",\"@id\":\"https:\\\/\\\/e-ciftlik.com\\\/haberler\\\/#organization\",\"name\":\"E-\u00c7\u0130FTL\u0130K HABER\",\"url\":\"https:\\\/\\\/e-ciftlik.com\\\/haberler\\\/\",\"logo\":{\"@type\":\"ImageObject\",\"inLanguage\":\"tr\",\"@id\":\"https:\\\/\\\/e-ciftlik.com\\\/haberler\\\/#\\\/schema\\\/logo\\\/image\\\/\",\"url\":\"https:\\\/\\\/e-ciftlik.com\\\/haberler\\\/wp-content\\\/uploads\\\/2024\\\/06\\\/cropped-cropped-favicon-1-2.png\",\"contentUrl\":\"https:\\\/\\\/e-ciftlik.com\\\/haberler\\\/wp-content\\\/uploads\\\/2024\\\/06\\\/cropped-cropped-favicon-1-2.png\",\"width\":512,\"height\":512,\"caption\":\"E-\u00c7\u0130FTL\u0130K HABER\"},\"image\":{\"@id\":\"https:\\\/\\\/e-ciftlik.com\\\/haberler\\\/#\\\/schema\\\/logo\\\/image\\\/\"},\"sameAs\":[\"https:\\\/\\\/www.facebook.com\\\/eciftlikturkiye\",\"https:\\\/\\\/x.com\\\/eciftlikresmi\",\"https:\\\/\\\/www.instagram.com\\\/eciftlikresmi\\\/\"]},{\"@type\":\"Person\",\"@id\":\"https:\\\/\\\/e-ciftlik.com\\\/haberler\\\/#\\\/schema\\\/person\\\/d2f4fee3143d7f72be82cb887d51b00a\",\"name\":\"Haber Merkezi\",\"image\":{\"@type\":\"ImageObject\",\"inLanguage\":\"tr\",\"@id\":\"https:\\\/\\\/secure.gravatar.com\\\/avatar\\\/6c27d641914e66c1d0452c92716002398782818991d86db1c2cccb531e7c7c82?s=96&d=mm&r=g\",\"url\":\"https:\\\/\\\/secure.gravatar.com\\\/avatar\\\/6c27d641914e66c1d0452c92716002398782818991d86db1c2cccb531e7c7c82?s=96&d=mm&r=g\",\"contentUrl\":\"https:\\\/\\\/secure.gravatar.com\\\/avatar\\\/6c27d641914e66c1d0452c92716002398782818991d86db1c2cccb531e7c7c82?s=96&d=mm&r=g\",\"caption\":\"Haber Merkezi\"},\"sameAs\":[\"http:\\\/\\\/e-ciftlik.com\\\/haberler\"]}]}<\/script>\n<!-- \/ Yoast SEO Premium plugin. -->","yoast_head_json":{"title":"\u0130BB taraf\u0131ndan al\u0131nan proje Ula\u015ft\u0131rma Bakanl\u0131\u011f\u0131'na devredildi! - E-&Ccedil;\u0130FTL\u0130K HABER","description":"\u0130stanbul B\u00fcy\u00fck\u015fehir Belediyesi taraf\u0131ndan y\u00fcr\u00fct\u00fclen Kaz\u0131m Karabekir-Topa\u011fac\u0131-\u00dcmraniye Spor K\u00f6y\u00fc Rayl\u0131 Sistem Hatt\u0131 projesi, art\u0131k Ula\u015ft\u0131rma Bakanl\u0131\u011f\u0131","robots":{"index":"index","follow":"follow","max-snippet":"max-snippet:-1","max-image-preview":"max-image-preview:large","max-video-preview":"max-video-preview:-1"},"canonical":"https:\/\/e-ciftlik.com\/haberler\/gundem\/ibb-tarafindan-alinan-proje-ulastirma-bakanligina-devredildi\/","og_locale":"tr_TR","og_type":"article","og_title":"\u0130BB taraf\u0131ndan al\u0131nan proje Ula\u015ft\u0131rma Bakanl\u0131\u011f\u0131'na devredildi!","og_description":"\u0130stanbul B\u00fcy\u00fck\u015fehir Belediyesi taraf\u0131ndan y\u00fcr\u00fct\u00fclen Kaz\u0131m Karabekir-Topa\u011fac\u0131-\u00dcmraniye Spor K\u00f6y\u00fc Rayl\u0131 Sistem Hatt\u0131 projesi, art\u0131k Ula\u015ft\u0131rma Bakanl\u0131\u011f\u0131","og_url":"https:\/\/e-ciftlik.com\/haberler\/gundem\/ibb-tarafindan-alinan-proje-ulastirma-bakanligina-devredildi\/","og_site_name":"E-&Ccedil;\u0130FTL\u0130K HABER","article_publisher":"https:\/\/www.facebook.com\/eciftlikturkiye","article_published_time":"2025-03-21T04:48:42+00:00","og_image":[{"width":1200,"height":675,"url":"https:\/\/e-ciftlik.com\/haberler\/wp-content\/uploads\/2025\/03\/1742531249543.jpeg","type":"image\/jpeg"}],"author":"Haber Merkezi","twitter_card":"summary_large_image","twitter_creator":"@eciftlikresmi","twitter_site":"@eciftlikresmi","twitter_misc":{"Yazan:":"Haber Merkezi"},"schema":{"@context":"https:\/\/schema.org","@graph":[{"@type":"NewsArticle","@id":"https:\/\/e-ciftlik.com\/haberler\/gundem\/ibb-tarafindan-alinan-proje-ulastirma-bakanligina-devredildi\/#article","isPartOf":{"@id":"https:\/\/e-ciftlik.com\/haberler\/gundem\/ibb-tarafindan-alinan-proje-ulastirma-bakanligina-devredildi\/"},"author":{"name":"Haber Merkezi","@id":"https:\/\/e-ciftlik.com\/haberler\/#\/schema\/person\/d2f4fee3143d7f72be82cb887d51b00a"},"headline":"\u0130BB taraf\u0131ndan al\u0131nan proje Ula\u015ft\u0131rma Bakanl\u0131\u011f\u0131&#8217;na devredildi!","datePublished":"2025-03-21T04:48:42+00:00","mainEntityOfPage":{"@id":"https:\/\/e-ciftlik.com\/haberler\/gundem\/ibb-tarafindan-alinan-proje-ulastirma-bakanligina-devredildi\/"},"wordCount":95,"commentCount":0,"publisher":{"@id":"https:\/\/e-ciftlik.com\/haberler\/#organization"},"image":{"@id":"https:\/\/e-ciftlik.com\/haberler\/gundem\/ibb-tarafindan-alinan-proje-ulastirma-bakanligina-devredildi\/#primaryimage"},"thumbnailUrl":"https:\/\/e-ciftlik.com\/haberler\/wp-content\/uploads\/2025\/03\/1742531249543.jpeg","articleSection":["G\u00fcndem"],"inLanguage":"tr","potentialAction":[{"@type":"CommentAction","name":"Comment","target":["https:\/\/e-ciftlik.com\/haberler\/gundem\/ibb-tarafindan-alinan-proje-ulastirma-bakanligina-devredildi\/#respond"]}]},{"@type":"WebPage","@id":"https:\/\/e-ciftlik.com\/haberler\/gundem\/ibb-tarafindan-alinan-proje-ulastirma-bakanligina-devredildi\/","url":"https:\/\/e-ciftlik.com\/haberler\/gundem\/ibb-tarafindan-alinan-proje-ulastirma-bakanligina-devredildi\/","name":"\u0130BB taraf\u0131ndan al\u0131nan proje Ula\u015ft\u0131rma Bakanl\u0131\u011f\u0131'na devredildi! - E-&Ccedil;\u0130FTL\u0130K HABER","isPartOf":{"@id":"https:\/\/e-ciftlik.com\/haberler\/#website"},"primaryImageOfPage":{"@id":"https:\/\/e-ciftlik.com\/haberler\/gundem\/ibb-tarafindan-alinan-proje-ulastirma-bakanligina-devredildi\/#primaryimage"},"image":{"@id":"https:\/\/e-ciftlik.com\/haberler\/gundem\/ibb-tarafindan-alinan-proje-ulastirma-bakanligina-devredildi\/#primaryimage"},"thumbnailUrl":"https:\/\/e-ciftlik.com\/haberler\/wp-content\/uploads\/2025\/03\/1742531249543.jpeg","datePublished":"2025-03-21T04:48:42+00:00","description":"\u0130stanbul B\u00fcy\u00fck\u015fehir Belediyesi taraf\u0131ndan y\u00fcr\u00fct\u00fclen Kaz\u0131m Karabekir-Topa\u011fac\u0131-\u00dcmraniye Spor K\u00f6y\u00fc Rayl\u0131 Sistem Hatt\u0131 projesi, art\u0131k Ula\u015ft\u0131rma Bakanl\u0131\u011f\u0131","breadcrumb":{"@id":"https:\/\/e-ciftlik.com\/haberler\/gundem\/ibb-tarafindan-alinan-proje-ulastirma-bakanligina-devredildi\/#breadcrumb"},"inLanguage":"tr","potentialAction":[{"@type":"ReadAction","target":["https:\/\/e-ciftlik.com\/haberler\/gundem\/ibb-tarafindan-alinan-proje-ulastirma-bakanligina-devredildi\/"]}]},{"@type":"ImageObject","inLanguage":"tr","@id":"https:\/\/e-ciftlik.com\/haberler\/gundem\/ibb-tarafindan-alinan-proje-ulastirma-bakanligina-devredildi\/#primaryimage","url":"https:\/\/e-ciftlik.com\/haberler\/wp-content\/uploads\/2025\/03\/1742531249543.jpeg","contentUrl":"https:\/\/e-ciftlik.com\/haberler\/wp-content\/uploads\/2025\/03\/1742531249543.jpeg","width":1200,"height":675},{"@type":"BreadcrumbList","@id":"https:\/\/e-ciftlik.com\/haberler\/gundem\/ibb-tarafindan-alinan-proje-ulastirma-bakanligina-devredildi\/#breadcrumb","itemListElement":[{"@type":"ListItem","position":1,"name":"Anasayfa","item":"https:\/\/e-ciftlik.com\/haberler\/"},{"@type":"ListItem","position":2,"name":"\u0130BB taraf\u0131ndan al\u0131nan proje Ula\u015ft\u0131rma Bakanl\u0131\u011f\u0131&#8217;na devredildi!"}]},{"@type":"WebSite","@id":"https:\/\/e-ciftlik.com\/haberler\/#website","url":"https:\/\/e-ciftlik.com\/haberler\/","name":"E-\u00c7iftlik Haber | G\u00fcncel, Son Dakika Haberler, En Son Haber","description":"","publisher":{"@id":"https:\/\/e-ciftlik.com\/haberler\/#organization"},"potentialAction":[{"@type":"SearchAction","target":{"@type":"EntryPoint","urlTemplate":"https:\/\/e-ciftlik.com\/haberler\/?s={search_term_string}"},"query-input":{"@type":"PropertyValueSpecification","valueRequired":true,"valueName":"search_term_string"}}],"inLanguage":"tr"},{"@type":"Organization","@id":"https:\/\/e-ciftlik.com\/haberler\/#organization","name":"E-\u00c7\u0130FTL\u0130K HABER","url":"https:\/\/e-ciftlik.com\/haberler\/","logo":{"@type":"ImageObject","inLanguage":"tr","@id":"https:\/\/e-ciftlik.com\/haberler\/#\/schema\/logo\/image\/","url":"https:\/\/e-ciftlik.com\/haberler\/wp-content\/uploads\/2024\/06\/cropped-cropped-favicon-1-2.png","contentUrl":"https:\/\/e-ciftlik.com\/haberler\/wp-content\/uploads\/2024\/06\/cropped-cropped-favicon-1-2.png","width":512,"height":512,"caption":"E-\u00c7\u0130FTL\u0130K HABER"},"image":{"@id":"https:\/\/e-ciftlik.com\/haberler\/#\/schema\/logo\/image\/"},"sameAs":["https:\/\/www.facebook.com\/eciftlikturkiye","https:\/\/x.com\/eciftlikresmi","https:\/\/www.instagram.com\/eciftlikresmi\/"]},{"@type":"Person","@id":"https:\/\/e-ciftlik.com\/haberler\/#\/schema\/person\/d2f4fee3143d7f72be82cb887d51b00a","name":"Haber Merkezi","image":{"@type":"ImageObject","inLanguage":"tr","@id":"https:\/\/secure.gravatar.com\/avatar\/6c27d641914e66c1d0452c92716002398782818991d86db1c2cccb531e7c7c82?s=96&d=mm&r=g","url":"https:\/\/secure.gravatar.com\/avatar\/6c27d641914e66c1d0452c92716002398782818991d86db1c2cccb531e7c7c82?s=96&d=mm&r=g","contentUrl":"https:\/\/secure.gravatar.com\/avatar\/6c27d641914e66c1d0452c92716002398782818991d86db1c2cccb531e7c7c82?s=96&d=mm&r=g","caption":"Haber Merkezi"},"sameAs":["http:\/\/e-ciftlik.com\/haberler"]}]}},"_links":{"self":[{"href":"https:\/\/e-ciftlik.com\/haberler\/wp-json\/wp\/v2\/posts\/89164","targetHints":{"allow":["GET"]}}],"collection":[{"href":"https:\/\/e-ciftlik.com\/haberler\/wp-json\/wp\/v2\/posts"}],"about":[{"href":"https:\/\/e-ciftlik.com\/haberler\/wp-json\/wp\/v2\/types\/post"}],"author":[{"embeddable":true,"href":"https:\/\/e-ciftlik.com\/haberler\/wp-json\/wp\/v2\/users\/1"}],"replies":[{"embeddable":true,"href":"https:\/\/e-ciftlik.com\/haberler\/wp-json\/wp\/v2\/comments?post=89164"}],"version-history":[{"count":0,"href":"https:\/\/e-ciftlik.com\/haberler\/wp-json\/wp\/v2\/posts\/89164\/revisions"}],"wp:featuredmedia":[{"embeddable":true,"href":"https:\/\/e-ciftlik.com\/haberler\/wp-json\/wp\/v2\/media\/89165"}],"wp:attachment":[{"href":"https:\/\/e-ciftlik.com\/haberler\/wp-json\/wp\/v2\/media?parent=89164"}],"wp:term":[{"taxonomy":"category","embeddable":true,"href":"https:\/\/e-ciftlik.com\/haberler\/wp-json\/wp\/v2\/categories?post=89164"},{"taxonomy":"post_tag","embeddable":true,"href":"https:\/\/e-ciftlik.com\/haberler\/wp-json\/wp\/v2\/tags?post=89164"}],"curies":[{"name":"wp","href":"https:\/\/api.w.org\/{rel}","templated":true}]}}