{"id":89402,"date":"2025-03-21T15:38:03","date_gmt":"2025-03-21T15:38:03","guid":{"rendered":"http:\/\/e-ciftlik.com\/haberler\/gundem\/istanbulda-45-kmlik-yeni-metro-hatti\/"},"modified":"2025-03-21T15:38:03","modified_gmt":"2025-03-21T15:38:03","slug":"istanbulda-45-kmlik-yeni-metro-hatti","status":"publish","type":"post","link":"https:\/\/e-ciftlik.com\/haberler\/gundem\/istanbulda-45-kmlik-yeni-metro-hatti\/","title":{"rendered":"\u0130stanbul&#8217;da 4,5 kmlik yeni metro hatt\u0131!"},"content":{"rendered":"<p>Ula\u015ft\u0131rma ve Altyap\u0131 Bakan\u0131 Abdulkadir Uralo\u011flu, Kaz\u0131m Karabekir-Topa\u011fac\u0131-\u00dcmraniye Spor K\u00f6y\u00fc Rayl\u0131 Sistem Hatt\u0131 Projesi hakk\u0131ndaki iddialara cevap verdi.<\/p>\n<p>Projenin \u0130stanbul B\u00fcy\u00fck\u015fehir Belediyesi&#8217;nden devral\u0131nmad\u0131\u011f\u0131n\u0131 belirten Uralo\u011flu, &#8220;Kamuoyunu l\u00fctfen hi\u00e7 kimse yanl\u0131\u015f ve yalanlarla bilgilendirmeye, yan\u0131ltmaya gayret etmesin&#8221; dedi.<\/p>\n<p>Ula\u015ft\u0131rma ve Altyap\u0131 Bakan\u0131 Abdulkadir Uralo\u011flu, Malatya il program\u0131 kapsam\u0131nda \u0130kizce Deprem Konutlar\u0131 Ba\u011flant\u0131 Yollar\u0131&#8217;ndaki \u00e7al\u0131\u015fmalar\u0131 yerinde inceledi. Bakan Uralo\u011flu, burada yapt\u0131\u011f\u0131 bas\u0131n a\u00e7\u0131klamas\u0131nda &#8220;6 \u015eubat&#8217;ta ya\u015fanm\u0131\u015f olan depremlerden kaynaklanan yeni yerle\u015fim yeri yapma ihtiyac\u0131 noktas\u0131nda ana ula\u015f\u0131m hatlar\u0131n\u0131 ve belli b\u00f6lgelerdeki altyap\u0131lar\u0131n yollarla beraber yap\u0131lmas\u0131 g\u00f6revi Karayollar\u0131 Genel M\u00fcd\u00fcrl\u00fc\u011f\u00fcm\u00fcze verildi. 8 ilde \u00e7al\u0131\u015fma yap\u0131yoruz bir tanesi de buras\u0131&#8221; ifadelerini kulland\u0131.<\/p>\n<p>\u0130kizce 2 Deprem Konutlar\u0131 B\u00f6lgesi&#8217;nde toplam 44.3 kilometrelik yol in\u015faat\u0131na devam ettiklerini belirten Bakan Uralo\u011flu, &#8220;Burada an itibariyle 29,5 kilometrelik b\u00f6l\u00fcm\u00fc bitmi\u015f durumda. \u0130n\u015fallah ay sonuna kadar da 32 kilometrelik bir b\u00f6l\u00fcme ula\u015fm\u0131\u015f olaca\u011f\u0131z. Tamam\u0131n\u0131 da in\u015fallah sene sonuna kadar bitirmi\u015f olaca\u011f\u0131z&#8221; a\u00e7\u0131klamas\u0131nda bulundu.<\/p>\n<p>Bakan Uralo\u011flu, yap\u0131lan \u00e7al\u0131\u015fmalar ile ilgili bilgi vererek yolla beraber altyap\u0131 ve \u00fcstyap\u0131 \u00e7al\u0131\u015fmalar\u0131na devam ettiklerini bildirdi. \u0130\u00e7me suyu hatlar\u0131, kanalizasyon, kirli su hatlar\u0131, drenaj hatlar\u0131, elektrik hatlar\u0131, telekom hatlar\u0131 ve ayd\u0131nlatma hatlar\u0131 gibi bir\u00e7ok yap\u0131y\u0131 da beraber yapt\u0131klar\u0131n\u0131 kaydeden Uralo\u011flu, &#8220;Yakla\u015f\u0131k 4.4 milyar liral\u0131k bir projeden bahsediyoruz. Proje kapsam\u0131nda hem OSB hem TOK\u0130 1 ve 2&#8217;nci b\u00f6lgelere hizmet edecek \u015fekilde D-300 karayolu \u00fczerindeki 2 tane kav\u015fa\u011f\u0131 da planlad\u0131k. \u00c7al\u0131\u015fmalar\u0131m\u0131za devam ediyoruz, herhangi bir problem yok. Sonu\u00e7ta bu b\u00f6lgede vatanda\u015flar\u0131m\u0131za evleri teslim edildi\u011finde asfalt yoldan ula\u015fma imk\u00e2n\u0131 olmu\u015f olacak. Zaten hedefimiz hem konutlar\u0131 hem de b\u00fct\u00fcn bu i\u015fleri sene sonuna kadar bitirmektir&#8221; \u015feklinde konu\u015ftu.<\/p>\n<p>Bakan Uralo\u011flu, a\u00e7\u0131klamas\u0131n\u0131n devam\u0131nda 21 Mart 2025 tarihli Resmi Gazete&#8217;de yay\u0131mlanan Kaz\u0131m Karabekir-Topa\u011fac\u0131-\u00dcmraniye Spor K\u00f6y\u00fc Rayl\u0131 Sistem Hatt\u0131 Projesi hakk\u0131ndaki iddialar\u0131 da yan\u0131tlad\u0131. Uralo\u011flu, projenin \u0130stanbul B\u00fcy\u00fck\u015fehir Belediyesi&#8217;nden devral\u0131nmad\u0131\u011f\u0131n\u0131 ifade etti.<\/p>\n<p>Kamuoyunu yanl\u0131\u015f bilgilendirmeye y\u00f6nelik bir s\u00fcre\u00e7 ya\u015fand\u0131\u011f\u0131n\u0131 dile getiren Bakan Uralo\u011flu, a\u00e7\u0131klamas\u0131nda \u015fu ifadelere yer verdi: &#8220;Bizim \u0130stanbul&#8217;da Bakanl\u0131k olarak bitirdi\u011fimiz 160 kilometre civar\u0131nda metro a\u011f\u0131m\u0131z var. \u0130n\u015faat\u0131 devam eden 2 tane de projemiz var. Bunlardan bir tanesi de Arnavutk\u00f6y ile Halkal\u0131 aras\u0131ndaki yakla\u015f\u0131k 17 bu\u00e7uk kilometrelik hatt\u0131r. Bir di\u011feri de Altunizade-\u00c7aml\u0131ca Camii-Bosna Bulvar\u0131&#8217;nda devam eden 4 bu\u00e7uk kilometrelik hatt\u0131r. \u015eimdi spek\u00fcle edilen, yalan yanl\u0131\u015f bilgiler \u00fcretilen yer de buras\u0131d\u0131r.&#8221;<\/p>\n<p>Bakan Uralo\u011flu, Altunizade-\u00c7aml\u0131ca Camii-Bosna Bulvar\u0131 Metrosu&#8217;nu Bakanl\u0131k olarak hayata ge\u00e7irdiklerini belirterek &#8220;Ancak gerek \u015fehircilik gerekse de\u011fi\u015fen ihtiya\u00e7lar noktas\u0131nda \u00dcmraniye Belediyemizden ve \u0130stanbul Valili\u011fimizden bu hatt\u0131n Topa\u011fac\u0131 Mahallesi, Kaz\u0131m Karabekir Mahallesi ve \u00dcmraniye Spor K\u00f6y\u00fc&#8217;ne kadar uzat\u0131lmas\u0131yla ilgili bir talep geldi. B\u00fcy\u00fck\u015fehir ne i\u015fin i\u00e7erisinde var ne talep noktas\u0131nda var ne de bir tasar\u0131 da olsa ne bir d\u00fc\u015f\u00fcnce de olsa bir projesi var\u2026 Bunlar\u0131n hi\u00e7birisi yok. Bunun \u00fczerine biz de buradaki vatanda\u015flar\u0131m\u0131z\u0131n ihtiyac\u0131n\u0131 \u00e7\u00f6zme noktas\u0131nda bir proje \u00e7al\u0131\u015fmas\u0131 ba\u015flatm\u0131\u015ft\u0131k, o proje \u00e7al\u0131\u015fmas\u0131n\u0131 a\u015fa\u011f\u0131 yukar\u0131 tekam\u00fcl ettirdik. Yakla\u015f\u0131k 4,5 kilometrelik bir metro hatt\u0131d\u0131r. Bunun da Cumhurba\u015fkan\u0131m\u0131zdan yetkisini alarak Bakanl\u0131k olarak yap\u0131lmas\u0131d\u0131r&#8221; dedi.<\/p>\n<p>Bakan Uralo\u011flu, s\u00f6z konusu hatt\u0131n B\u00fcy\u00fck\u015fehir Belediyesi ile ilgisi olmad\u0131\u011f\u0131n\u0131 bir kez daha vurgulayarak &#8220;Biz bir \u015fey yap\u0131yoruz\u2026 Kim i\u00e7in? \u0130stanbulumuz i\u00e7in yap\u0131yoruz. Onun i\u00e7in kamuoyunu l\u00fctfen hi\u00e7 kimse yanl\u0131\u015f ve yalanlarla bilgilendirmeye, yan\u0131ltmaya gayret etmesin. \u0130\u015fin do\u011frusu budur, biz yolumuza devam ediyoruz. Biz milletimize \u0130stanbulumuza hizmet etmeye devam ediyoruz, bizim oda\u011f\u0131m\u0131z i\u015ftir&#8221; ifadelerini kulland\u0131.<\/p>\n","protected":false},"excerpt":{"rendered":"<p>Ula\u015ft\u0131rma ve Altyap\u0131 Bakan\u0131 Abdulkadir Uralo\u011flu, Kaz\u0131m Karabekir-Topa\u011fac\u0131-\u00dcmraniye Spor K\u00f6y\u00fc Rayl\u0131 Sistem Hatt\u0131 Projesi hakk\u0131ndaki&hellip;<\/p>\n","protected":false},"author":1,"featured_media":89403,"comment_status":"open","ping_status":"open","sticky":false,"template":"","format":"standard","meta":{"footnotes":""},"categories":[10],"tags":[],"class_list":["post-89402","post","type-post","status-publish","format-standard","has-post-thumbnail","hentry","category-gundem"],"yoast_head":"<!-- This site is optimized with the Yoast SEO Premium plugin v24.3 (Yoast SEO v27.4) - https:\/\/yoast.com\/product\/yoast-seo-premium-wordpress\/ -->\n<title>\u0130stanbul&#039;da 4,5 kmlik yeni metro hatt\u0131! - E-&Ccedil;\u0130FTL\u0130K HABER<\/title>\n<meta name=\"description\" content=\"Ula\u015ft\u0131rma ve Altyap\u0131 Bakan\u0131 Abdulkadir Uralo\u011flu, Kaz\u0131m Karabekir-Topa\u011fac\u0131-\u00dcmraniye Spor K\u00f6y\u00fc Rayl\u0131 Sistem Hatt\u0131 Projesi hakk\u0131ndaki iddialara cevap verdi.\" \/>\n<meta name=\"robots\" content=\"index, follow, max-snippet:-1, max-image-preview:large, max-video-preview:-1\" \/>\n<link rel=\"canonical\" href=\"https:\/\/e-ciftlik.com\/haberler\/gundem\/istanbulda-45-kmlik-yeni-metro-hatti\/\" \/>\n<meta property=\"og:locale\" content=\"tr_TR\" \/>\n<meta property=\"og:type\" content=\"article\" \/>\n<meta property=\"og:title\" content=\"\u0130stanbul&#039;da 4,5 kmlik yeni metro hatt\u0131!\" \/>\n<meta property=\"og:description\" content=\"Ula\u015ft\u0131rma ve Altyap\u0131 Bakan\u0131 Abdulkadir Uralo\u011flu, Kaz\u0131m Karabekir-Topa\u011fac\u0131-\u00dcmraniye Spor K\u00f6y\u00fc Rayl\u0131 Sistem Hatt\u0131 Projesi hakk\u0131ndaki iddialara cevap verdi.\" \/>\n<meta property=\"og:url\" content=\"https:\/\/e-ciftlik.com\/haberler\/gundem\/istanbulda-45-kmlik-yeni-metro-hatti\/\" \/>\n<meta property=\"og:site_name\" content=\"E-&Ccedil;\u0130FTL\u0130K HABER\" \/>\n<meta property=\"article:publisher\" content=\"https:\/\/www.facebook.com\/eciftlikturkiye\" \/>\n<meta property=\"article:published_time\" content=\"2025-03-21T15:38:03+00:00\" \/>\n<meta property=\"og:image\" content=\"https:\/\/e-ciftlik.com\/haberler\/wp-content\/uploads\/2025\/03\/1742569994221.jpeg\" \/>\n\t<meta property=\"og:image:width\" content=\"1200\" \/>\n\t<meta property=\"og:image:height\" content=\"675\" \/>\n\t<meta property=\"og:image:type\" content=\"image\/jpeg\" \/>\n<meta name=\"author\" content=\"Haber Merkezi\" \/>\n<meta name=\"twitter:card\" content=\"summary_large_image\" \/>\n<meta name=\"twitter:creator\" content=\"@eciftlikresmi\" \/>\n<meta name=\"twitter:site\" content=\"@eciftlikresmi\" \/>\n<meta name=\"twitter:label1\" content=\"Yazan:\" \/>\n\t<meta name=\"twitter:data1\" content=\"Haber Merkezi\" \/>\n\t<meta name=\"twitter:label2\" content=\"Tahmini okuma s\u00fcresi\" \/>\n\t<meta name=\"twitter:data2\" content=\"3 dakika\" \/>\n<script type=\"application\/ld+json\" class=\"yoast-schema-graph\">{\"@context\":\"https:\\\/\\\/schema.org\",\"@graph\":[{\"@type\":\"NewsArticle\",\"@id\":\"https:\\\/\\\/e-ciftlik.com\\\/haberler\\\/gundem\\\/istanbulda-45-kmlik-yeni-metro-hatti\\\/#article\",\"isPartOf\":{\"@id\":\"https:\\\/\\\/e-ciftlik.com\\\/haberler\\\/gundem\\\/istanbulda-45-kmlik-yeni-metro-hatti\\\/\"},\"author\":{\"name\":\"Haber Merkezi\",\"@id\":\"https:\\\/\\\/e-ciftlik.com\\\/haberler\\\/#\\\/schema\\\/person\\\/d2f4fee3143d7f72be82cb887d51b00a\"},\"headline\":\"\u0130stanbul&#8217;da 4,5 kmlik yeni metro hatt\u0131!\",\"datePublished\":\"2025-03-21T15:38:03+00:00\",\"mainEntityOfPage\":{\"@id\":\"https:\\\/\\\/e-ciftlik.com\\\/haberler\\\/gundem\\\/istanbulda-45-kmlik-yeni-metro-hatti\\\/\"},\"wordCount\":706,\"commentCount\":0,\"publisher\":{\"@id\":\"https:\\\/\\\/e-ciftlik.com\\\/haberler\\\/#organization\"},\"image\":{\"@id\":\"https:\\\/\\\/e-ciftlik.com\\\/haberler\\\/gundem\\\/istanbulda-45-kmlik-yeni-metro-hatti\\\/#primaryimage\"},\"thumbnailUrl\":\"https:\\\/\\\/e-ciftlik.com\\\/haberler\\\/wp-content\\\/uploads\\\/2025\\\/03\\\/1742569994221.jpeg\",\"articleSection\":[\"G\u00fcndem\"],\"inLanguage\":\"tr\",\"potentialAction\":[{\"@type\":\"CommentAction\",\"name\":\"Comment\",\"target\":[\"https:\\\/\\\/e-ciftlik.com\\\/haberler\\\/gundem\\\/istanbulda-45-kmlik-yeni-metro-hatti\\\/#respond\"]}]},{\"@type\":\"WebPage\",\"@id\":\"https:\\\/\\\/e-ciftlik.com\\\/haberler\\\/gundem\\\/istanbulda-45-kmlik-yeni-metro-hatti\\\/\",\"url\":\"https:\\\/\\\/e-ciftlik.com\\\/haberler\\\/gundem\\\/istanbulda-45-kmlik-yeni-metro-hatti\\\/\",\"name\":\"\u0130stanbul'da 4,5 kmlik yeni metro hatt\u0131! - E-&Ccedil;\u0130FTL\u0130K HABER\",\"isPartOf\":{\"@id\":\"https:\\\/\\\/e-ciftlik.com\\\/haberler\\\/#website\"},\"primaryImageOfPage\":{\"@id\":\"https:\\\/\\\/e-ciftlik.com\\\/haberler\\\/gundem\\\/istanbulda-45-kmlik-yeni-metro-hatti\\\/#primaryimage\"},\"image\":{\"@id\":\"https:\\\/\\\/e-ciftlik.com\\\/haberler\\\/gundem\\\/istanbulda-45-kmlik-yeni-metro-hatti\\\/#primaryimage\"},\"thumbnailUrl\":\"https:\\\/\\\/e-ciftlik.com\\\/haberler\\\/wp-content\\\/uploads\\\/2025\\\/03\\\/1742569994221.jpeg\",\"datePublished\":\"2025-03-21T15:38:03+00:00\",\"description\":\"Ula\u015ft\u0131rma ve Altyap\u0131 Bakan\u0131 Abdulkadir Uralo\u011flu, Kaz\u0131m Karabekir-Topa\u011fac\u0131-\u00dcmraniye Spor K\u00f6y\u00fc Rayl\u0131 Sistem Hatt\u0131 Projesi hakk\u0131ndaki iddialara cevap verdi.\",\"breadcrumb\":{\"@id\":\"https:\\\/\\\/e-ciftlik.com\\\/haberler\\\/gundem\\\/istanbulda-45-kmlik-yeni-metro-hatti\\\/#breadcrumb\"},\"inLanguage\":\"tr\",\"potentialAction\":[{\"@type\":\"ReadAction\",\"target\":[\"https:\\\/\\\/e-ciftlik.com\\\/haberler\\\/gundem\\\/istanbulda-45-kmlik-yeni-metro-hatti\\\/\"]}]},{\"@type\":\"ImageObject\",\"inLanguage\":\"tr\",\"@id\":\"https:\\\/\\\/e-ciftlik.com\\\/haberler\\\/gundem\\\/istanbulda-45-kmlik-yeni-metro-hatti\\\/#primaryimage\",\"url\":\"https:\\\/\\\/e-ciftlik.com\\\/haberler\\\/wp-content\\\/uploads\\\/2025\\\/03\\\/1742569994221.jpeg\",\"contentUrl\":\"https:\\\/\\\/e-ciftlik.com\\\/haberler\\\/wp-content\\\/uploads\\\/2025\\\/03\\\/1742569994221.jpeg\",\"width\":1200,\"height\":675},{\"@type\":\"BreadcrumbList\",\"@id\":\"https:\\\/\\\/e-ciftlik.com\\\/haberler\\\/gundem\\\/istanbulda-45-kmlik-yeni-metro-hatti\\\/#breadcrumb\",\"itemListElement\":[{\"@type\":\"ListItem\",\"position\":1,\"name\":\"Anasayfa\",\"item\":\"https:\\\/\\\/e-ciftlik.com\\\/haberler\\\/\"},{\"@type\":\"ListItem\",\"position\":2,\"name\":\"\u0130stanbul&#8217;da 4,5 kmlik yeni metro hatt\u0131!\"}]},{\"@type\":\"WebSite\",\"@id\":\"https:\\\/\\\/e-ciftlik.com\\\/haberler\\\/#website\",\"url\":\"https:\\\/\\\/e-ciftlik.com\\\/haberler\\\/\",\"name\":\"E-\u00c7iftlik Haber | G\u00fcncel, Son Dakika Haberler, En Son Haber\",\"description\":\"\",\"publisher\":{\"@id\":\"https:\\\/\\\/e-ciftlik.com\\\/haberler\\\/#organization\"},\"potentialAction\":[{\"@type\":\"SearchAction\",\"target\":{\"@type\":\"EntryPoint\",\"urlTemplate\":\"https:\\\/\\\/e-ciftlik.com\\\/haberler\\\/?s={search_term_string}\"},\"query-input\":{\"@type\":\"PropertyValueSpecification\",\"valueRequired\":true,\"valueName\":\"search_term_string\"}}],\"inLanguage\":\"tr\"},{\"@type\":\"Organization\",\"@id\":\"https:\\\/\\\/e-ciftlik.com\\\/haberler\\\/#organization\",\"name\":\"E-\u00c7\u0130FTL\u0130K HABER\",\"url\":\"https:\\\/\\\/e-ciftlik.com\\\/haberler\\\/\",\"logo\":{\"@type\":\"ImageObject\",\"inLanguage\":\"tr\",\"@id\":\"https:\\\/\\\/e-ciftlik.com\\\/haberler\\\/#\\\/schema\\\/logo\\\/image\\\/\",\"url\":\"https:\\\/\\\/e-ciftlik.com\\\/haberler\\\/wp-content\\\/uploads\\\/2024\\\/06\\\/cropped-cropped-favicon-1-2.png\",\"contentUrl\":\"https:\\\/\\\/e-ciftlik.com\\\/haberler\\\/wp-content\\\/uploads\\\/2024\\\/06\\\/cropped-cropped-favicon-1-2.png\",\"width\":512,\"height\":512,\"caption\":\"E-\u00c7\u0130FTL\u0130K HABER\"},\"image\":{\"@id\":\"https:\\\/\\\/e-ciftlik.com\\\/haberler\\\/#\\\/schema\\\/logo\\\/image\\\/\"},\"sameAs\":[\"https:\\\/\\\/www.facebook.com\\\/eciftlikturkiye\",\"https:\\\/\\\/x.com\\\/eciftlikresmi\",\"https:\\\/\\\/www.instagram.com\\\/eciftlikresmi\\\/\"]},{\"@type\":\"Person\",\"@id\":\"https:\\\/\\\/e-ciftlik.com\\\/haberler\\\/#\\\/schema\\\/person\\\/d2f4fee3143d7f72be82cb887d51b00a\",\"name\":\"Haber Merkezi\",\"image\":{\"@type\":\"ImageObject\",\"inLanguage\":\"tr\",\"@id\":\"https:\\\/\\\/secure.gravatar.com\\\/avatar\\\/6c27d641914e66c1d0452c92716002398782818991d86db1c2cccb531e7c7c82?s=96&d=mm&r=g\",\"url\":\"https:\\\/\\\/secure.gravatar.com\\\/avatar\\\/6c27d641914e66c1d0452c92716002398782818991d86db1c2cccb531e7c7c82?s=96&d=mm&r=g\",\"contentUrl\":\"https:\\\/\\\/secure.gravatar.com\\\/avatar\\\/6c27d641914e66c1d0452c92716002398782818991d86db1c2cccb531e7c7c82?s=96&d=mm&r=g\",\"caption\":\"Haber Merkezi\"},\"sameAs\":[\"http:\\\/\\\/e-ciftlik.com\\\/haberler\"]}]}<\/script>\n<!-- \/ Yoast SEO Premium plugin. -->","yoast_head_json":{"title":"\u0130stanbul'da 4,5 kmlik yeni metro hatt\u0131! - E-&Ccedil;\u0130FTL\u0130K HABER","description":"Ula\u015ft\u0131rma ve Altyap\u0131 Bakan\u0131 Abdulkadir Uralo\u011flu, Kaz\u0131m Karabekir-Topa\u011fac\u0131-\u00dcmraniye Spor K\u00f6y\u00fc Rayl\u0131 Sistem Hatt\u0131 Projesi hakk\u0131ndaki iddialara cevap verdi.","robots":{"index":"index","follow":"follow","max-snippet":"max-snippet:-1","max-image-preview":"max-image-preview:large","max-video-preview":"max-video-preview:-1"},"canonical":"https:\/\/e-ciftlik.com\/haberler\/gundem\/istanbulda-45-kmlik-yeni-metro-hatti\/","og_locale":"tr_TR","og_type":"article","og_title":"\u0130stanbul'da 4,5 kmlik yeni metro hatt\u0131!","og_description":"Ula\u015ft\u0131rma ve Altyap\u0131 Bakan\u0131 Abdulkadir Uralo\u011flu, Kaz\u0131m Karabekir-Topa\u011fac\u0131-\u00dcmraniye Spor K\u00f6y\u00fc Rayl\u0131 Sistem Hatt\u0131 Projesi hakk\u0131ndaki iddialara cevap verdi.","og_url":"https:\/\/e-ciftlik.com\/haberler\/gundem\/istanbulda-45-kmlik-yeni-metro-hatti\/","og_site_name":"E-&Ccedil;\u0130FTL\u0130K HABER","article_publisher":"https:\/\/www.facebook.com\/eciftlikturkiye","article_published_time":"2025-03-21T15:38:03+00:00","og_image":[{"width":1200,"height":675,"url":"https:\/\/e-ciftlik.com\/haberler\/wp-content\/uploads\/2025\/03\/1742569994221.jpeg","type":"image\/jpeg"}],"author":"Haber Merkezi","twitter_card":"summary_large_image","twitter_creator":"@eciftlikresmi","twitter_site":"@eciftlikresmi","twitter_misc":{"Yazan:":"Haber Merkezi","Tahmini okuma s\u00fcresi":"3 dakika"},"schema":{"@context":"https:\/\/schema.org","@graph":[{"@type":"NewsArticle","@id":"https:\/\/e-ciftlik.com\/haberler\/gundem\/istanbulda-45-kmlik-yeni-metro-hatti\/#article","isPartOf":{"@id":"https:\/\/e-ciftlik.com\/haberler\/gundem\/istanbulda-45-kmlik-yeni-metro-hatti\/"},"author":{"name":"Haber Merkezi","@id":"https:\/\/e-ciftlik.com\/haberler\/#\/schema\/person\/d2f4fee3143d7f72be82cb887d51b00a"},"headline":"\u0130stanbul&#8217;da 4,5 kmlik yeni metro hatt\u0131!","datePublished":"2025-03-21T15:38:03+00:00","mainEntityOfPage":{"@id":"https:\/\/e-ciftlik.com\/haberler\/gundem\/istanbulda-45-kmlik-yeni-metro-hatti\/"},"wordCount":706,"commentCount":0,"publisher":{"@id":"https:\/\/e-ciftlik.com\/haberler\/#organization"},"image":{"@id":"https:\/\/e-ciftlik.com\/haberler\/gundem\/istanbulda-45-kmlik-yeni-metro-hatti\/#primaryimage"},"thumbnailUrl":"https:\/\/e-ciftlik.com\/haberler\/wp-content\/uploads\/2025\/03\/1742569994221.jpeg","articleSection":["G\u00fcndem"],"inLanguage":"tr","potentialAction":[{"@type":"CommentAction","name":"Comment","target":["https:\/\/e-ciftlik.com\/haberler\/gundem\/istanbulda-45-kmlik-yeni-metro-hatti\/#respond"]}]},{"@type":"WebPage","@id":"https:\/\/e-ciftlik.com\/haberler\/gundem\/istanbulda-45-kmlik-yeni-metro-hatti\/","url":"https:\/\/e-ciftlik.com\/haberler\/gundem\/istanbulda-45-kmlik-yeni-metro-hatti\/","name":"\u0130stanbul'da 4,5 kmlik yeni metro hatt\u0131! - E-&Ccedil;\u0130FTL\u0130K HABER","isPartOf":{"@id":"https:\/\/e-ciftlik.com\/haberler\/#website"},"primaryImageOfPage":{"@id":"https:\/\/e-ciftlik.com\/haberler\/gundem\/istanbulda-45-kmlik-yeni-metro-hatti\/#primaryimage"},"image":{"@id":"https:\/\/e-ciftlik.com\/haberler\/gundem\/istanbulda-45-kmlik-yeni-metro-hatti\/#primaryimage"},"thumbnailUrl":"https:\/\/e-ciftlik.com\/haberler\/wp-content\/uploads\/2025\/03\/1742569994221.jpeg","datePublished":"2025-03-21T15:38:03+00:00","description":"Ula\u015ft\u0131rma ve Altyap\u0131 Bakan\u0131 Abdulkadir Uralo\u011flu, Kaz\u0131m Karabekir-Topa\u011fac\u0131-\u00dcmraniye Spor K\u00f6y\u00fc Rayl\u0131 Sistem Hatt\u0131 Projesi hakk\u0131ndaki iddialara cevap verdi.","breadcrumb":{"@id":"https:\/\/e-ciftlik.com\/haberler\/gundem\/istanbulda-45-kmlik-yeni-metro-hatti\/#breadcrumb"},"inLanguage":"tr","potentialAction":[{"@type":"ReadAction","target":["https:\/\/e-ciftlik.com\/haberler\/gundem\/istanbulda-45-kmlik-yeni-metro-hatti\/"]}]},{"@type":"ImageObject","inLanguage":"tr","@id":"https:\/\/e-ciftlik.com\/haberler\/gundem\/istanbulda-45-kmlik-yeni-metro-hatti\/#primaryimage","url":"https:\/\/e-ciftlik.com\/haberler\/wp-content\/uploads\/2025\/03\/1742569994221.jpeg","contentUrl":"https:\/\/e-ciftlik.com\/haberler\/wp-content\/uploads\/2025\/03\/1742569994221.jpeg","width":1200,"height":675},{"@type":"BreadcrumbList","@id":"https:\/\/e-ciftlik.com\/haberler\/gundem\/istanbulda-45-kmlik-yeni-metro-hatti\/#breadcrumb","itemListElement":[{"@type":"ListItem","position":1,"name":"Anasayfa","item":"https:\/\/e-ciftlik.com\/haberler\/"},{"@type":"ListItem","position":2,"name":"\u0130stanbul&#8217;da 4,5 kmlik yeni metro hatt\u0131!"}]},{"@type":"WebSite","@id":"https:\/\/e-ciftlik.com\/haberler\/#website","url":"https:\/\/e-ciftlik.com\/haberler\/","name":"E-\u00c7iftlik Haber | G\u00fcncel, Son Dakika Haberler, En Son Haber","description":"","publisher":{"@id":"https:\/\/e-ciftlik.com\/haberler\/#organization"},"potentialAction":[{"@type":"SearchAction","target":{"@type":"EntryPoint","urlTemplate":"https:\/\/e-ciftlik.com\/haberler\/?s={search_term_string}"},"query-input":{"@type":"PropertyValueSpecification","valueRequired":true,"valueName":"search_term_string"}}],"inLanguage":"tr"},{"@type":"Organization","@id":"https:\/\/e-ciftlik.com\/haberler\/#organization","name":"E-\u00c7\u0130FTL\u0130K HABER","url":"https:\/\/e-ciftlik.com\/haberler\/","logo":{"@type":"ImageObject","inLanguage":"tr","@id":"https:\/\/e-ciftlik.com\/haberler\/#\/schema\/logo\/image\/","url":"https:\/\/e-ciftlik.com\/haberler\/wp-content\/uploads\/2024\/06\/cropped-cropped-favicon-1-2.png","contentUrl":"https:\/\/e-ciftlik.com\/haberler\/wp-content\/uploads\/2024\/06\/cropped-cropped-favicon-1-2.png","width":512,"height":512,"caption":"E-\u00c7\u0130FTL\u0130K HABER"},"image":{"@id":"https:\/\/e-ciftlik.com\/haberler\/#\/schema\/logo\/image\/"},"sameAs":["https:\/\/www.facebook.com\/eciftlikturkiye","https:\/\/x.com\/eciftlikresmi","https:\/\/www.instagram.com\/eciftlikresmi\/"]},{"@type":"Person","@id":"https:\/\/e-ciftlik.com\/haberler\/#\/schema\/person\/d2f4fee3143d7f72be82cb887d51b00a","name":"Haber Merkezi","image":{"@type":"ImageObject","inLanguage":"tr","@id":"https:\/\/secure.gravatar.com\/avatar\/6c27d641914e66c1d0452c92716002398782818991d86db1c2cccb531e7c7c82?s=96&d=mm&r=g","url":"https:\/\/secure.gravatar.com\/avatar\/6c27d641914e66c1d0452c92716002398782818991d86db1c2cccb531e7c7c82?s=96&d=mm&r=g","contentUrl":"https:\/\/secure.gravatar.com\/avatar\/6c27d641914e66c1d0452c92716002398782818991d86db1c2cccb531e7c7c82?s=96&d=mm&r=g","caption":"Haber Merkezi"},"sameAs":["http:\/\/e-ciftlik.com\/haberler"]}]}},"_links":{"self":[{"href":"https:\/\/e-ciftlik.com\/haberler\/wp-json\/wp\/v2\/posts\/89402","targetHints":{"allow":["GET"]}}],"collection":[{"href":"https:\/\/e-ciftlik.com\/haberler\/wp-json\/wp\/v2\/posts"}],"about":[{"href":"https:\/\/e-ciftlik.com\/haberler\/wp-json\/wp\/v2\/types\/post"}],"author":[{"embeddable":true,"href":"https:\/\/e-ciftlik.com\/haberler\/wp-json\/wp\/v2\/users\/1"}],"replies":[{"embeddable":true,"href":"https:\/\/e-ciftlik.com\/haberler\/wp-json\/wp\/v2\/comments?post=89402"}],"version-history":[{"count":0,"href":"https:\/\/e-ciftlik.com\/haberler\/wp-json\/wp\/v2\/posts\/89402\/revisions"}],"wp:featuredmedia":[{"embeddable":true,"href":"https:\/\/e-ciftlik.com\/haberler\/wp-json\/wp\/v2\/media\/89403"}],"wp:attachment":[{"href":"https:\/\/e-ciftlik.com\/haberler\/wp-json\/wp\/v2\/media?parent=89402"}],"wp:term":[{"taxonomy":"category","embeddable":true,"href":"https:\/\/e-ciftlik.com\/haberler\/wp-json\/wp\/v2\/categories?post=89402"},{"taxonomy":"post_tag","embeddable":true,"href":"https:\/\/e-ciftlik.com\/haberler\/wp-json\/wp\/v2\/tags?post=89402"}],"curies":[{"name":"wp","href":"https:\/\/api.w.org\/{rel}","templated":true}]}}