{"id":89408,"date":"2025-03-21T15:48:35","date_gmt":"2025-03-21T15:48:35","guid":{"rendered":"http:\/\/e-ciftlik.com\/haberler\/seyahat\/ecb-baskani-lagardedan-ticaret-savasi-uyarisi\/"},"modified":"2025-03-21T15:48:35","modified_gmt":"2025-03-21T15:48:35","slug":"ecb-baskani-lagardedan-ticaret-savasi-uyarisi","status":"publish","type":"post","link":"https:\/\/e-ciftlik.com\/haberler\/seyahat\/ecb-baskani-lagardedan-ticaret-savasi-uyarisi\/","title":{"rendered":"ECB Ba\u015fkan\u0131 Lagarde&#8217;dan Ticaret Sava\u015f\u0131 Uyar\u0131s\u0131"},"content":{"rendered":"<p>Avrupa Merkez Bankas\u0131 (ECB) Ba\u015fkan\u0131 Christine Lagarde, bir ticaret sava\u015f\u0131n\u0131n Euro B\u00f6lgesi enflasyonunu tek ba\u015f\u0131na yar\u0131m puan art\u0131rabilece\u011fi ve bunun b\u00fcy\u00fcme \u00fczerinde zararl\u0131 etkileri olabilece\u011fini belirtti.<\/p>\n<p>Avrupa Merkez Bankas\u0131 (ECB) Ba\u015fkan\u0131 Christine Lagarde Per\u015fembe g\u00fcn\u00fc yapt\u0131\u011f\u0131 a\u00e7\u0131klamada, olas\u0131 bir ticaret sava\u015f\u0131 belirsizli\u011finin Euro B\u00f6lgesi b\u00fcy\u00fcmesi ve enflasyonu i\u00e7in \u00f6nemli bir tehdit olu\u015fturdu\u011funu ve g\u00fcmr\u00fck tarifeleri kaynakl\u0131 fiyat bask\u0131lar\u0131n\u0131n yo\u011funla\u015fmas\u0131n\u0131n beklendi\u011fini s\u00f6yledi.<\/p>\n<p>Avrupa Parlamentosu&#8217;nda (AP) d\u00fczenlenen bir oturumda konu\u015fan Lagarde, enflasyon h\u00e2l\u00e2 yolunda olsa da, \u00f6zellikle ABD&#8217;nin de\u011fi\u015fen politikalar\u0131ndan kaynaklanan artan ticari belirsizli\u011fin Euro B\u00f6lgesi&#8217;nin toparlanmas\u0131n\u0131 sekteye u\u011fratabilece\u011fini ve fiyat art\u0131\u015flar\u0131n\u0131 ate\u015fleyebilece\u011fini kabul etti.<\/p>\n<p>&#8220;Ticari s\u00fcrt\u00fc\u015fmeler k\u00fcresel b\u00fcy\u00fcme ve refah i\u00e7in zararl\u0131d\u0131r,&#8221; diyerek misilleme tarifeleri ve tedarik zinciri aksakl\u0131klar\u0131n\u0131n Avrupal\u0131 i\u015fletmeler ve t\u00fcketiciler i\u00e7in daha y\u00fcksek maliyetlere yol a\u00e7abilece\u011fi uyar\u0131s\u0131nda bulundu.<\/p>\n<p>Yeni bir g\u00fcmr\u00fck vergisi dalgas\u0131n\u0131n enflasyonu y\u00fczde 0,5 puan kadar yukar\u0131 \u00e7ekebilece\u011fini, bunun da ECB&#8217;nin fiyatlar\u0131 istikrara kavu\u015fturma \u00e7abalar\u0131n\u0131 zorla\u015ft\u0131r\u0131rken ekonomik b\u00fcy\u00fcmeyi de azaltabilece\u011fini s\u00f6zlerine ekledi.<\/p>\n<p>Trump&#8217;\u0131n tarifeleri Euro B\u00f6lgesini nas\u0131l etkileyecek?<\/p>\n<p>Lagarde, Washington&#8217;daki yeni Donald Trump y\u00f6netiminin farkl\u0131 bir rotaya girdi\u011fini ve k\u00fcresel ticaretle ilgili &#8220;ola\u011fan\u00fcst\u00fc y\u00fcksek&#8221; d\u00fczeyde belirsizli\u011fe yol a\u00e7t\u0131\u011f\u0131n\u0131 belirtti.<\/p>\n<p>&#8220;D\u00fcnya bizi beklemiyor,&#8221; diyen Lagarde, artan ticari s\u00fcrt\u00fc\u015fmelerin tedarik zincirlerini bozabilece\u011fi, maliyetleri y\u00fckseltebilece\u011fi ve k\u00fcresel b\u00fcy\u00fcmeyi azaltabilece\u011fi uyar\u0131s\u0131nda bulundu.<\/p>\n<p>En b\u00fcy\u00fck risklerden biri, ABD&#8217;nin Avrupa ihracat\u0131na y\u00f6nelik g\u00fcmr\u00fck vergilerini artt\u0131rma potansiyelidir. ECB analizi, Avrupa mallar\u0131na uygulanacak y\u00fczde 25&#8217;lik bir g\u00fcmr\u00fck vergisinin ilk y\u0131l Euro B\u00f6lgesi gayrisafi yurti\u00e7i has\u0131la (GSYH) b\u00fcy\u00fcmesini yakla\u015f\u0131k 0,3 puan azaltaca\u011f\u0131n\u0131 g\u00f6steriyor.<\/p>\n<p>AB&#8217;nin kendi g\u00fcmr\u00fck vergileriyle misilleme yapmas\u0131 halinde bu rakam y\u00fczde 0,5 puana kadar y\u00fckselebilir.<\/p>\n<p>Lagarde, &#8220;Ekonomik b\u00fcy\u00fcme \u00fczerindeki etkinin b\u00fcy\u00fck k\u0131sm\u0131, tarifelerdeki art\u0131\u015ftan sonraki ilk y\u0131lda yo\u011funla\u015facak. Daha sonra zaman i\u00e7inde azalacak, ancak \u00e7\u0131kt\u0131 seviyesi \u00fczerinde kal\u0131c\u0131 bir olumsuz etki b\u0131rakacakt\u0131r,&#8221; dedi.<\/p>\n<p>B\u00fcy\u00fcme endi\u015felerinin \u00f6tesinde, g\u00fcmr\u00fck tarifeleri enflasyonu da y\u00fckseltebilir.<\/p>\n<p>Lagarde, &#8220;AB&#8217;nin misilleme \u00f6nlemleri ve ABD&#8217;nin Avrupa \u00fcr\u00fcnlerine olan talebinin azalmas\u0131ndan kaynaklanan daha zay\u0131f bir Euro, enflasyonu yakla\u015f\u0131k yar\u0131m puan y\u00fckseltebilir,&#8221; dedi.<\/p>\n<p>Euro B\u00f6lgesi&#8217;nin toparlanmas\u0131 risk alt\u0131nda m\u0131?<\/p>\n<p>Euro b\u00f6lgesi ekonomisi 2024 y\u0131l\u0131nda y\u00fczde 0,9 oran\u0131nda geni\u015fleyerek 2023 y\u0131l\u0131nda kaydedilen y\u00fczde 0,4&#8217;l\u00fck oran\u0131n neredeyse iki kat\u0131na \u00e7\u0131kt\u0131.<\/p>\n<p>Ancak Lagarde ge\u00e7en y\u0131l\u0131n son aylar\u0131nda b\u00fcy\u00fcmenin yava\u015flad\u0131\u011f\u0131n\u0131 ve 2025&#8217;in ilk \u00e7eyre\u011finde de b\u00fcy\u00fcmenin benzer bir seyir izleyece\u011fini belirtti.<\/p>\n<p>&#8220;Anket g\u00f6stergeleri iyile\u015fiyor olsa da imalat h\u00e2l\u00e2 daral\u0131yor,&#8221; diyen Lagarde, &#8220;y\u00fcksek yerel ve k\u00fcresel politika belirsizli\u011finin yat\u0131r\u0131mlar\u0131 engelledi\u011fini ve rekabet g\u00fcc\u00fc zorluklar\u0131n\u0131n ihracat \u00fczerinde bask\u0131 yaratt\u0131\u011f\u0131n\u0131&#8221; s\u00f6zlerine ekledi.<\/p>\n<p>Bu olumsuzluklara ra\u011fmen ECB b\u00fcy\u00fcmenin m\u00fctevaz\u0131 bir h\u0131zda da olsa devam etmesini beklemekte ve GSYH&#8217;nin 2025&#8217;te y\u00fczde 0,9, 2026&#8217;da y\u00fczde 1,2 ve 2027&#8217;de y\u00fczde 1,3 artaca\u011f\u0131n\u0131 tahmin etmektedir.<\/p>\n<p>Lagarde, bu tahminlerin &#8220;ticaret politikas\u0131 ortam\u0131 nedeniyle de \u00f6nemli \u00f6l\u00e7\u00fcde belirsizli\u011fe&#8221; tabi oldu\u011funu a\u00e7\u0131k\u00e7a belirtti.<\/p>\n<p>Man\u015fet enflasyon Ocak ay\u0131ndaki y\u00fczde 2,5 seviyesinden \u015eubat ay\u0131nda y\u00fczde 2,3&#8217;e gerilerken, de\u011fi\u015fken enerji ve g\u0131da fiyatlar\u0131 hari\u00e7 \u00e7ekirdek enflasyon hafif bir d\u00fc\u015f\u00fc\u015fle y\u00fczde 2,6&#8217;ya geriledi.<\/p>\n<p>ECB, enflasyonun 2025 y\u0131l\u0131nda ortalama y\u00fczde 2,3 olmas\u0131n\u0131 ve 2027 y\u0131l\u0131nda y\u00fczde 2 hedefine ula\u015fmas\u0131n\u0131 bekliyor. Bu e\u011filimin temel itici g\u00fc\u00e7lerinden biri, salg\u0131n sonras\u0131 enflasyon art\u0131\u015f\u0131na tepki olarak y\u00fckseldikten sonra yava\u015flayan \u00fccret art\u0131\u015f\u0131ndaki \u0131l\u0131ml\u0131l\u0131k olmu\u015ftur.<\/p>\n<p>Yine de Lagarde, \u00f6zellikle maliyetleri art\u0131rabilecek potansiyel ticaret \u015foklar\u0131 kar\u015f\u0131s\u0131nda enflasyon g\u00f6r\u00fcn\u00fcm\u00fcn\u00fcn k\u0131r\u0131lgan olmaya devam etti\u011fi konusunda uyar\u0131da bulundu.<\/p>\n<p>ECB&#8217;nin faiz patikas\u0131: Gev\u015feme geliyor mu?<\/p>\n<p>Merkez Bankas\u0131 bu ay\u0131n ba\u015flar\u0131nda temel faiz oranlar\u0131n\u0131 25 baz puan d\u00fc\u015f\u00fcrerek mevduat kolayl\u0131\u011f\u0131 oran\u0131n\u0131 y\u00fczde 4,00 olan 2024 zirvesinden y\u00fczde 2,50&#8217;ye indirdi.<\/p>\n<p>&#8220;Para politikam\u0131z anlaml\u0131 bir \u015fekilde daha az k\u0131s\u0131tlay\u0131c\u0131,&#8221; diyen Lagarde, &#8220;yeni bor\u00e7lanman\u0131n firmalar ve hane halklar\u0131 i\u00e7in daha ucuz hale geldi\u011fini ve kredi b\u00fcy\u00fcmesinin artt\u0131\u011f\u0131n\u0131&#8221; a\u00e7\u0131klad\u0131.<\/p>\n<p>Yine de Lagarde, ECB&#8217;nin faiz indirimine gitme konusunda erken davranmad\u0131\u011f\u0131n\u0131 vurgulad\u0131.<\/p>\n<p>&#8220;\u00d6zellikle belirsizli\u011fin artt\u0131\u011f\u0131 mevcut ko\u015fullarda, uygun para politikas\u0131 duru\u015funu belirlemek i\u00e7in verilere ba\u011fl\u0131 ve toplant\u0131dan toplant\u0131ya bir yakla\u015f\u0131m izleyece\u011fiz,&#8221; dedi.<\/p>\n<p>Avrupa ticaret \u015foklar\u0131na kar\u015f\u0131 koyabilir mi?<\/p>\n<p>Lagarde, &#8220;ABD ticaret politikalar\u0131ndaki mevcut de\u011fi\u015fime verilecek cevap, hem d\u00fcnya genelindeki ticaret ortaklar\u0131yla hem de AB i\u00e7inde daha az de\u011fil daha fazla ticari entegrasyon olmal\u0131d\u0131r,&#8221; dedi.<\/p>\n<p>Tek Pazar&#8217;\u0131n Avrupa&#8217;n\u0131n ekonomik direncini artt\u0131rmak i\u00e7in kritik bir ara\u00e7 oldu\u011funu ifade ederek, uzun vadede AB GSY\u0130H&#8217;sine y\u00fczde 12 ila y\u00fczde 22 aras\u0131nda bir katk\u0131 sa\u011flad\u0131\u011f\u0131n\u0131 tahmin etti.<\/p>\n<p>&#8220;\u00dcye devletler aras\u0131ndaki ticaret seviyesi, kurulu\u015fundan bu yana iki kat\u0131na \u00e7\u0131kt\u0131&#8221; diyen Lagarde, &#8220;daha derin bir Tek Pazar&#8217;\u0131n Avrupa i\u00e7indeki ticaret engellerini azaltmak ve firmalar\u0131n geli\u015fmesi i\u00e7in gerekli \u00f6l\u00e7e\u011fi yaratmak i\u00e7in \u00e7ok \u00f6nemli oldu\u011funu&#8221; s\u00f6zlerine ekledi.<\/p>\n","protected":false},"excerpt":{"rendered":"<p>Avrupa Merkez Bankas\u0131 (ECB) Ba\u015fkan\u0131 Christine Lagarde, bir ticaret sava\u015f\u0131n\u0131n Euro B\u00f6lgesi enflasyonunu tek ba\u015f\u0131na&hellip;<\/p>\n","protected":false},"author":1,"featured_media":89409,"comment_status":"open","ping_status":"open","sticky":false,"template":"","format":"standard","meta":{"footnotes":""},"categories":[14],"tags":[],"class_list":["post-89408","post","type-post","status-publish","format-standard","has-post-thumbnail","hentry","category-seyahat"],"yoast_head":"<!-- This site is optimized with the Yoast SEO Premium plugin v24.3 (Yoast SEO v27.4) - https:\/\/yoast.com\/product\/yoast-seo-premium-wordpress\/ -->\n<title>ECB Ba\u015fkan\u0131 Lagarde&#039;dan Ticaret Sava\u015f\u0131 Uyar\u0131s\u0131 - E-&Ccedil;\u0130FTL\u0130K HABER<\/title>\n<meta name=\"description\" content=\"Avrupa Merkez Bankas\u0131 (ECB) Ba\u015fkan\u0131 Christine Lagarde, bir ticaret sava\u015f\u0131n\u0131n Euro B\u00f6lgesi enflasyonunu tek ba\u015f\u0131na yar\u0131m puan art\u0131rabilece\u011fi ve bunun\" \/>\n<meta name=\"robots\" content=\"index, follow, max-snippet:-1, max-image-preview:large, max-video-preview:-1\" \/>\n<link rel=\"canonical\" href=\"https:\/\/e-ciftlik.com\/haberler\/seyahat\/ecb-baskani-lagardedan-ticaret-savasi-uyarisi\/\" \/>\n<meta property=\"og:locale\" content=\"tr_TR\" \/>\n<meta property=\"og:type\" content=\"article\" \/>\n<meta property=\"og:title\" content=\"ECB Ba\u015fkan\u0131 Lagarde&#039;dan Ticaret Sava\u015f\u0131 Uyar\u0131s\u0131\" \/>\n<meta property=\"og:description\" content=\"Avrupa Merkez Bankas\u0131 (ECB) Ba\u015fkan\u0131 Christine Lagarde, bir ticaret sava\u015f\u0131n\u0131n Euro B\u00f6lgesi enflasyonunu tek ba\u015f\u0131na yar\u0131m puan art\u0131rabilece\u011fi ve bunun\" \/>\n<meta property=\"og:url\" content=\"https:\/\/e-ciftlik.com\/haberler\/seyahat\/ecb-baskani-lagardedan-ticaret-savasi-uyarisi\/\" \/>\n<meta property=\"og:site_name\" content=\"E-&Ccedil;\u0130FTL\u0130K HABER\" \/>\n<meta property=\"article:publisher\" content=\"https:\/\/www.facebook.com\/eciftlikturkiye\" \/>\n<meta property=\"article:published_time\" content=\"2025-03-21T15:48:35+00:00\" \/>\n<meta property=\"og:image\" content=\"https:\/\/e-ciftlik.com\/haberler\/wp-content\/uploads\/2025\/03\/1200x675_cmsv2_52e1676b-4d4b-502e-bc9b-d386f24ceb5b-9128022.jpg\" \/>\n\t<meta property=\"og:image:width\" content=\"1200\" \/>\n\t<meta property=\"og:image:height\" content=\"675\" \/>\n\t<meta property=\"og:image:type\" content=\"image\/jpeg\" \/>\n<meta name=\"author\" content=\"Haber Merkezi\" \/>\n<meta name=\"twitter:card\" content=\"summary_large_image\" \/>\n<meta name=\"twitter:creator\" content=\"@eciftlikresmi\" \/>\n<meta name=\"twitter:site\" content=\"@eciftlikresmi\" \/>\n<meta name=\"twitter:label1\" content=\"Yazan:\" \/>\n\t<meta name=\"twitter:data1\" content=\"Haber Merkezi\" \/>\n\t<meta name=\"twitter:label2\" content=\"Tahmini okuma s\u00fcresi\" \/>\n\t<meta name=\"twitter:data2\" content=\"5 dakika\" \/>\n<script type=\"application\/ld+json\" class=\"yoast-schema-graph\">{\"@context\":\"https:\\\/\\\/schema.org\",\"@graph\":[{\"@type\":\"NewsArticle\",\"@id\":\"https:\\\/\\\/e-ciftlik.com\\\/haberler\\\/seyahat\\\/ecb-baskani-lagardedan-ticaret-savasi-uyarisi\\\/#article\",\"isPartOf\":{\"@id\":\"https:\\\/\\\/e-ciftlik.com\\\/haberler\\\/seyahat\\\/ecb-baskani-lagardedan-ticaret-savasi-uyarisi\\\/\"},\"author\":{\"name\":\"Haber Merkezi\",\"@id\":\"https:\\\/\\\/e-ciftlik.com\\\/haberler\\\/#\\\/schema\\\/person\\\/d2f4fee3143d7f72be82cb887d51b00a\"},\"headline\":\"ECB Ba\u015fkan\u0131 Lagarde&#8217;dan Ticaret Sava\u015f\u0131 Uyar\u0131s\u0131\",\"datePublished\":\"2025-03-21T15:48:35+00:00\",\"mainEntityOfPage\":{\"@id\":\"https:\\\/\\\/e-ciftlik.com\\\/haberler\\\/seyahat\\\/ecb-baskani-lagardedan-ticaret-savasi-uyarisi\\\/\"},\"wordCount\":1000,\"commentCount\":0,\"publisher\":{\"@id\":\"https:\\\/\\\/e-ciftlik.com\\\/haberler\\\/#organization\"},\"image\":{\"@id\":\"https:\\\/\\\/e-ciftlik.com\\\/haberler\\\/seyahat\\\/ecb-baskani-lagardedan-ticaret-savasi-uyarisi\\\/#primaryimage\"},\"thumbnailUrl\":\"https:\\\/\\\/e-ciftlik.com\\\/haberler\\\/wp-content\\\/uploads\\\/2025\\\/03\\\/1200x675_cmsv2_52e1676b-4d4b-502e-bc9b-d386f24ceb5b-9128022.jpg\",\"articleSection\":[\"Seyahat\"],\"inLanguage\":\"tr\",\"potentialAction\":[{\"@type\":\"CommentAction\",\"name\":\"Comment\",\"target\":[\"https:\\\/\\\/e-ciftlik.com\\\/haberler\\\/seyahat\\\/ecb-baskani-lagardedan-ticaret-savasi-uyarisi\\\/#respond\"]}]},{\"@type\":\"WebPage\",\"@id\":\"https:\\\/\\\/e-ciftlik.com\\\/haberler\\\/seyahat\\\/ecb-baskani-lagardedan-ticaret-savasi-uyarisi\\\/\",\"url\":\"https:\\\/\\\/e-ciftlik.com\\\/haberler\\\/seyahat\\\/ecb-baskani-lagardedan-ticaret-savasi-uyarisi\\\/\",\"name\":\"ECB Ba\u015fkan\u0131 Lagarde'dan Ticaret Sava\u015f\u0131 Uyar\u0131s\u0131 - E-&Ccedil;\u0130FTL\u0130K HABER\",\"isPartOf\":{\"@id\":\"https:\\\/\\\/e-ciftlik.com\\\/haberler\\\/#website\"},\"primaryImageOfPage\":{\"@id\":\"https:\\\/\\\/e-ciftlik.com\\\/haberler\\\/seyahat\\\/ecb-baskani-lagardedan-ticaret-savasi-uyarisi\\\/#primaryimage\"},\"image\":{\"@id\":\"https:\\\/\\\/e-ciftlik.com\\\/haberler\\\/seyahat\\\/ecb-baskani-lagardedan-ticaret-savasi-uyarisi\\\/#primaryimage\"},\"thumbnailUrl\":\"https:\\\/\\\/e-ciftlik.com\\\/haberler\\\/wp-content\\\/uploads\\\/2025\\\/03\\\/1200x675_cmsv2_52e1676b-4d4b-502e-bc9b-d386f24ceb5b-9128022.jpg\",\"datePublished\":\"2025-03-21T15:48:35+00:00\",\"description\":\"Avrupa Merkez Bankas\u0131 (ECB) Ba\u015fkan\u0131 Christine Lagarde, bir ticaret sava\u015f\u0131n\u0131n Euro B\u00f6lgesi enflasyonunu tek ba\u015f\u0131na yar\u0131m puan art\u0131rabilece\u011fi ve bunun\",\"breadcrumb\":{\"@id\":\"https:\\\/\\\/e-ciftlik.com\\\/haberler\\\/seyahat\\\/ecb-baskani-lagardedan-ticaret-savasi-uyarisi\\\/#breadcrumb\"},\"inLanguage\":\"tr\",\"potentialAction\":[{\"@type\":\"ReadAction\",\"target\":[\"https:\\\/\\\/e-ciftlik.com\\\/haberler\\\/seyahat\\\/ecb-baskani-lagardedan-ticaret-savasi-uyarisi\\\/\"]}]},{\"@type\":\"ImageObject\",\"inLanguage\":\"tr\",\"@id\":\"https:\\\/\\\/e-ciftlik.com\\\/haberler\\\/seyahat\\\/ecb-baskani-lagardedan-ticaret-savasi-uyarisi\\\/#primaryimage\",\"url\":\"https:\\\/\\\/e-ciftlik.com\\\/haberler\\\/wp-content\\\/uploads\\\/2025\\\/03\\\/1200x675_cmsv2_52e1676b-4d4b-502e-bc9b-d386f24ceb5b-9128022.jpg\",\"contentUrl\":\"https:\\\/\\\/e-ciftlik.com\\\/haberler\\\/wp-content\\\/uploads\\\/2025\\\/03\\\/1200x675_cmsv2_52e1676b-4d4b-502e-bc9b-d386f24ceb5b-9128022.jpg\",\"width\":1200,\"height\":675},{\"@type\":\"BreadcrumbList\",\"@id\":\"https:\\\/\\\/e-ciftlik.com\\\/haberler\\\/seyahat\\\/ecb-baskani-lagardedan-ticaret-savasi-uyarisi\\\/#breadcrumb\",\"itemListElement\":[{\"@type\":\"ListItem\",\"position\":1,\"name\":\"Anasayfa\",\"item\":\"https:\\\/\\\/e-ciftlik.com\\\/haberler\\\/\"},{\"@type\":\"ListItem\",\"position\":2,\"name\":\"ECB Ba\u015fkan\u0131 Lagarde&#8217;dan Ticaret Sava\u015f\u0131 Uyar\u0131s\u0131\"}]},{\"@type\":\"WebSite\",\"@id\":\"https:\\\/\\\/e-ciftlik.com\\\/haberler\\\/#website\",\"url\":\"https:\\\/\\\/e-ciftlik.com\\\/haberler\\\/\",\"name\":\"E-\u00c7iftlik Haber | G\u00fcncel, Son Dakika Haberler, En Son Haber\",\"description\":\"\",\"publisher\":{\"@id\":\"https:\\\/\\\/e-ciftlik.com\\\/haberler\\\/#organization\"},\"potentialAction\":[{\"@type\":\"SearchAction\",\"target\":{\"@type\":\"EntryPoint\",\"urlTemplate\":\"https:\\\/\\\/e-ciftlik.com\\\/haberler\\\/?s={search_term_string}\"},\"query-input\":{\"@type\":\"PropertyValueSpecification\",\"valueRequired\":true,\"valueName\":\"search_term_string\"}}],\"inLanguage\":\"tr\"},{\"@type\":\"Organization\",\"@id\":\"https:\\\/\\\/e-ciftlik.com\\\/haberler\\\/#organization\",\"name\":\"E-\u00c7\u0130FTL\u0130K HABER\",\"url\":\"https:\\\/\\\/e-ciftlik.com\\\/haberler\\\/\",\"logo\":{\"@type\":\"ImageObject\",\"inLanguage\":\"tr\",\"@id\":\"https:\\\/\\\/e-ciftlik.com\\\/haberler\\\/#\\\/schema\\\/logo\\\/image\\\/\",\"url\":\"https:\\\/\\\/e-ciftlik.com\\\/haberler\\\/wp-content\\\/uploads\\\/2024\\\/06\\\/cropped-cropped-favicon-1-2.png\",\"contentUrl\":\"https:\\\/\\\/e-ciftlik.com\\\/haberler\\\/wp-content\\\/uploads\\\/2024\\\/06\\\/cropped-cropped-favicon-1-2.png\",\"width\":512,\"height\":512,\"caption\":\"E-\u00c7\u0130FTL\u0130K HABER\"},\"image\":{\"@id\":\"https:\\\/\\\/e-ciftlik.com\\\/haberler\\\/#\\\/schema\\\/logo\\\/image\\\/\"},\"sameAs\":[\"https:\\\/\\\/www.facebook.com\\\/eciftlikturkiye\",\"https:\\\/\\\/x.com\\\/eciftlikresmi\",\"https:\\\/\\\/www.instagram.com\\\/eciftlikresmi\\\/\"]},{\"@type\":\"Person\",\"@id\":\"https:\\\/\\\/e-ciftlik.com\\\/haberler\\\/#\\\/schema\\\/person\\\/d2f4fee3143d7f72be82cb887d51b00a\",\"name\":\"Haber Merkezi\",\"image\":{\"@type\":\"ImageObject\",\"inLanguage\":\"tr\",\"@id\":\"https:\\\/\\\/secure.gravatar.com\\\/avatar\\\/6c27d641914e66c1d0452c92716002398782818991d86db1c2cccb531e7c7c82?s=96&d=mm&r=g\",\"url\":\"https:\\\/\\\/secure.gravatar.com\\\/avatar\\\/6c27d641914e66c1d0452c92716002398782818991d86db1c2cccb531e7c7c82?s=96&d=mm&r=g\",\"contentUrl\":\"https:\\\/\\\/secure.gravatar.com\\\/avatar\\\/6c27d641914e66c1d0452c92716002398782818991d86db1c2cccb531e7c7c82?s=96&d=mm&r=g\",\"caption\":\"Haber Merkezi\"},\"sameAs\":[\"http:\\\/\\\/e-ciftlik.com\\\/haberler\"]}]}<\/script>\n<!-- \/ Yoast SEO Premium plugin. -->","yoast_head_json":{"title":"ECB Ba\u015fkan\u0131 Lagarde'dan Ticaret Sava\u015f\u0131 Uyar\u0131s\u0131 - E-&Ccedil;\u0130FTL\u0130K HABER","description":"Avrupa Merkez Bankas\u0131 (ECB) Ba\u015fkan\u0131 Christine Lagarde, bir ticaret sava\u015f\u0131n\u0131n Euro B\u00f6lgesi enflasyonunu tek ba\u015f\u0131na yar\u0131m puan art\u0131rabilece\u011fi ve bunun","robots":{"index":"index","follow":"follow","max-snippet":"max-snippet:-1","max-image-preview":"max-image-preview:large","max-video-preview":"max-video-preview:-1"},"canonical":"https:\/\/e-ciftlik.com\/haberler\/seyahat\/ecb-baskani-lagardedan-ticaret-savasi-uyarisi\/","og_locale":"tr_TR","og_type":"article","og_title":"ECB Ba\u015fkan\u0131 Lagarde'dan Ticaret Sava\u015f\u0131 Uyar\u0131s\u0131","og_description":"Avrupa Merkez Bankas\u0131 (ECB) Ba\u015fkan\u0131 Christine Lagarde, bir ticaret sava\u015f\u0131n\u0131n Euro B\u00f6lgesi enflasyonunu tek ba\u015f\u0131na yar\u0131m puan art\u0131rabilece\u011fi ve bunun","og_url":"https:\/\/e-ciftlik.com\/haberler\/seyahat\/ecb-baskani-lagardedan-ticaret-savasi-uyarisi\/","og_site_name":"E-&Ccedil;\u0130FTL\u0130K HABER","article_publisher":"https:\/\/www.facebook.com\/eciftlikturkiye","article_published_time":"2025-03-21T15:48:35+00:00","og_image":[{"width":1200,"height":675,"url":"https:\/\/e-ciftlik.com\/haberler\/wp-content\/uploads\/2025\/03\/1200x675_cmsv2_52e1676b-4d4b-502e-bc9b-d386f24ceb5b-9128022.jpg","type":"image\/jpeg"}],"author":"Haber Merkezi","twitter_card":"summary_large_image","twitter_creator":"@eciftlikresmi","twitter_site":"@eciftlikresmi","twitter_misc":{"Yazan:":"Haber Merkezi","Tahmini okuma s\u00fcresi":"5 dakika"},"schema":{"@context":"https:\/\/schema.org","@graph":[{"@type":"NewsArticle","@id":"https:\/\/e-ciftlik.com\/haberler\/seyahat\/ecb-baskani-lagardedan-ticaret-savasi-uyarisi\/#article","isPartOf":{"@id":"https:\/\/e-ciftlik.com\/haberler\/seyahat\/ecb-baskani-lagardedan-ticaret-savasi-uyarisi\/"},"author":{"name":"Haber Merkezi","@id":"https:\/\/e-ciftlik.com\/haberler\/#\/schema\/person\/d2f4fee3143d7f72be82cb887d51b00a"},"headline":"ECB Ba\u015fkan\u0131 Lagarde&#8217;dan Ticaret Sava\u015f\u0131 Uyar\u0131s\u0131","datePublished":"2025-03-21T15:48:35+00:00","mainEntityOfPage":{"@id":"https:\/\/e-ciftlik.com\/haberler\/seyahat\/ecb-baskani-lagardedan-ticaret-savasi-uyarisi\/"},"wordCount":1000,"commentCount":0,"publisher":{"@id":"https:\/\/e-ciftlik.com\/haberler\/#organization"},"image":{"@id":"https:\/\/e-ciftlik.com\/haberler\/seyahat\/ecb-baskani-lagardedan-ticaret-savasi-uyarisi\/#primaryimage"},"thumbnailUrl":"https:\/\/e-ciftlik.com\/haberler\/wp-content\/uploads\/2025\/03\/1200x675_cmsv2_52e1676b-4d4b-502e-bc9b-d386f24ceb5b-9128022.jpg","articleSection":["Seyahat"],"inLanguage":"tr","potentialAction":[{"@type":"CommentAction","name":"Comment","target":["https:\/\/e-ciftlik.com\/haberler\/seyahat\/ecb-baskani-lagardedan-ticaret-savasi-uyarisi\/#respond"]}]},{"@type":"WebPage","@id":"https:\/\/e-ciftlik.com\/haberler\/seyahat\/ecb-baskani-lagardedan-ticaret-savasi-uyarisi\/","url":"https:\/\/e-ciftlik.com\/haberler\/seyahat\/ecb-baskani-lagardedan-ticaret-savasi-uyarisi\/","name":"ECB Ba\u015fkan\u0131 Lagarde'dan Ticaret Sava\u015f\u0131 Uyar\u0131s\u0131 - E-&Ccedil;\u0130FTL\u0130K HABER","isPartOf":{"@id":"https:\/\/e-ciftlik.com\/haberler\/#website"},"primaryImageOfPage":{"@id":"https:\/\/e-ciftlik.com\/haberler\/seyahat\/ecb-baskani-lagardedan-ticaret-savasi-uyarisi\/#primaryimage"},"image":{"@id":"https:\/\/e-ciftlik.com\/haberler\/seyahat\/ecb-baskani-lagardedan-ticaret-savasi-uyarisi\/#primaryimage"},"thumbnailUrl":"https:\/\/e-ciftlik.com\/haberler\/wp-content\/uploads\/2025\/03\/1200x675_cmsv2_52e1676b-4d4b-502e-bc9b-d386f24ceb5b-9128022.jpg","datePublished":"2025-03-21T15:48:35+00:00","description":"Avrupa Merkez Bankas\u0131 (ECB) Ba\u015fkan\u0131 Christine Lagarde, bir ticaret sava\u015f\u0131n\u0131n Euro B\u00f6lgesi enflasyonunu tek ba\u015f\u0131na yar\u0131m puan art\u0131rabilece\u011fi ve bunun","breadcrumb":{"@id":"https:\/\/e-ciftlik.com\/haberler\/seyahat\/ecb-baskani-lagardedan-ticaret-savasi-uyarisi\/#breadcrumb"},"inLanguage":"tr","potentialAction":[{"@type":"ReadAction","target":["https:\/\/e-ciftlik.com\/haberler\/seyahat\/ecb-baskani-lagardedan-ticaret-savasi-uyarisi\/"]}]},{"@type":"ImageObject","inLanguage":"tr","@id":"https:\/\/e-ciftlik.com\/haberler\/seyahat\/ecb-baskani-lagardedan-ticaret-savasi-uyarisi\/#primaryimage","url":"https:\/\/e-ciftlik.com\/haberler\/wp-content\/uploads\/2025\/03\/1200x675_cmsv2_52e1676b-4d4b-502e-bc9b-d386f24ceb5b-9128022.jpg","contentUrl":"https:\/\/e-ciftlik.com\/haberler\/wp-content\/uploads\/2025\/03\/1200x675_cmsv2_52e1676b-4d4b-502e-bc9b-d386f24ceb5b-9128022.jpg","width":1200,"height":675},{"@type":"BreadcrumbList","@id":"https:\/\/e-ciftlik.com\/haberler\/seyahat\/ecb-baskani-lagardedan-ticaret-savasi-uyarisi\/#breadcrumb","itemListElement":[{"@type":"ListItem","position":1,"name":"Anasayfa","item":"https:\/\/e-ciftlik.com\/haberler\/"},{"@type":"ListItem","position":2,"name":"ECB Ba\u015fkan\u0131 Lagarde&#8217;dan Ticaret Sava\u015f\u0131 Uyar\u0131s\u0131"}]},{"@type":"WebSite","@id":"https:\/\/e-ciftlik.com\/haberler\/#website","url":"https:\/\/e-ciftlik.com\/haberler\/","name":"E-\u00c7iftlik Haber | G\u00fcncel, Son Dakika Haberler, En Son Haber","description":"","publisher":{"@id":"https:\/\/e-ciftlik.com\/haberler\/#organization"},"potentialAction":[{"@type":"SearchAction","target":{"@type":"EntryPoint","urlTemplate":"https:\/\/e-ciftlik.com\/haberler\/?s={search_term_string}"},"query-input":{"@type":"PropertyValueSpecification","valueRequired":true,"valueName":"search_term_string"}}],"inLanguage":"tr"},{"@type":"Organization","@id":"https:\/\/e-ciftlik.com\/haberler\/#organization","name":"E-\u00c7\u0130FTL\u0130K HABER","url":"https:\/\/e-ciftlik.com\/haberler\/","logo":{"@type":"ImageObject","inLanguage":"tr","@id":"https:\/\/e-ciftlik.com\/haberler\/#\/schema\/logo\/image\/","url":"https:\/\/e-ciftlik.com\/haberler\/wp-content\/uploads\/2024\/06\/cropped-cropped-favicon-1-2.png","contentUrl":"https:\/\/e-ciftlik.com\/haberler\/wp-content\/uploads\/2024\/06\/cropped-cropped-favicon-1-2.png","width":512,"height":512,"caption":"E-\u00c7\u0130FTL\u0130K HABER"},"image":{"@id":"https:\/\/e-ciftlik.com\/haberler\/#\/schema\/logo\/image\/"},"sameAs":["https:\/\/www.facebook.com\/eciftlikturkiye","https:\/\/x.com\/eciftlikresmi","https:\/\/www.instagram.com\/eciftlikresmi\/"]},{"@type":"Person","@id":"https:\/\/e-ciftlik.com\/haberler\/#\/schema\/person\/d2f4fee3143d7f72be82cb887d51b00a","name":"Haber Merkezi","image":{"@type":"ImageObject","inLanguage":"tr","@id":"https:\/\/secure.gravatar.com\/avatar\/6c27d641914e66c1d0452c92716002398782818991d86db1c2cccb531e7c7c82?s=96&d=mm&r=g","url":"https:\/\/secure.gravatar.com\/avatar\/6c27d641914e66c1d0452c92716002398782818991d86db1c2cccb531e7c7c82?s=96&d=mm&r=g","contentUrl":"https:\/\/secure.gravatar.com\/avatar\/6c27d641914e66c1d0452c92716002398782818991d86db1c2cccb531e7c7c82?s=96&d=mm&r=g","caption":"Haber Merkezi"},"sameAs":["http:\/\/e-ciftlik.com\/haberler"]}]}},"_links":{"self":[{"href":"https:\/\/e-ciftlik.com\/haberler\/wp-json\/wp\/v2\/posts\/89408","targetHints":{"allow":["GET"]}}],"collection":[{"href":"https:\/\/e-ciftlik.com\/haberler\/wp-json\/wp\/v2\/posts"}],"about":[{"href":"https:\/\/e-ciftlik.com\/haberler\/wp-json\/wp\/v2\/types\/post"}],"author":[{"embeddable":true,"href":"https:\/\/e-ciftlik.com\/haberler\/wp-json\/wp\/v2\/users\/1"}],"replies":[{"embeddable":true,"href":"https:\/\/e-ciftlik.com\/haberler\/wp-json\/wp\/v2\/comments?post=89408"}],"version-history":[{"count":0,"href":"https:\/\/e-ciftlik.com\/haberler\/wp-json\/wp\/v2\/posts\/89408\/revisions"}],"wp:featuredmedia":[{"embeddable":true,"href":"https:\/\/e-ciftlik.com\/haberler\/wp-json\/wp\/v2\/media\/89409"}],"wp:attachment":[{"href":"https:\/\/e-ciftlik.com\/haberler\/wp-json\/wp\/v2\/media?parent=89408"}],"wp:term":[{"taxonomy":"category","embeddable":true,"href":"https:\/\/e-ciftlik.com\/haberler\/wp-json\/wp\/v2\/categories?post=89408"},{"taxonomy":"post_tag","embeddable":true,"href":"https:\/\/e-ciftlik.com\/haberler\/wp-json\/wp\/v2\/tags?post=89408"}],"curies":[{"name":"wp","href":"https:\/\/api.w.org\/{rel}","templated":true}]}}