{"id":89410,"date":"2025-03-21T15:54:29","date_gmt":"2025-03-21T15:54:29","guid":{"rendered":"http:\/\/e-ciftlik.com\/haberler\/gundem\/adalet-bakani-yilmaz-tunctan-onemli-aciklamalar\/"},"modified":"2025-03-21T15:54:29","modified_gmt":"2025-03-21T15:54:29","slug":"adalet-bakani-yilmaz-tunctan-onemli-aciklamalar","status":"publish","type":"post","link":"https:\/\/e-ciftlik.com\/haberler\/gundem\/adalet-bakani-yilmaz-tunctan-onemli-aciklamalar\/","title":{"rendered":"Adalet Bakan\u0131 Y\u0131lmaz Tun\u00e7&#8217;tan \u00d6nemli A\u00e7\u0131klamalar"},"content":{"rendered":"<p>Adalet Bakan\u0131 Y\u0131lmaz Tun\u00e7, g\u00fcndemle ilgili \u00f6nemli a\u00e7\u0131klamalarda bulundu. \u00d6rg\u00fctl\u00fc Su\u00e7lar Soru\u015fturma B\u00fcrosu taraf\u0131ndan yap\u0131lan soru\u015fturmada, 100 ki\u015fi hakk\u0131nda r\u00fc\u015fvet, ihaleye fesat kar\u0131\u015ft\u0131rma, nitelikli doland\u0131r\u0131c\u0131l\u0131k ve ki\u015fisel verileri hukuka ayk\u0131r\u0131 ele ge\u00e7irme su\u00e7lar\u0131ndan g\u00f6zalt\u0131 kararlar\u0131 verildi. Toplamda 106 ki\u015fi hakk\u0131nda i\u015flem ba\u015flat\u0131ld\u0131; 90 ki\u015finin emniyetteki i\u015flemleri devam ederken, 16 ki\u015finin yakalanma \u00e7al\u0131\u015fmalar\u0131 s\u00fcr\u00fcyor. Adalet Bakan\u0131, &#8220;Devleti su\u00e7 \u00f6rg\u00fct\u00fc gibi y\u00f6netiyorlar&#8221; ifadesini reddederek, T\u00fcrkiye&#8217;nin bir hukuk devleti oldu\u011funu vurgulad\u0131. Sokak \u00e7a\u011fr\u0131s\u0131n\u0131n do\u011fru olmad\u0131\u011f\u0131n\u0131 belirterek, soru\u015fturman\u0131n sonu\u00e7lanmas\u0131n\u0131 beklemek gerekti\u011fini s\u00f6yledi.<\/p>\n<p>Adalet Bakan\u0131 Tun\u00e7, Yarg\u0131&#8217;n\u0131n ba\u011f\u0131ms\u0131z oldu\u011funu ve hi\u00e7 kimseden talimat almad\u0131\u011f\u0131n\u0131 vurgulad\u0131. Sulh Ceza Hakimlerinin verece\u011fi kararlar\u0131n hukuk i\u00e7inde denetime tabi oldu\u011funu belirten Tun\u00e7, gen\u00e7leri k\u0131\u015fk\u0131rtarak yarg\u0131y\u0131 etkilemenin m\u00fcmk\u00fcn olmad\u0131\u011f\u0131n\u0131 ifade etti. Yarg\u0131n\u0131n millet ad\u0131na \u00e7al\u0131\u015ft\u0131\u011f\u0131n\u0131 ve haks\u0131zl\u0131klar\u0131n hesab\u0131n\u0131n sorulaca\u011f\u0131n\u0131 belirten Adalet Bakan\u0131, soru\u015fturman\u0131n sonucunu sab\u0131rla beklemek gerekti\u011fini s\u00f6yledi. Ayr\u0131ca, cumhurba\u015fkan\u0131 ile soru\u015fturmay\u0131 ili\u015fkilendirmenin hadsizlik oldu\u011funu belirterek, yarg\u0131n\u0131n Anayasa&#8217;dan ald\u0131\u011f\u0131 yetkiyi kulland\u0131\u011f\u0131n\u0131 ve herhangi bir talimat almad\u0131\u011f\u0131n\u0131 vurgulad\u0131.<\/p>\n","protected":false},"excerpt":{"rendered":"<p>Adalet Bakan\u0131 Y\u0131lmaz Tun\u00e7, g\u00fcndemle ilgili \u00f6nemli a\u00e7\u0131klamalarda bulundu. \u00d6rg\u00fctl\u00fc Su\u00e7lar Soru\u015fturma B\u00fcrosu taraf\u0131ndan yap\u0131lan&hellip;<\/p>\n","protected":false},"author":1,"featured_media":89411,"comment_status":"open","ping_status":"open","sticky":false,"template":"","format":"standard","meta":{"footnotes":""},"categories":[10],"tags":[],"class_list":["post-89410","post","type-post","status-publish","format-standard","has-post-thumbnail","hentry","category-gundem"],"yoast_head":"<!-- This site is optimized with the Yoast SEO Premium plugin v24.3 (Yoast SEO v27.4) - https:\/\/yoast.com\/product\/yoast-seo-premium-wordpress\/ -->\n<title>Adalet Bakan\u0131 Y\u0131lmaz Tun\u00e7&#039;tan \u00d6nemli A\u00e7\u0131klamalar - E-&Ccedil;\u0130FTL\u0130K HABER<\/title>\n<meta name=\"description\" content=\"Adalet Bakan\u0131 Y\u0131lmaz Tun\u00e7, g\u00fcndemle ilgili \u00f6nemli a\u00e7\u0131klamalarda bulundu. \u00d6rg\u00fctl\u00fc Su\u00e7lar Soru\u015fturma B\u00fcrosu taraf\u0131ndan yap\u0131lan soru\u015fturmada, 100 ki\u015fi\" \/>\n<meta name=\"robots\" content=\"index, follow, max-snippet:-1, max-image-preview:large, max-video-preview:-1\" \/>\n<link rel=\"canonical\" href=\"http:\/\/e-ciftlik.com\/haberler\/gundem\/adalet-bakani-yilmaz-tunctan-onemli-aciklamalar\/\" \/>\n<meta property=\"og:locale\" content=\"tr_TR\" \/>\n<meta property=\"og:type\" content=\"article\" \/>\n<meta property=\"og:title\" content=\"Adalet Bakan\u0131 Y\u0131lmaz Tun\u00e7&#039;tan \u00d6nemli A\u00e7\u0131klamalar\" \/>\n<meta property=\"og:description\" content=\"Adalet Bakan\u0131 Y\u0131lmaz Tun\u00e7, g\u00fcndemle ilgili \u00f6nemli a\u00e7\u0131klamalarda bulundu. \u00d6rg\u00fctl\u00fc Su\u00e7lar Soru\u015fturma B\u00fcrosu taraf\u0131ndan yap\u0131lan soru\u015fturmada, 100 ki\u015fi\" \/>\n<meta property=\"og:url\" content=\"http:\/\/e-ciftlik.com\/haberler\/gundem\/adalet-bakani-yilmaz-tunctan-onemli-aciklamalar\/\" \/>\n<meta property=\"og:site_name\" content=\"E-&Ccedil;\u0130FTL\u0130K HABER\" \/>\n<meta property=\"article:publisher\" content=\"https:\/\/www.facebook.com\/eciftlikturkiye\" \/>\n<meta property=\"article:published_time\" content=\"2025-03-21T15:54:29+00:00\" \/>\n<meta property=\"og:image\" content=\"http:\/\/e-ciftlik.com\/haberler\/wp-content\/uploads\/2025\/03\/adalet-bakani-yilmaz-tunctan-onemli-aciklamalar-1742570475506.jpeg\" \/>\n\t<meta property=\"og:image:width\" content=\"1200\" \/>\n\t<meta property=\"og:image:height\" content=\"675\" \/>\n\t<meta property=\"og:image:type\" content=\"image\/jpeg\" \/>\n<meta name=\"author\" content=\"Haber Merkezi\" \/>\n<meta name=\"twitter:card\" content=\"summary_large_image\" \/>\n<meta name=\"twitter:creator\" content=\"@eciftlikresmi\" \/>\n<meta name=\"twitter:site\" content=\"@eciftlikresmi\" \/>\n<meta name=\"twitter:label1\" content=\"Yazan:\" \/>\n\t<meta name=\"twitter:data1\" content=\"Haber Merkezi\" \/>\n\t<meta name=\"twitter:label2\" content=\"Tahmini okuma s\u00fcresi\" \/>\n\t<meta name=\"twitter:data2\" content=\"1 dakika\" \/>\n<script type=\"application\/ld+json\" class=\"yoast-schema-graph\">{\"@context\":\"https:\\\/\\\/schema.org\",\"@graph\":[{\"@type\":\"NewsArticle\",\"@id\":\"http:\\\/\\\/e-ciftlik.com\\\/haberler\\\/gundem\\\/adalet-bakani-yilmaz-tunctan-onemli-aciklamalar\\\/#article\",\"isPartOf\":{\"@id\":\"http:\\\/\\\/e-ciftlik.com\\\/haberler\\\/gundem\\\/adalet-bakani-yilmaz-tunctan-onemli-aciklamalar\\\/\"},\"author\":{\"name\":\"Haber Merkezi\",\"@id\":\"https:\\\/\\\/e-ciftlik.com\\\/haberler\\\/#\\\/schema\\\/person\\\/d2f4fee3143d7f72be82cb887d51b00a\"},\"headline\":\"Adalet Bakan\u0131 Y\u0131lmaz Tun\u00e7&#8217;tan \u00d6nemli A\u00e7\u0131klamalar\",\"datePublished\":\"2025-03-21T15:54:29+00:00\",\"mainEntityOfPage\":{\"@id\":\"http:\\\/\\\/e-ciftlik.com\\\/haberler\\\/gundem\\\/adalet-bakani-yilmaz-tunctan-onemli-aciklamalar\\\/\"},\"wordCount\":247,\"commentCount\":0,\"publisher\":{\"@id\":\"https:\\\/\\\/e-ciftlik.com\\\/haberler\\\/#organization\"},\"image\":{\"@id\":\"http:\\\/\\\/e-ciftlik.com\\\/haberler\\\/gundem\\\/adalet-bakani-yilmaz-tunctan-onemli-aciklamalar\\\/#primaryimage\"},\"thumbnailUrl\":\"https:\\\/\\\/e-ciftlik.com\\\/haberler\\\/wp-content\\\/uploads\\\/2025\\\/03\\\/adalet-bakani-yilmaz-tunctan-onemli-aciklamalar-1742570475506.jpeg\",\"articleSection\":[\"G\u00fcndem\"],\"inLanguage\":\"tr\",\"potentialAction\":[{\"@type\":\"CommentAction\",\"name\":\"Comment\",\"target\":[\"http:\\\/\\\/e-ciftlik.com\\\/haberler\\\/gundem\\\/adalet-bakani-yilmaz-tunctan-onemli-aciklamalar\\\/#respond\"]}]},{\"@type\":\"WebPage\",\"@id\":\"http:\\\/\\\/e-ciftlik.com\\\/haberler\\\/gundem\\\/adalet-bakani-yilmaz-tunctan-onemli-aciklamalar\\\/\",\"url\":\"http:\\\/\\\/e-ciftlik.com\\\/haberler\\\/gundem\\\/adalet-bakani-yilmaz-tunctan-onemli-aciklamalar\\\/\",\"name\":\"Adalet Bakan\u0131 Y\u0131lmaz Tun\u00e7'tan \u00d6nemli A\u00e7\u0131klamalar - E-&Ccedil;\u0130FTL\u0130K HABER\",\"isPartOf\":{\"@id\":\"https:\\\/\\\/e-ciftlik.com\\\/haberler\\\/#website\"},\"primaryImageOfPage\":{\"@id\":\"http:\\\/\\\/e-ciftlik.com\\\/haberler\\\/gundem\\\/adalet-bakani-yilmaz-tunctan-onemli-aciklamalar\\\/#primaryimage\"},\"image\":{\"@id\":\"http:\\\/\\\/e-ciftlik.com\\\/haberler\\\/gundem\\\/adalet-bakani-yilmaz-tunctan-onemli-aciklamalar\\\/#primaryimage\"},\"thumbnailUrl\":\"https:\\\/\\\/e-ciftlik.com\\\/haberler\\\/wp-content\\\/uploads\\\/2025\\\/03\\\/adalet-bakani-yilmaz-tunctan-onemli-aciklamalar-1742570475506.jpeg\",\"datePublished\":\"2025-03-21T15:54:29+00:00\",\"description\":\"Adalet Bakan\u0131 Y\u0131lmaz Tun\u00e7, g\u00fcndemle ilgili \u00f6nemli a\u00e7\u0131klamalarda bulundu. \u00d6rg\u00fctl\u00fc Su\u00e7lar Soru\u015fturma B\u00fcrosu taraf\u0131ndan yap\u0131lan soru\u015fturmada, 100 ki\u015fi\",\"breadcrumb\":{\"@id\":\"http:\\\/\\\/e-ciftlik.com\\\/haberler\\\/gundem\\\/adalet-bakani-yilmaz-tunctan-onemli-aciklamalar\\\/#breadcrumb\"},\"inLanguage\":\"tr\",\"potentialAction\":[{\"@type\":\"ReadAction\",\"target\":[\"http:\\\/\\\/e-ciftlik.com\\\/haberler\\\/gundem\\\/adalet-bakani-yilmaz-tunctan-onemli-aciklamalar\\\/\"]}]},{\"@type\":\"ImageObject\",\"inLanguage\":\"tr\",\"@id\":\"http:\\\/\\\/e-ciftlik.com\\\/haberler\\\/gundem\\\/adalet-bakani-yilmaz-tunctan-onemli-aciklamalar\\\/#primaryimage\",\"url\":\"https:\\\/\\\/e-ciftlik.com\\\/haberler\\\/wp-content\\\/uploads\\\/2025\\\/03\\\/adalet-bakani-yilmaz-tunctan-onemli-aciklamalar-1742570475506.jpeg\",\"contentUrl\":\"https:\\\/\\\/e-ciftlik.com\\\/haberler\\\/wp-content\\\/uploads\\\/2025\\\/03\\\/adalet-bakani-yilmaz-tunctan-onemli-aciklamalar-1742570475506.jpeg\",\"width\":1200,\"height\":675},{\"@type\":\"BreadcrumbList\",\"@id\":\"http:\\\/\\\/e-ciftlik.com\\\/haberler\\\/gundem\\\/adalet-bakani-yilmaz-tunctan-onemli-aciklamalar\\\/#breadcrumb\",\"itemListElement\":[{\"@type\":\"ListItem\",\"position\":1,\"name\":\"Anasayfa\",\"item\":\"https:\\\/\\\/e-ciftlik.com\\\/haberler\\\/\"},{\"@type\":\"ListItem\",\"position\":2,\"name\":\"Adalet Bakan\u0131 Y\u0131lmaz Tun\u00e7&#8217;tan \u00d6nemli A\u00e7\u0131klamalar\"}]},{\"@type\":\"WebSite\",\"@id\":\"https:\\\/\\\/e-ciftlik.com\\\/haberler\\\/#website\",\"url\":\"https:\\\/\\\/e-ciftlik.com\\\/haberler\\\/\",\"name\":\"E-\u00c7iftlik Haber | G\u00fcncel, Son Dakika Haberler, En Son Haber\",\"description\":\"\",\"publisher\":{\"@id\":\"https:\\\/\\\/e-ciftlik.com\\\/haberler\\\/#organization\"},\"potentialAction\":[{\"@type\":\"SearchAction\",\"target\":{\"@type\":\"EntryPoint\",\"urlTemplate\":\"https:\\\/\\\/e-ciftlik.com\\\/haberler\\\/?s={search_term_string}\"},\"query-input\":{\"@type\":\"PropertyValueSpecification\",\"valueRequired\":true,\"valueName\":\"search_term_string\"}}],\"inLanguage\":\"tr\"},{\"@type\":\"Organization\",\"@id\":\"https:\\\/\\\/e-ciftlik.com\\\/haberler\\\/#organization\",\"name\":\"E-\u00c7\u0130FTL\u0130K HABER\",\"url\":\"https:\\\/\\\/e-ciftlik.com\\\/haberler\\\/\",\"logo\":{\"@type\":\"ImageObject\",\"inLanguage\":\"tr\",\"@id\":\"https:\\\/\\\/e-ciftlik.com\\\/haberler\\\/#\\\/schema\\\/logo\\\/image\\\/\",\"url\":\"https:\\\/\\\/e-ciftlik.com\\\/haberler\\\/wp-content\\\/uploads\\\/2024\\\/06\\\/cropped-cropped-favicon-1-2.png\",\"contentUrl\":\"https:\\\/\\\/e-ciftlik.com\\\/haberler\\\/wp-content\\\/uploads\\\/2024\\\/06\\\/cropped-cropped-favicon-1-2.png\",\"width\":512,\"height\":512,\"caption\":\"E-\u00c7\u0130FTL\u0130K HABER\"},\"image\":{\"@id\":\"https:\\\/\\\/e-ciftlik.com\\\/haberler\\\/#\\\/schema\\\/logo\\\/image\\\/\"},\"sameAs\":[\"https:\\\/\\\/www.facebook.com\\\/eciftlikturkiye\",\"https:\\\/\\\/x.com\\\/eciftlikresmi\",\"https:\\\/\\\/www.instagram.com\\\/eciftlikresmi\\\/\"]},{\"@type\":\"Person\",\"@id\":\"https:\\\/\\\/e-ciftlik.com\\\/haberler\\\/#\\\/schema\\\/person\\\/d2f4fee3143d7f72be82cb887d51b00a\",\"name\":\"Haber Merkezi\",\"image\":{\"@type\":\"ImageObject\",\"inLanguage\":\"tr\",\"@id\":\"https:\\\/\\\/secure.gravatar.com\\\/avatar\\\/6c27d641914e66c1d0452c92716002398782818991d86db1c2cccb531e7c7c82?s=96&d=mm&r=g\",\"url\":\"https:\\\/\\\/secure.gravatar.com\\\/avatar\\\/6c27d641914e66c1d0452c92716002398782818991d86db1c2cccb531e7c7c82?s=96&d=mm&r=g\",\"contentUrl\":\"https:\\\/\\\/secure.gravatar.com\\\/avatar\\\/6c27d641914e66c1d0452c92716002398782818991d86db1c2cccb531e7c7c82?s=96&d=mm&r=g\",\"caption\":\"Haber Merkezi\"},\"sameAs\":[\"http:\\\/\\\/e-ciftlik.com\\\/haberler\"]}]}<\/script>\n<!-- \/ Yoast SEO Premium plugin. -->","yoast_head_json":{"title":"Adalet Bakan\u0131 Y\u0131lmaz Tun\u00e7'tan \u00d6nemli A\u00e7\u0131klamalar - E-&Ccedil;\u0130FTL\u0130K HABER","description":"Adalet Bakan\u0131 Y\u0131lmaz Tun\u00e7, g\u00fcndemle ilgili \u00f6nemli a\u00e7\u0131klamalarda bulundu. \u00d6rg\u00fctl\u00fc Su\u00e7lar Soru\u015fturma B\u00fcrosu taraf\u0131ndan yap\u0131lan soru\u015fturmada, 100 ki\u015fi","robots":{"index":"index","follow":"follow","max-snippet":"max-snippet:-1","max-image-preview":"max-image-preview:large","max-video-preview":"max-video-preview:-1"},"canonical":"http:\/\/e-ciftlik.com\/haberler\/gundem\/adalet-bakani-yilmaz-tunctan-onemli-aciklamalar\/","og_locale":"tr_TR","og_type":"article","og_title":"Adalet Bakan\u0131 Y\u0131lmaz Tun\u00e7'tan \u00d6nemli A\u00e7\u0131klamalar","og_description":"Adalet Bakan\u0131 Y\u0131lmaz Tun\u00e7, g\u00fcndemle ilgili \u00f6nemli a\u00e7\u0131klamalarda bulundu. \u00d6rg\u00fctl\u00fc Su\u00e7lar Soru\u015fturma B\u00fcrosu taraf\u0131ndan yap\u0131lan soru\u015fturmada, 100 ki\u015fi","og_url":"http:\/\/e-ciftlik.com\/haberler\/gundem\/adalet-bakani-yilmaz-tunctan-onemli-aciklamalar\/","og_site_name":"E-&Ccedil;\u0130FTL\u0130K HABER","article_publisher":"https:\/\/www.facebook.com\/eciftlikturkiye","article_published_time":"2025-03-21T15:54:29+00:00","og_image":[{"width":1200,"height":675,"url":"http:\/\/e-ciftlik.com\/haberler\/wp-content\/uploads\/2025\/03\/adalet-bakani-yilmaz-tunctan-onemli-aciklamalar-1742570475506.jpeg","type":"image\/jpeg"}],"author":"Haber Merkezi","twitter_card":"summary_large_image","twitter_creator":"@eciftlikresmi","twitter_site":"@eciftlikresmi","twitter_misc":{"Yazan:":"Haber Merkezi","Tahmini okuma s\u00fcresi":"1 dakika"},"schema":{"@context":"https:\/\/schema.org","@graph":[{"@type":"NewsArticle","@id":"http:\/\/e-ciftlik.com\/haberler\/gundem\/adalet-bakani-yilmaz-tunctan-onemli-aciklamalar\/#article","isPartOf":{"@id":"http:\/\/e-ciftlik.com\/haberler\/gundem\/adalet-bakani-yilmaz-tunctan-onemli-aciklamalar\/"},"author":{"name":"Haber Merkezi","@id":"https:\/\/e-ciftlik.com\/haberler\/#\/schema\/person\/d2f4fee3143d7f72be82cb887d51b00a"},"headline":"Adalet Bakan\u0131 Y\u0131lmaz Tun\u00e7&#8217;tan \u00d6nemli A\u00e7\u0131klamalar","datePublished":"2025-03-21T15:54:29+00:00","mainEntityOfPage":{"@id":"http:\/\/e-ciftlik.com\/haberler\/gundem\/adalet-bakani-yilmaz-tunctan-onemli-aciklamalar\/"},"wordCount":247,"commentCount":0,"publisher":{"@id":"https:\/\/e-ciftlik.com\/haberler\/#organization"},"image":{"@id":"http:\/\/e-ciftlik.com\/haberler\/gundem\/adalet-bakani-yilmaz-tunctan-onemli-aciklamalar\/#primaryimage"},"thumbnailUrl":"https:\/\/e-ciftlik.com\/haberler\/wp-content\/uploads\/2025\/03\/adalet-bakani-yilmaz-tunctan-onemli-aciklamalar-1742570475506.jpeg","articleSection":["G\u00fcndem"],"inLanguage":"tr","potentialAction":[{"@type":"CommentAction","name":"Comment","target":["http:\/\/e-ciftlik.com\/haberler\/gundem\/adalet-bakani-yilmaz-tunctan-onemli-aciklamalar\/#respond"]}]},{"@type":"WebPage","@id":"http:\/\/e-ciftlik.com\/haberler\/gundem\/adalet-bakani-yilmaz-tunctan-onemli-aciklamalar\/","url":"http:\/\/e-ciftlik.com\/haberler\/gundem\/adalet-bakani-yilmaz-tunctan-onemli-aciklamalar\/","name":"Adalet Bakan\u0131 Y\u0131lmaz Tun\u00e7'tan \u00d6nemli A\u00e7\u0131klamalar - E-&Ccedil;\u0130FTL\u0130K HABER","isPartOf":{"@id":"https:\/\/e-ciftlik.com\/haberler\/#website"},"primaryImageOfPage":{"@id":"http:\/\/e-ciftlik.com\/haberler\/gundem\/adalet-bakani-yilmaz-tunctan-onemli-aciklamalar\/#primaryimage"},"image":{"@id":"http:\/\/e-ciftlik.com\/haberler\/gundem\/adalet-bakani-yilmaz-tunctan-onemli-aciklamalar\/#primaryimage"},"thumbnailUrl":"https:\/\/e-ciftlik.com\/haberler\/wp-content\/uploads\/2025\/03\/adalet-bakani-yilmaz-tunctan-onemli-aciklamalar-1742570475506.jpeg","datePublished":"2025-03-21T15:54:29+00:00","description":"Adalet Bakan\u0131 Y\u0131lmaz Tun\u00e7, g\u00fcndemle ilgili \u00f6nemli a\u00e7\u0131klamalarda bulundu. \u00d6rg\u00fctl\u00fc Su\u00e7lar Soru\u015fturma B\u00fcrosu taraf\u0131ndan yap\u0131lan soru\u015fturmada, 100 ki\u015fi","breadcrumb":{"@id":"http:\/\/e-ciftlik.com\/haberler\/gundem\/adalet-bakani-yilmaz-tunctan-onemli-aciklamalar\/#breadcrumb"},"inLanguage":"tr","potentialAction":[{"@type":"ReadAction","target":["http:\/\/e-ciftlik.com\/haberler\/gundem\/adalet-bakani-yilmaz-tunctan-onemli-aciklamalar\/"]}]},{"@type":"ImageObject","inLanguage":"tr","@id":"http:\/\/e-ciftlik.com\/haberler\/gundem\/adalet-bakani-yilmaz-tunctan-onemli-aciklamalar\/#primaryimage","url":"https:\/\/e-ciftlik.com\/haberler\/wp-content\/uploads\/2025\/03\/adalet-bakani-yilmaz-tunctan-onemli-aciklamalar-1742570475506.jpeg","contentUrl":"https:\/\/e-ciftlik.com\/haberler\/wp-content\/uploads\/2025\/03\/adalet-bakani-yilmaz-tunctan-onemli-aciklamalar-1742570475506.jpeg","width":1200,"height":675},{"@type":"BreadcrumbList","@id":"http:\/\/e-ciftlik.com\/haberler\/gundem\/adalet-bakani-yilmaz-tunctan-onemli-aciklamalar\/#breadcrumb","itemListElement":[{"@type":"ListItem","position":1,"name":"Anasayfa","item":"https:\/\/e-ciftlik.com\/haberler\/"},{"@type":"ListItem","position":2,"name":"Adalet Bakan\u0131 Y\u0131lmaz Tun\u00e7&#8217;tan \u00d6nemli A\u00e7\u0131klamalar"}]},{"@type":"WebSite","@id":"https:\/\/e-ciftlik.com\/haberler\/#website","url":"https:\/\/e-ciftlik.com\/haberler\/","name":"E-\u00c7iftlik Haber | G\u00fcncel, Son Dakika Haberler, En Son Haber","description":"","publisher":{"@id":"https:\/\/e-ciftlik.com\/haberler\/#organization"},"potentialAction":[{"@type":"SearchAction","target":{"@type":"EntryPoint","urlTemplate":"https:\/\/e-ciftlik.com\/haberler\/?s={search_term_string}"},"query-input":{"@type":"PropertyValueSpecification","valueRequired":true,"valueName":"search_term_string"}}],"inLanguage":"tr"},{"@type":"Organization","@id":"https:\/\/e-ciftlik.com\/haberler\/#organization","name":"E-\u00c7\u0130FTL\u0130K HABER","url":"https:\/\/e-ciftlik.com\/haberler\/","logo":{"@type":"ImageObject","inLanguage":"tr","@id":"https:\/\/e-ciftlik.com\/haberler\/#\/schema\/logo\/image\/","url":"https:\/\/e-ciftlik.com\/haberler\/wp-content\/uploads\/2024\/06\/cropped-cropped-favicon-1-2.png","contentUrl":"https:\/\/e-ciftlik.com\/haberler\/wp-content\/uploads\/2024\/06\/cropped-cropped-favicon-1-2.png","width":512,"height":512,"caption":"E-\u00c7\u0130FTL\u0130K HABER"},"image":{"@id":"https:\/\/e-ciftlik.com\/haberler\/#\/schema\/logo\/image\/"},"sameAs":["https:\/\/www.facebook.com\/eciftlikturkiye","https:\/\/x.com\/eciftlikresmi","https:\/\/www.instagram.com\/eciftlikresmi\/"]},{"@type":"Person","@id":"https:\/\/e-ciftlik.com\/haberler\/#\/schema\/person\/d2f4fee3143d7f72be82cb887d51b00a","name":"Haber Merkezi","image":{"@type":"ImageObject","inLanguage":"tr","@id":"https:\/\/secure.gravatar.com\/avatar\/6c27d641914e66c1d0452c92716002398782818991d86db1c2cccb531e7c7c82?s=96&d=mm&r=g","url":"https:\/\/secure.gravatar.com\/avatar\/6c27d641914e66c1d0452c92716002398782818991d86db1c2cccb531e7c7c82?s=96&d=mm&r=g","contentUrl":"https:\/\/secure.gravatar.com\/avatar\/6c27d641914e66c1d0452c92716002398782818991d86db1c2cccb531e7c7c82?s=96&d=mm&r=g","caption":"Haber Merkezi"},"sameAs":["http:\/\/e-ciftlik.com\/haberler"]}]}},"_links":{"self":[{"href":"https:\/\/e-ciftlik.com\/haberler\/wp-json\/wp\/v2\/posts\/89410","targetHints":{"allow":["GET"]}}],"collection":[{"href":"https:\/\/e-ciftlik.com\/haberler\/wp-json\/wp\/v2\/posts"}],"about":[{"href":"https:\/\/e-ciftlik.com\/haberler\/wp-json\/wp\/v2\/types\/post"}],"author":[{"embeddable":true,"href":"https:\/\/e-ciftlik.com\/haberler\/wp-json\/wp\/v2\/users\/1"}],"replies":[{"embeddable":true,"href":"https:\/\/e-ciftlik.com\/haberler\/wp-json\/wp\/v2\/comments?post=89410"}],"version-history":[{"count":0,"href":"https:\/\/e-ciftlik.com\/haberler\/wp-json\/wp\/v2\/posts\/89410\/revisions"}],"wp:featuredmedia":[{"embeddable":true,"href":"https:\/\/e-ciftlik.com\/haberler\/wp-json\/wp\/v2\/media\/89411"}],"wp:attachment":[{"href":"https:\/\/e-ciftlik.com\/haberler\/wp-json\/wp\/v2\/media?parent=89410"}],"wp:term":[{"taxonomy":"category","embeddable":true,"href":"https:\/\/e-ciftlik.com\/haberler\/wp-json\/wp\/v2\/categories?post=89410"},{"taxonomy":"post_tag","embeddable":true,"href":"https:\/\/e-ciftlik.com\/haberler\/wp-json\/wp\/v2\/tags?post=89410"}],"curies":[{"name":"wp","href":"https:\/\/api.w.org\/{rel}","templated":true}]}}