{"id":89414,"date":"2025-03-21T16:05:47","date_gmt":"2025-03-21T16:05:47","guid":{"rendered":"http:\/\/e-ciftlik.com\/haberler\/seyahat\/belaruslu-lider-rusyanin-tehdidi-ciddiye-alinmali\/"},"modified":"2025-03-21T16:05:47","modified_gmt":"2025-03-21T16:05:47","slug":"belaruslu-lider-rusyanin-tehdidi-ciddiye-alinmali","status":"publish","type":"post","link":"https:\/\/e-ciftlik.com\/haberler\/seyahat\/belaruslu-lider-rusyanin-tehdidi-ciddiye-alinmali\/","title":{"rendered":"Belaruslu lider: Rusya&#8217;n\u0131n tehdidi ciddiye al\u0131nmal\u0131!"},"content":{"rendered":"<p>Belaruslu muhalefet lideri Sviatlana Tsikhanouskaya, Euronews&#8217;e yapt\u0131\u011f\u0131 a\u00e7\u0131klamada, Rusya&#8217;n\u0131n Belarus topraklar\u0131ndan AB ve NATO \u00fclkelerine kar\u015f\u0131 sald\u0131r\u0131 tehdidinin ciddiye al\u0131nmas\u0131 gerekti\u011fini vurgulad\u0131. Tsikhanouskaya, Belarus Devlet Ba\u015fkan\u0131 Alexander Luka\u015fenko&#8217;nun iktidarda oldu\u011fu s\u00fcrece Belarus&#8217;un Ukrayna&#8217;ya veya Bat\u0131l\u0131 kom\u015fular\u0131na kar\u015f\u0131 bir tehdit olabilece\u011fini belirtti.<\/p>\n<p>\u015eubat ay\u0131ndaki M\u00fcnih G\u00fcvenlik Konferans\u0131&#8217;nda Ukrayna Cumhurba\u015fkan\u0131 Volodimir Zelenskiy, Rusya&#8217;n\u0131n NATO \u00fclkelerine kar\u015f\u0131 b\u00fcy\u00fck bir askeri gerilime haz\u0131rland\u0131\u011f\u0131 uyar\u0131s\u0131nda bulundu. Zelenskiy, olas\u0131 bir sald\u0131r\u0131 i\u00e7in Belarus&#8217;un bir f\u0131rlatma rampas\u0131 olarak kullan\u0131labilece\u011fini ifade etti. Kiev&#8217;in Rusya&#8217;n\u0131n Belarus&#8217;a y\u00f6nelik haz\u0131rl\u0131klar\u0131n\u0131 yak\u0131ndan takip etti\u011fini belirten Zelenskiy, Rusya&#8217;n\u0131n Belarus s\u0131n\u0131rlar\u0131nda askeri g\u00fc\u00e7lerini yo\u011funla\u015ft\u0131rd\u0131\u011f\u0131n\u0131 s\u00f6yledi.<\/p>\n<p>Tsikhanouskaya, Belarus&#8217;un Rusya taraf\u0131ndan i\u015fgal edilme tehdidinin g\u00fcn\u00fcm\u00fczde \u00e7ok ger\u00e7ek oldu\u011funu belirtti. Diktat\u00f6rlerin mant\u0131ks\u0131z oldu\u011funu s\u00f6yleyen Tsikhanouskaya, Avrupa&#8217;n\u0131n Ukrayna&#8217;n\u0131n \u00e7\u0131karlar\u0131n\u0131n korunmas\u0131 i\u00e7in ad\u0131m atmas\u0131 gerekti\u011fini dile getirdi. Ayr\u0131ca, uzun s\u00fcreli bir bar\u0131\u015f\u0131n sa\u011flanmamas\u0131n\u0131n Rus birliklerinin g\u00fc\u00e7lenmesine ve yeni bir i\u015fgal giri\u015fimine zemin haz\u0131rlayabilece\u011fini belirtti.<\/p>\n<p>Belarus ve Ukrayna konusundaki \u00e7\u00f6z\u00fcmlerin demokratik d\u00fcnyan\u0131n kararl\u0131l\u0131\u011f\u0131n\u0131 g\u00f6sterece\u011fini ifade eden Tsikhanouskaya, Avrupa Birli\u011fi&#8217;nin bu t\u00fcr tehditlere kar\u015f\u0131 g\u00fc\u00e7l\u00fc bir \u015fekilde kar\u015f\u0131 koymas\u0131 gerekti\u011fini vurgulad\u0131. Tsikhanouskaya, Belarus&#8217;un Rus etkisi alt\u0131nda b\u0131rak\u0131lmas\u0131n\u0131 veya i\u015fgal edilmesini engellemek i\u00e7in uluslararas\u0131 toplumun birlik olmas\u0131 gerekti\u011fini s\u00f6zlerine ekledi.<\/p>\n","protected":false},"excerpt":{"rendered":"<p>Belaruslu muhalefet lideri Sviatlana Tsikhanouskaya, Euronews&#8217;e yapt\u0131\u011f\u0131 a\u00e7\u0131klamada, Rusya&#8217;n\u0131n Belarus topraklar\u0131ndan AB ve NATO \u00fclkelerine&hellip;<\/p>\n","protected":false},"author":1,"featured_media":89415,"comment_status":"open","ping_status":"open","sticky":false,"template":"","format":"standard","meta":{"footnotes":""},"categories":[14],"tags":[],"class_list":["post-89414","post","type-post","status-publish","format-standard","has-post-thumbnail","hentry","category-seyahat"],"yoast_head":"<!-- This site is optimized with the Yoast SEO Premium plugin v24.3 (Yoast SEO v27.4) - https:\/\/yoast.com\/product\/yoast-seo-premium-wordpress\/ -->\n<title>Belaruslu lider: Rusya&#039;n\u0131n tehdidi ciddiye al\u0131nmal\u0131! - E-&Ccedil;\u0130FTL\u0130K HABER<\/title>\n<meta name=\"description\" content=\"Belaruslu muhalefet lideri Sviatlana Tsikhanouskaya, Euronews&#039;e yapt\u0131\u011f\u0131 a\u00e7\u0131klamada, Rusya&#039;n\u0131n Belarus topraklar\u0131ndan AB ve NATO \u00fclkelerine kar\u015f\u0131 sald\u0131r\u0131\" \/>\n<meta name=\"robots\" content=\"index, follow, max-snippet:-1, max-image-preview:large, max-video-preview:-1\" \/>\n<link rel=\"canonical\" href=\"https:\/\/e-ciftlik.com\/haberler\/seyahat\/belaruslu-lider-rusyanin-tehdidi-ciddiye-alinmali\/\" \/>\n<meta property=\"og:locale\" content=\"tr_TR\" \/>\n<meta property=\"og:type\" content=\"article\" \/>\n<meta property=\"og:title\" content=\"Belaruslu lider: Rusya&#039;n\u0131n tehdidi ciddiye al\u0131nmal\u0131!\" \/>\n<meta property=\"og:description\" content=\"Belaruslu muhalefet lideri Sviatlana Tsikhanouskaya, Euronews&#039;e yapt\u0131\u011f\u0131 a\u00e7\u0131klamada, Rusya&#039;n\u0131n Belarus topraklar\u0131ndan AB ve NATO \u00fclkelerine kar\u015f\u0131 sald\u0131r\u0131\" \/>\n<meta property=\"og:url\" content=\"https:\/\/e-ciftlik.com\/haberler\/seyahat\/belaruslu-lider-rusyanin-tehdidi-ciddiye-alinmali\/\" \/>\n<meta property=\"og:site_name\" content=\"E-&Ccedil;\u0130FTL\u0130K HABER\" \/>\n<meta property=\"article:publisher\" content=\"https:\/\/www.facebook.com\/eciftlikturkiye\" \/>\n<meta property=\"article:published_time\" content=\"2025-03-21T16:05:47+00:00\" \/>\n<meta property=\"og:image\" content=\"https:\/\/e-ciftlik.com\/haberler\/wp-content\/uploads\/2025\/03\/1200x675_cmsv2_4f612ffe-8bd5-573c-89ad-5d823496d025-9126748.jpg\" \/>\n\t<meta property=\"og:image:width\" content=\"1200\" \/>\n\t<meta property=\"og:image:height\" content=\"675\" \/>\n\t<meta property=\"og:image:type\" content=\"image\/jpeg\" \/>\n<meta name=\"author\" content=\"Haber Merkezi\" \/>\n<meta name=\"twitter:card\" content=\"summary_large_image\" \/>\n<meta name=\"twitter:creator\" content=\"@eciftlikresmi\" \/>\n<meta name=\"twitter:site\" content=\"@eciftlikresmi\" \/>\n<meta name=\"twitter:label1\" content=\"Yazan:\" \/>\n\t<meta name=\"twitter:data1\" content=\"Haber Merkezi\" \/>\n\t<meta name=\"twitter:label2\" content=\"Tahmini okuma s\u00fcresi\" \/>\n\t<meta name=\"twitter:data2\" content=\"1 dakika\" \/>\n<script type=\"application\/ld+json\" class=\"yoast-schema-graph\">{\"@context\":\"https:\\\/\\\/schema.org\",\"@graph\":[{\"@type\":\"NewsArticle\",\"@id\":\"https:\\\/\\\/e-ciftlik.com\\\/haberler\\\/seyahat\\\/belaruslu-lider-rusyanin-tehdidi-ciddiye-alinmali\\\/#article\",\"isPartOf\":{\"@id\":\"https:\\\/\\\/e-ciftlik.com\\\/haberler\\\/seyahat\\\/belaruslu-lider-rusyanin-tehdidi-ciddiye-alinmali\\\/\"},\"author\":{\"name\":\"Haber Merkezi\",\"@id\":\"https:\\\/\\\/e-ciftlik.com\\\/haberler\\\/#\\\/schema\\\/person\\\/d2f4fee3143d7f72be82cb887d51b00a\"},\"headline\":\"Belaruslu lider: Rusya&#8217;n\u0131n tehdidi ciddiye al\u0131nmal\u0131!\",\"datePublished\":\"2025-03-21T16:05:47+00:00\",\"mainEntityOfPage\":{\"@id\":\"https:\\\/\\\/e-ciftlik.com\\\/haberler\\\/seyahat\\\/belaruslu-lider-rusyanin-tehdidi-ciddiye-alinmali\\\/\"},\"wordCount\":299,\"commentCount\":0,\"publisher\":{\"@id\":\"https:\\\/\\\/e-ciftlik.com\\\/haberler\\\/#organization\"},\"image\":{\"@id\":\"https:\\\/\\\/e-ciftlik.com\\\/haberler\\\/seyahat\\\/belaruslu-lider-rusyanin-tehdidi-ciddiye-alinmali\\\/#primaryimage\"},\"thumbnailUrl\":\"https:\\\/\\\/e-ciftlik.com\\\/haberler\\\/wp-content\\\/uploads\\\/2025\\\/03\\\/1200x675_cmsv2_4f612ffe-8bd5-573c-89ad-5d823496d025-9126748.jpg\",\"articleSection\":[\"Seyahat\"],\"inLanguage\":\"tr\",\"potentialAction\":[{\"@type\":\"CommentAction\",\"name\":\"Comment\",\"target\":[\"https:\\\/\\\/e-ciftlik.com\\\/haberler\\\/seyahat\\\/belaruslu-lider-rusyanin-tehdidi-ciddiye-alinmali\\\/#respond\"]}]},{\"@type\":\"WebPage\",\"@id\":\"https:\\\/\\\/e-ciftlik.com\\\/haberler\\\/seyahat\\\/belaruslu-lider-rusyanin-tehdidi-ciddiye-alinmali\\\/\",\"url\":\"https:\\\/\\\/e-ciftlik.com\\\/haberler\\\/seyahat\\\/belaruslu-lider-rusyanin-tehdidi-ciddiye-alinmali\\\/\",\"name\":\"Belaruslu lider: Rusya'n\u0131n tehdidi ciddiye al\u0131nmal\u0131! - E-&Ccedil;\u0130FTL\u0130K HABER\",\"isPartOf\":{\"@id\":\"https:\\\/\\\/e-ciftlik.com\\\/haberler\\\/#website\"},\"primaryImageOfPage\":{\"@id\":\"https:\\\/\\\/e-ciftlik.com\\\/haberler\\\/seyahat\\\/belaruslu-lider-rusyanin-tehdidi-ciddiye-alinmali\\\/#primaryimage\"},\"image\":{\"@id\":\"https:\\\/\\\/e-ciftlik.com\\\/haberler\\\/seyahat\\\/belaruslu-lider-rusyanin-tehdidi-ciddiye-alinmali\\\/#primaryimage\"},\"thumbnailUrl\":\"https:\\\/\\\/e-ciftlik.com\\\/haberler\\\/wp-content\\\/uploads\\\/2025\\\/03\\\/1200x675_cmsv2_4f612ffe-8bd5-573c-89ad-5d823496d025-9126748.jpg\",\"datePublished\":\"2025-03-21T16:05:47+00:00\",\"description\":\"Belaruslu muhalefet lideri Sviatlana Tsikhanouskaya, Euronews'e yapt\u0131\u011f\u0131 a\u00e7\u0131klamada, Rusya'n\u0131n Belarus topraklar\u0131ndan AB ve NATO \u00fclkelerine kar\u015f\u0131 sald\u0131r\u0131\",\"breadcrumb\":{\"@id\":\"https:\\\/\\\/e-ciftlik.com\\\/haberler\\\/seyahat\\\/belaruslu-lider-rusyanin-tehdidi-ciddiye-alinmali\\\/#breadcrumb\"},\"inLanguage\":\"tr\",\"potentialAction\":[{\"@type\":\"ReadAction\",\"target\":[\"https:\\\/\\\/e-ciftlik.com\\\/haberler\\\/seyahat\\\/belaruslu-lider-rusyanin-tehdidi-ciddiye-alinmali\\\/\"]}]},{\"@type\":\"ImageObject\",\"inLanguage\":\"tr\",\"@id\":\"https:\\\/\\\/e-ciftlik.com\\\/haberler\\\/seyahat\\\/belaruslu-lider-rusyanin-tehdidi-ciddiye-alinmali\\\/#primaryimage\",\"url\":\"https:\\\/\\\/e-ciftlik.com\\\/haberler\\\/wp-content\\\/uploads\\\/2025\\\/03\\\/1200x675_cmsv2_4f612ffe-8bd5-573c-89ad-5d823496d025-9126748.jpg\",\"contentUrl\":\"https:\\\/\\\/e-ciftlik.com\\\/haberler\\\/wp-content\\\/uploads\\\/2025\\\/03\\\/1200x675_cmsv2_4f612ffe-8bd5-573c-89ad-5d823496d025-9126748.jpg\",\"width\":1200,\"height\":675},{\"@type\":\"BreadcrumbList\",\"@id\":\"https:\\\/\\\/e-ciftlik.com\\\/haberler\\\/seyahat\\\/belaruslu-lider-rusyanin-tehdidi-ciddiye-alinmali\\\/#breadcrumb\",\"itemListElement\":[{\"@type\":\"ListItem\",\"position\":1,\"name\":\"Anasayfa\",\"item\":\"https:\\\/\\\/e-ciftlik.com\\\/haberler\\\/\"},{\"@type\":\"ListItem\",\"position\":2,\"name\":\"Belaruslu lider: Rusya&#8217;n\u0131n tehdidi ciddiye al\u0131nmal\u0131!\"}]},{\"@type\":\"WebSite\",\"@id\":\"https:\\\/\\\/e-ciftlik.com\\\/haberler\\\/#website\",\"url\":\"https:\\\/\\\/e-ciftlik.com\\\/haberler\\\/\",\"name\":\"E-\u00c7iftlik Haber | G\u00fcncel, Son Dakika Haberler, En Son Haber\",\"description\":\"\",\"publisher\":{\"@id\":\"https:\\\/\\\/e-ciftlik.com\\\/haberler\\\/#organization\"},\"potentialAction\":[{\"@type\":\"SearchAction\",\"target\":{\"@type\":\"EntryPoint\",\"urlTemplate\":\"https:\\\/\\\/e-ciftlik.com\\\/haberler\\\/?s={search_term_string}\"},\"query-input\":{\"@type\":\"PropertyValueSpecification\",\"valueRequired\":true,\"valueName\":\"search_term_string\"}}],\"inLanguage\":\"tr\"},{\"@type\":\"Organization\",\"@id\":\"https:\\\/\\\/e-ciftlik.com\\\/haberler\\\/#organization\",\"name\":\"E-\u00c7\u0130FTL\u0130K HABER\",\"url\":\"https:\\\/\\\/e-ciftlik.com\\\/haberler\\\/\",\"logo\":{\"@type\":\"ImageObject\",\"inLanguage\":\"tr\",\"@id\":\"https:\\\/\\\/e-ciftlik.com\\\/haberler\\\/#\\\/schema\\\/logo\\\/image\\\/\",\"url\":\"https:\\\/\\\/e-ciftlik.com\\\/haberler\\\/wp-content\\\/uploads\\\/2024\\\/06\\\/cropped-cropped-favicon-1-2.png\",\"contentUrl\":\"https:\\\/\\\/e-ciftlik.com\\\/haberler\\\/wp-content\\\/uploads\\\/2024\\\/06\\\/cropped-cropped-favicon-1-2.png\",\"width\":512,\"height\":512,\"caption\":\"E-\u00c7\u0130FTL\u0130K HABER\"},\"image\":{\"@id\":\"https:\\\/\\\/e-ciftlik.com\\\/haberler\\\/#\\\/schema\\\/logo\\\/image\\\/\"},\"sameAs\":[\"https:\\\/\\\/www.facebook.com\\\/eciftlikturkiye\",\"https:\\\/\\\/x.com\\\/eciftlikresmi\",\"https:\\\/\\\/www.instagram.com\\\/eciftlikresmi\\\/\"]},{\"@type\":\"Person\",\"@id\":\"https:\\\/\\\/e-ciftlik.com\\\/haberler\\\/#\\\/schema\\\/person\\\/d2f4fee3143d7f72be82cb887d51b00a\",\"name\":\"Haber Merkezi\",\"image\":{\"@type\":\"ImageObject\",\"inLanguage\":\"tr\",\"@id\":\"https:\\\/\\\/secure.gravatar.com\\\/avatar\\\/6c27d641914e66c1d0452c92716002398782818991d86db1c2cccb531e7c7c82?s=96&d=mm&r=g\",\"url\":\"https:\\\/\\\/secure.gravatar.com\\\/avatar\\\/6c27d641914e66c1d0452c92716002398782818991d86db1c2cccb531e7c7c82?s=96&d=mm&r=g\",\"contentUrl\":\"https:\\\/\\\/secure.gravatar.com\\\/avatar\\\/6c27d641914e66c1d0452c92716002398782818991d86db1c2cccb531e7c7c82?s=96&d=mm&r=g\",\"caption\":\"Haber Merkezi\"},\"sameAs\":[\"http:\\\/\\\/e-ciftlik.com\\\/haberler\"]}]}<\/script>\n<!-- \/ Yoast SEO Premium plugin. -->","yoast_head_json":{"title":"Belaruslu lider: Rusya'n\u0131n tehdidi ciddiye al\u0131nmal\u0131! - E-&Ccedil;\u0130FTL\u0130K HABER","description":"Belaruslu muhalefet lideri Sviatlana Tsikhanouskaya, Euronews'e yapt\u0131\u011f\u0131 a\u00e7\u0131klamada, Rusya'n\u0131n Belarus topraklar\u0131ndan AB ve NATO \u00fclkelerine kar\u015f\u0131 sald\u0131r\u0131","robots":{"index":"index","follow":"follow","max-snippet":"max-snippet:-1","max-image-preview":"max-image-preview:large","max-video-preview":"max-video-preview:-1"},"canonical":"https:\/\/e-ciftlik.com\/haberler\/seyahat\/belaruslu-lider-rusyanin-tehdidi-ciddiye-alinmali\/","og_locale":"tr_TR","og_type":"article","og_title":"Belaruslu lider: Rusya'n\u0131n tehdidi ciddiye al\u0131nmal\u0131!","og_description":"Belaruslu muhalefet lideri Sviatlana Tsikhanouskaya, Euronews'e yapt\u0131\u011f\u0131 a\u00e7\u0131klamada, Rusya'n\u0131n Belarus topraklar\u0131ndan AB ve NATO \u00fclkelerine kar\u015f\u0131 sald\u0131r\u0131","og_url":"https:\/\/e-ciftlik.com\/haberler\/seyahat\/belaruslu-lider-rusyanin-tehdidi-ciddiye-alinmali\/","og_site_name":"E-&Ccedil;\u0130FTL\u0130K HABER","article_publisher":"https:\/\/www.facebook.com\/eciftlikturkiye","article_published_time":"2025-03-21T16:05:47+00:00","og_image":[{"width":1200,"height":675,"url":"https:\/\/e-ciftlik.com\/haberler\/wp-content\/uploads\/2025\/03\/1200x675_cmsv2_4f612ffe-8bd5-573c-89ad-5d823496d025-9126748.jpg","type":"image\/jpeg"}],"author":"Haber Merkezi","twitter_card":"summary_large_image","twitter_creator":"@eciftlikresmi","twitter_site":"@eciftlikresmi","twitter_misc":{"Yazan:":"Haber Merkezi","Tahmini okuma s\u00fcresi":"1 dakika"},"schema":{"@context":"https:\/\/schema.org","@graph":[{"@type":"NewsArticle","@id":"https:\/\/e-ciftlik.com\/haberler\/seyahat\/belaruslu-lider-rusyanin-tehdidi-ciddiye-alinmali\/#article","isPartOf":{"@id":"https:\/\/e-ciftlik.com\/haberler\/seyahat\/belaruslu-lider-rusyanin-tehdidi-ciddiye-alinmali\/"},"author":{"name":"Haber Merkezi","@id":"https:\/\/e-ciftlik.com\/haberler\/#\/schema\/person\/d2f4fee3143d7f72be82cb887d51b00a"},"headline":"Belaruslu lider: Rusya&#8217;n\u0131n tehdidi ciddiye al\u0131nmal\u0131!","datePublished":"2025-03-21T16:05:47+00:00","mainEntityOfPage":{"@id":"https:\/\/e-ciftlik.com\/haberler\/seyahat\/belaruslu-lider-rusyanin-tehdidi-ciddiye-alinmali\/"},"wordCount":299,"commentCount":0,"publisher":{"@id":"https:\/\/e-ciftlik.com\/haberler\/#organization"},"image":{"@id":"https:\/\/e-ciftlik.com\/haberler\/seyahat\/belaruslu-lider-rusyanin-tehdidi-ciddiye-alinmali\/#primaryimage"},"thumbnailUrl":"https:\/\/e-ciftlik.com\/haberler\/wp-content\/uploads\/2025\/03\/1200x675_cmsv2_4f612ffe-8bd5-573c-89ad-5d823496d025-9126748.jpg","articleSection":["Seyahat"],"inLanguage":"tr","potentialAction":[{"@type":"CommentAction","name":"Comment","target":["https:\/\/e-ciftlik.com\/haberler\/seyahat\/belaruslu-lider-rusyanin-tehdidi-ciddiye-alinmali\/#respond"]}]},{"@type":"WebPage","@id":"https:\/\/e-ciftlik.com\/haberler\/seyahat\/belaruslu-lider-rusyanin-tehdidi-ciddiye-alinmali\/","url":"https:\/\/e-ciftlik.com\/haberler\/seyahat\/belaruslu-lider-rusyanin-tehdidi-ciddiye-alinmali\/","name":"Belaruslu lider: Rusya'n\u0131n tehdidi ciddiye al\u0131nmal\u0131! - E-&Ccedil;\u0130FTL\u0130K HABER","isPartOf":{"@id":"https:\/\/e-ciftlik.com\/haberler\/#website"},"primaryImageOfPage":{"@id":"https:\/\/e-ciftlik.com\/haberler\/seyahat\/belaruslu-lider-rusyanin-tehdidi-ciddiye-alinmali\/#primaryimage"},"image":{"@id":"https:\/\/e-ciftlik.com\/haberler\/seyahat\/belaruslu-lider-rusyanin-tehdidi-ciddiye-alinmali\/#primaryimage"},"thumbnailUrl":"https:\/\/e-ciftlik.com\/haberler\/wp-content\/uploads\/2025\/03\/1200x675_cmsv2_4f612ffe-8bd5-573c-89ad-5d823496d025-9126748.jpg","datePublished":"2025-03-21T16:05:47+00:00","description":"Belaruslu muhalefet lideri Sviatlana Tsikhanouskaya, Euronews'e yapt\u0131\u011f\u0131 a\u00e7\u0131klamada, Rusya'n\u0131n Belarus topraklar\u0131ndan AB ve NATO \u00fclkelerine kar\u015f\u0131 sald\u0131r\u0131","breadcrumb":{"@id":"https:\/\/e-ciftlik.com\/haberler\/seyahat\/belaruslu-lider-rusyanin-tehdidi-ciddiye-alinmali\/#breadcrumb"},"inLanguage":"tr","potentialAction":[{"@type":"ReadAction","target":["https:\/\/e-ciftlik.com\/haberler\/seyahat\/belaruslu-lider-rusyanin-tehdidi-ciddiye-alinmali\/"]}]},{"@type":"ImageObject","inLanguage":"tr","@id":"https:\/\/e-ciftlik.com\/haberler\/seyahat\/belaruslu-lider-rusyanin-tehdidi-ciddiye-alinmali\/#primaryimage","url":"https:\/\/e-ciftlik.com\/haberler\/wp-content\/uploads\/2025\/03\/1200x675_cmsv2_4f612ffe-8bd5-573c-89ad-5d823496d025-9126748.jpg","contentUrl":"https:\/\/e-ciftlik.com\/haberler\/wp-content\/uploads\/2025\/03\/1200x675_cmsv2_4f612ffe-8bd5-573c-89ad-5d823496d025-9126748.jpg","width":1200,"height":675},{"@type":"BreadcrumbList","@id":"https:\/\/e-ciftlik.com\/haberler\/seyahat\/belaruslu-lider-rusyanin-tehdidi-ciddiye-alinmali\/#breadcrumb","itemListElement":[{"@type":"ListItem","position":1,"name":"Anasayfa","item":"https:\/\/e-ciftlik.com\/haberler\/"},{"@type":"ListItem","position":2,"name":"Belaruslu lider: Rusya&#8217;n\u0131n tehdidi ciddiye al\u0131nmal\u0131!"}]},{"@type":"WebSite","@id":"https:\/\/e-ciftlik.com\/haberler\/#website","url":"https:\/\/e-ciftlik.com\/haberler\/","name":"E-\u00c7iftlik Haber | G\u00fcncel, Son Dakika Haberler, En Son Haber","description":"","publisher":{"@id":"https:\/\/e-ciftlik.com\/haberler\/#organization"},"potentialAction":[{"@type":"SearchAction","target":{"@type":"EntryPoint","urlTemplate":"https:\/\/e-ciftlik.com\/haberler\/?s={search_term_string}"},"query-input":{"@type":"PropertyValueSpecification","valueRequired":true,"valueName":"search_term_string"}}],"inLanguage":"tr"},{"@type":"Organization","@id":"https:\/\/e-ciftlik.com\/haberler\/#organization","name":"E-\u00c7\u0130FTL\u0130K HABER","url":"https:\/\/e-ciftlik.com\/haberler\/","logo":{"@type":"ImageObject","inLanguage":"tr","@id":"https:\/\/e-ciftlik.com\/haberler\/#\/schema\/logo\/image\/","url":"https:\/\/e-ciftlik.com\/haberler\/wp-content\/uploads\/2024\/06\/cropped-cropped-favicon-1-2.png","contentUrl":"https:\/\/e-ciftlik.com\/haberler\/wp-content\/uploads\/2024\/06\/cropped-cropped-favicon-1-2.png","width":512,"height":512,"caption":"E-\u00c7\u0130FTL\u0130K HABER"},"image":{"@id":"https:\/\/e-ciftlik.com\/haberler\/#\/schema\/logo\/image\/"},"sameAs":["https:\/\/www.facebook.com\/eciftlikturkiye","https:\/\/x.com\/eciftlikresmi","https:\/\/www.instagram.com\/eciftlikresmi\/"]},{"@type":"Person","@id":"https:\/\/e-ciftlik.com\/haberler\/#\/schema\/person\/d2f4fee3143d7f72be82cb887d51b00a","name":"Haber Merkezi","image":{"@type":"ImageObject","inLanguage":"tr","@id":"https:\/\/secure.gravatar.com\/avatar\/6c27d641914e66c1d0452c92716002398782818991d86db1c2cccb531e7c7c82?s=96&d=mm&r=g","url":"https:\/\/secure.gravatar.com\/avatar\/6c27d641914e66c1d0452c92716002398782818991d86db1c2cccb531e7c7c82?s=96&d=mm&r=g","contentUrl":"https:\/\/secure.gravatar.com\/avatar\/6c27d641914e66c1d0452c92716002398782818991d86db1c2cccb531e7c7c82?s=96&d=mm&r=g","caption":"Haber Merkezi"},"sameAs":["http:\/\/e-ciftlik.com\/haberler"]}]}},"_links":{"self":[{"href":"https:\/\/e-ciftlik.com\/haberler\/wp-json\/wp\/v2\/posts\/89414","targetHints":{"allow":["GET"]}}],"collection":[{"href":"https:\/\/e-ciftlik.com\/haberler\/wp-json\/wp\/v2\/posts"}],"about":[{"href":"https:\/\/e-ciftlik.com\/haberler\/wp-json\/wp\/v2\/types\/post"}],"author":[{"embeddable":true,"href":"https:\/\/e-ciftlik.com\/haberler\/wp-json\/wp\/v2\/users\/1"}],"replies":[{"embeddable":true,"href":"https:\/\/e-ciftlik.com\/haberler\/wp-json\/wp\/v2\/comments?post=89414"}],"version-history":[{"count":0,"href":"https:\/\/e-ciftlik.com\/haberler\/wp-json\/wp\/v2\/posts\/89414\/revisions"}],"wp:featuredmedia":[{"embeddable":true,"href":"https:\/\/e-ciftlik.com\/haberler\/wp-json\/wp\/v2\/media\/89415"}],"wp:attachment":[{"href":"https:\/\/e-ciftlik.com\/haberler\/wp-json\/wp\/v2\/media?parent=89414"}],"wp:term":[{"taxonomy":"category","embeddable":true,"href":"https:\/\/e-ciftlik.com\/haberler\/wp-json\/wp\/v2\/categories?post=89414"},{"taxonomy":"post_tag","embeddable":true,"href":"https:\/\/e-ciftlik.com\/haberler\/wp-json\/wp\/v2\/tags?post=89414"}],"curies":[{"name":"wp","href":"https:\/\/api.w.org\/{rel}","templated":true}]}}