{"id":8947,"date":"2024-07-03T08:48:41","date_gmt":"2024-07-03T08:48:41","guid":{"rendered":"https:\/\/e-ciftlik.com\/haberler\/spor\/besiktastan-milli-takima-destek\/"},"modified":"2024-07-03T08:48:41","modified_gmt":"2024-07-03T08:48:41","slug":"besiktastan-milli-takima-destek","status":"publish","type":"post","link":"https:\/\/e-ciftlik.com\/haberler\/spor\/besiktastan-milli-takima-destek\/","title":{"rendered":"Be\u015fikta\u015f&#8217;tan Milli Tak\u0131m&#8217;a destek!"},"content":{"rendered":"<p>Be\u015fikta\u015f Teknik Direkt\u00f6r\u00fc Giovanni van Bronckhorst ve Be\u015fikta\u015f Futbol Tak\u0131mlar\u0131 Genel Koordinat\u00f6r\u00fc Samet Aybaba, A Milli Tak\u0131m kamp\u0131nda bulunan Mert G\u00fcnok, Cenk Tosun ve Semih K\u0131l\u0131\u00e7soy&#8217;u arayarak ba\u015far\u0131lar\u0131n\u0131 iletti.<\/p>\n<p>Siyah-beyazl\u0131 kul\u00fcpten yap\u0131lan a\u00e7\u0131klamaya g\u00f6re, Samet Aybaba; A Milli Futbol Tak\u0131m\u0131&#8217;n\u0131n 2024 Avrupa \u015eampiyonas\u0131 son 16 turunda Avusturya ile bug\u00fcn oynayaca\u011f\u0131 ma\u00e7 \u00f6ncesinde Cenk Tosun, Mert G\u00fcnok ve Semih K\u0131l\u0131\u00e7soy&#8217;la g\u00f6r\u00fcnt\u00fcl\u00fc olarak konu\u015ftu.<\/p>\n<p>Futbolculara ba\u015far\u0131lar dileyen Aybaba, &#8220;T\u00fcm tak\u0131ma ba\u015far\u0131lar diliyoruz. Bug\u00fcne kadar \u00e7ok \u00f6nemli \u015feyler yapt\u0131n\u0131z. Bu ma\u00e7\u0131 da kazan\u0131p b\u00fct\u00fcn \u00fclkeyi mutlu edeceksiniz. Kaliteniz var, birlikteli\u011finiz var, duygular\u0131n\u0131z var. G\u00f6nl\u00fcm\u00fcz, kalbimiz, her \u015feyimiz sizinle.&#8221; ifadelerini kulland\u0131.<\/p>\n<p>Hollandal\u0131 teknik adam Giovanni van Bronckhorst da milli oyuncularla yapt\u0131\u011f\u0131 g\u00f6r\u00fc\u015fmede \u015funlar\u0131 s\u00f6yledi:<\/p>\n<p>&#8220;Sizinle tan\u0131\u015ft\u0131\u011f\u0131m i\u00e7in mutluyum. D\u00fcn sezonun ilk g\u00fcn\u00fcyd\u00fc. Siz do\u011fal olarak kat\u0131lamad\u0131n\u0131z, milli tak\u0131mdas\u0131n\u0131z. Ama turnuvadan sonra sizleri aram\u0131zda g\u00f6rmek i\u00e7in sab\u0131rs\u0131zlan\u0131yoruz. Bug\u00fcn b\u00fcy\u00fck g\u00fcn. T\u00fcrkiye&#8217;nin ve Hollanda&#8217;n\u0131n ma\u00e7\u0131 var. \u00c7eyrek finalde T\u00fcrkiye-Hollanda ma\u00e7\u0131n\u0131 izlemek harika olurdu. Umar\u0131m \u00fclkenizi ve Be\u015fikta\u015f&#8217;\u0131 gururland\u0131r\u0131rs\u0131n\u0131z. Bug\u00fcn antrenmanda olaca\u011f\u0131m ama sizin ma\u00e7\u0131n\u0131z\u0131 da izleyece\u011fim. Umar\u0131m ma\u00e7ta s\u00fcre al\u0131r ve ba\u015far\u0131l\u0131 bir performans sergilersiniz. Ba\u015far\u0131lar diliyorum, \u0130stanbul&#8217;da g\u00f6r\u00fc\u015f\u00fcr\u00fcz.&#8221;<\/p>\n","protected":false},"excerpt":{"rendered":"<p>Be\u015fikta\u015f Teknik Direkt\u00f6r\u00fc Giovanni van Bronckhorst ve Be\u015fikta\u015f Futbol Tak\u0131mlar\u0131 Genel Koordinat\u00f6r\u00fc Samet Aybaba, A&hellip;<\/p>\n","protected":false},"author":1,"featured_media":8948,"comment_status":"open","ping_status":"open","sticky":false,"template":"","format":"standard","meta":{"footnotes":""},"categories":[7],"tags":[],"class_list":["post-8947","post","type-post","status-publish","format-standard","has-post-thumbnail","hentry","category-spor"],"yoast_head":"<!-- This site is optimized with the Yoast SEO Premium plugin v24.3 (Yoast SEO v27.4) - https:\/\/yoast.com\/product\/yoast-seo-premium-wordpress\/ -->\n<title>Be\u015fikta\u015f&#039;tan Milli Tak\u0131m&#039;a destek! - E-&Ccedil;\u0130FTL\u0130K HABER<\/title>\n<meta name=\"description\" content=\"Be\u015fikta\u015f Teknik Direkt\u00f6r\u00fc Giovanni van Bronckhorst ve Be\u015fikta\u015f Futbol Tak\u0131mlar\u0131 Genel Koordinat\u00f6r\u00fc Samet Aybaba, A Milli Tak\u0131m kamp\u0131nda bulunan Mert\" \/>\n<meta name=\"robots\" content=\"index, follow, max-snippet:-1, max-image-preview:large, max-video-preview:-1\" \/>\n<link rel=\"canonical\" href=\"https:\/\/e-ciftlik.com\/haberler\/spor\/besiktastan-milli-takima-destek\/\" \/>\n<meta property=\"og:locale\" content=\"tr_TR\" \/>\n<meta property=\"og:type\" content=\"article\" \/>\n<meta property=\"og:title\" content=\"Be\u015fikta\u015f&#039;tan Milli Tak\u0131m&#039;a destek!\" \/>\n<meta property=\"og:description\" content=\"Be\u015fikta\u015f Teknik Direkt\u00f6r\u00fc Giovanni van Bronckhorst ve Be\u015fikta\u015f Futbol Tak\u0131mlar\u0131 Genel Koordinat\u00f6r\u00fc Samet Aybaba, A Milli Tak\u0131m kamp\u0131nda bulunan Mert\" \/>\n<meta property=\"og:url\" content=\"https:\/\/e-ciftlik.com\/haberler\/spor\/besiktastan-milli-takima-destek\/\" \/>\n<meta property=\"og:site_name\" content=\"E-&Ccedil;\u0130FTL\u0130K HABER\" \/>\n<meta property=\"article:publisher\" content=\"https:\/\/www.facebook.com\/eciftlikturkiye\" \/>\n<meta property=\"article:published_time\" content=\"2024-07-03T08:48:41+00:00\" \/>\n<meta property=\"og:image\" content=\"https:\/\/e-ciftlik.com\/haberler\/wp-content\/uploads\/2024\/07\/1719996525_1200x628.jpeg\" \/>\n\t<meta property=\"og:image:width\" content=\"1200\" \/>\n\t<meta property=\"og:image:height\" content=\"628\" \/>\n\t<meta property=\"og:image:type\" content=\"image\/jpeg\" \/>\n<meta name=\"author\" content=\"Haber Merkezi\" \/>\n<meta name=\"twitter:card\" content=\"summary_large_image\" \/>\n<meta name=\"twitter:creator\" content=\"@eciftlikresmi\" \/>\n<meta name=\"twitter:site\" content=\"@eciftlikresmi\" \/>\n<meta name=\"twitter:label1\" content=\"Yazan:\" \/>\n\t<meta name=\"twitter:data1\" content=\"Haber Merkezi\" \/>\n\t<meta name=\"twitter:label2\" content=\"Tahmini okuma s\u00fcresi\" \/>\n\t<meta name=\"twitter:data2\" content=\"1 dakika\" \/>\n<script type=\"application\/ld+json\" class=\"yoast-schema-graph\">{\"@context\":\"https:\\\/\\\/schema.org\",\"@graph\":[{\"@type\":\"NewsArticle\",\"@id\":\"https:\\\/\\\/e-ciftlik.com\\\/haberler\\\/spor\\\/besiktastan-milli-takima-destek\\\/#article\",\"isPartOf\":{\"@id\":\"https:\\\/\\\/e-ciftlik.com\\\/haberler\\\/spor\\\/besiktastan-milli-takima-destek\\\/\"},\"author\":{\"name\":\"Haber Merkezi\",\"@id\":\"https:\\\/\\\/e-ciftlik.com\\\/haberler\\\/#\\\/schema\\\/person\\\/d2f4fee3143d7f72be82cb887d51b00a\"},\"headline\":\"Be\u015fikta\u015f&#8217;tan Milli Tak\u0131m&#8217;a destek!\",\"datePublished\":\"2024-07-03T08:48:41+00:00\",\"mainEntityOfPage\":{\"@id\":\"https:\\\/\\\/e-ciftlik.com\\\/haberler\\\/spor\\\/besiktastan-milli-takima-destek\\\/\"},\"wordCount\":282,\"commentCount\":0,\"publisher\":{\"@id\":\"https:\\\/\\\/e-ciftlik.com\\\/haberler\\\/#organization\"},\"image\":{\"@id\":\"https:\\\/\\\/e-ciftlik.com\\\/haberler\\\/spor\\\/besiktastan-milli-takima-destek\\\/#primaryimage\"},\"thumbnailUrl\":\"https:\\\/\\\/e-ciftlik.com\\\/haberler\\\/wp-content\\\/uploads\\\/2024\\\/07\\\/1719996525_1200x628.jpeg\",\"articleSection\":[\"Spor\"],\"inLanguage\":\"tr\",\"potentialAction\":[{\"@type\":\"CommentAction\",\"name\":\"Comment\",\"target\":[\"https:\\\/\\\/e-ciftlik.com\\\/haberler\\\/spor\\\/besiktastan-milli-takima-destek\\\/#respond\"]}]},{\"@type\":\"WebPage\",\"@id\":\"https:\\\/\\\/e-ciftlik.com\\\/haberler\\\/spor\\\/besiktastan-milli-takima-destek\\\/\",\"url\":\"https:\\\/\\\/e-ciftlik.com\\\/haberler\\\/spor\\\/besiktastan-milli-takima-destek\\\/\",\"name\":\"Be\u015fikta\u015f'tan Milli Tak\u0131m'a destek! - E-&Ccedil;\u0130FTL\u0130K HABER\",\"isPartOf\":{\"@id\":\"https:\\\/\\\/e-ciftlik.com\\\/haberler\\\/#website\"},\"primaryImageOfPage\":{\"@id\":\"https:\\\/\\\/e-ciftlik.com\\\/haberler\\\/spor\\\/besiktastan-milli-takima-destek\\\/#primaryimage\"},\"image\":{\"@id\":\"https:\\\/\\\/e-ciftlik.com\\\/haberler\\\/spor\\\/besiktastan-milli-takima-destek\\\/#primaryimage\"},\"thumbnailUrl\":\"https:\\\/\\\/e-ciftlik.com\\\/haberler\\\/wp-content\\\/uploads\\\/2024\\\/07\\\/1719996525_1200x628.jpeg\",\"datePublished\":\"2024-07-03T08:48:41+00:00\",\"description\":\"Be\u015fikta\u015f Teknik Direkt\u00f6r\u00fc Giovanni van Bronckhorst ve Be\u015fikta\u015f Futbol Tak\u0131mlar\u0131 Genel Koordinat\u00f6r\u00fc Samet Aybaba, A Milli Tak\u0131m kamp\u0131nda bulunan Mert\",\"breadcrumb\":{\"@id\":\"https:\\\/\\\/e-ciftlik.com\\\/haberler\\\/spor\\\/besiktastan-milli-takima-destek\\\/#breadcrumb\"},\"inLanguage\":\"tr\",\"potentialAction\":[{\"@type\":\"ReadAction\",\"target\":[\"https:\\\/\\\/e-ciftlik.com\\\/haberler\\\/spor\\\/besiktastan-milli-takima-destek\\\/\"]}]},{\"@type\":\"ImageObject\",\"inLanguage\":\"tr\",\"@id\":\"https:\\\/\\\/e-ciftlik.com\\\/haberler\\\/spor\\\/besiktastan-milli-takima-destek\\\/#primaryimage\",\"url\":\"https:\\\/\\\/e-ciftlik.com\\\/haberler\\\/wp-content\\\/uploads\\\/2024\\\/07\\\/1719996525_1200x628.jpeg\",\"contentUrl\":\"https:\\\/\\\/e-ciftlik.com\\\/haberler\\\/wp-content\\\/uploads\\\/2024\\\/07\\\/1719996525_1200x628.jpeg\",\"width\":1200,\"height\":628},{\"@type\":\"BreadcrumbList\",\"@id\":\"https:\\\/\\\/e-ciftlik.com\\\/haberler\\\/spor\\\/besiktastan-milli-takima-destek\\\/#breadcrumb\",\"itemListElement\":[{\"@type\":\"ListItem\",\"position\":1,\"name\":\"Anasayfa\",\"item\":\"https:\\\/\\\/e-ciftlik.com\\\/haberler\\\/\"},{\"@type\":\"ListItem\",\"position\":2,\"name\":\"Be\u015fikta\u015f&#8217;tan Milli Tak\u0131m&#8217;a destek!\"}]},{\"@type\":\"WebSite\",\"@id\":\"https:\\\/\\\/e-ciftlik.com\\\/haberler\\\/#website\",\"url\":\"https:\\\/\\\/e-ciftlik.com\\\/haberler\\\/\",\"name\":\"E-\u00c7iftlik Haber | G\u00fcncel, Son Dakika Haberler, En Son Haber\",\"description\":\"\",\"publisher\":{\"@id\":\"https:\\\/\\\/e-ciftlik.com\\\/haberler\\\/#organization\"},\"potentialAction\":[{\"@type\":\"SearchAction\",\"target\":{\"@type\":\"EntryPoint\",\"urlTemplate\":\"https:\\\/\\\/e-ciftlik.com\\\/haberler\\\/?s={search_term_string}\"},\"query-input\":{\"@type\":\"PropertyValueSpecification\",\"valueRequired\":true,\"valueName\":\"search_term_string\"}}],\"inLanguage\":\"tr\"},{\"@type\":\"Organization\",\"@id\":\"https:\\\/\\\/e-ciftlik.com\\\/haberler\\\/#organization\",\"name\":\"E-\u00c7\u0130FTL\u0130K HABER\",\"url\":\"https:\\\/\\\/e-ciftlik.com\\\/haberler\\\/\",\"logo\":{\"@type\":\"ImageObject\",\"inLanguage\":\"tr\",\"@id\":\"https:\\\/\\\/e-ciftlik.com\\\/haberler\\\/#\\\/schema\\\/logo\\\/image\\\/\",\"url\":\"https:\\\/\\\/e-ciftlik.com\\\/haberler\\\/wp-content\\\/uploads\\\/2024\\\/06\\\/cropped-cropped-favicon-1-2.png\",\"contentUrl\":\"https:\\\/\\\/e-ciftlik.com\\\/haberler\\\/wp-content\\\/uploads\\\/2024\\\/06\\\/cropped-cropped-favicon-1-2.png\",\"width\":512,\"height\":512,\"caption\":\"E-\u00c7\u0130FTL\u0130K HABER\"},\"image\":{\"@id\":\"https:\\\/\\\/e-ciftlik.com\\\/haberler\\\/#\\\/schema\\\/logo\\\/image\\\/\"},\"sameAs\":[\"https:\\\/\\\/www.facebook.com\\\/eciftlikturkiye\",\"https:\\\/\\\/x.com\\\/eciftlikresmi\",\"https:\\\/\\\/www.instagram.com\\\/eciftlikresmi\\\/\"]},{\"@type\":\"Person\",\"@id\":\"https:\\\/\\\/e-ciftlik.com\\\/haberler\\\/#\\\/schema\\\/person\\\/d2f4fee3143d7f72be82cb887d51b00a\",\"name\":\"Haber Merkezi\",\"image\":{\"@type\":\"ImageObject\",\"inLanguage\":\"tr\",\"@id\":\"https:\\\/\\\/secure.gravatar.com\\\/avatar\\\/6c27d641914e66c1d0452c92716002398782818991d86db1c2cccb531e7c7c82?s=96&d=mm&r=g\",\"url\":\"https:\\\/\\\/secure.gravatar.com\\\/avatar\\\/6c27d641914e66c1d0452c92716002398782818991d86db1c2cccb531e7c7c82?s=96&d=mm&r=g\",\"contentUrl\":\"https:\\\/\\\/secure.gravatar.com\\\/avatar\\\/6c27d641914e66c1d0452c92716002398782818991d86db1c2cccb531e7c7c82?s=96&d=mm&r=g\",\"caption\":\"Haber Merkezi\"},\"sameAs\":[\"http:\\\/\\\/e-ciftlik.com\\\/haberler\"]}]}<\/script>\n<!-- \/ Yoast SEO Premium plugin. -->","yoast_head_json":{"title":"Be\u015fikta\u015f'tan Milli Tak\u0131m'a destek! - E-&Ccedil;\u0130FTL\u0130K HABER","description":"Be\u015fikta\u015f Teknik Direkt\u00f6r\u00fc Giovanni van Bronckhorst ve Be\u015fikta\u015f Futbol Tak\u0131mlar\u0131 Genel Koordinat\u00f6r\u00fc Samet Aybaba, A Milli Tak\u0131m kamp\u0131nda bulunan Mert","robots":{"index":"index","follow":"follow","max-snippet":"max-snippet:-1","max-image-preview":"max-image-preview:large","max-video-preview":"max-video-preview:-1"},"canonical":"https:\/\/e-ciftlik.com\/haberler\/spor\/besiktastan-milli-takima-destek\/","og_locale":"tr_TR","og_type":"article","og_title":"Be\u015fikta\u015f'tan Milli Tak\u0131m'a destek!","og_description":"Be\u015fikta\u015f Teknik Direkt\u00f6r\u00fc Giovanni van Bronckhorst ve Be\u015fikta\u015f Futbol Tak\u0131mlar\u0131 Genel Koordinat\u00f6r\u00fc Samet Aybaba, A Milli Tak\u0131m kamp\u0131nda bulunan Mert","og_url":"https:\/\/e-ciftlik.com\/haberler\/spor\/besiktastan-milli-takima-destek\/","og_site_name":"E-&Ccedil;\u0130FTL\u0130K HABER","article_publisher":"https:\/\/www.facebook.com\/eciftlikturkiye","article_published_time":"2024-07-03T08:48:41+00:00","og_image":[{"width":1200,"height":628,"url":"https:\/\/e-ciftlik.com\/haberler\/wp-content\/uploads\/2024\/07\/1719996525_1200x628.jpeg","type":"image\/jpeg"}],"author":"Haber Merkezi","twitter_card":"summary_large_image","twitter_creator":"@eciftlikresmi","twitter_site":"@eciftlikresmi","twitter_misc":{"Yazan:":"Haber Merkezi","Tahmini okuma s\u00fcresi":"1 dakika"},"schema":{"@context":"https:\/\/schema.org","@graph":[{"@type":"NewsArticle","@id":"https:\/\/e-ciftlik.com\/haberler\/spor\/besiktastan-milli-takima-destek\/#article","isPartOf":{"@id":"https:\/\/e-ciftlik.com\/haberler\/spor\/besiktastan-milli-takima-destek\/"},"author":{"name":"Haber Merkezi","@id":"https:\/\/e-ciftlik.com\/haberler\/#\/schema\/person\/d2f4fee3143d7f72be82cb887d51b00a"},"headline":"Be\u015fikta\u015f&#8217;tan Milli Tak\u0131m&#8217;a destek!","datePublished":"2024-07-03T08:48:41+00:00","mainEntityOfPage":{"@id":"https:\/\/e-ciftlik.com\/haberler\/spor\/besiktastan-milli-takima-destek\/"},"wordCount":282,"commentCount":0,"publisher":{"@id":"https:\/\/e-ciftlik.com\/haberler\/#organization"},"image":{"@id":"https:\/\/e-ciftlik.com\/haberler\/spor\/besiktastan-milli-takima-destek\/#primaryimage"},"thumbnailUrl":"https:\/\/e-ciftlik.com\/haberler\/wp-content\/uploads\/2024\/07\/1719996525_1200x628.jpeg","articleSection":["Spor"],"inLanguage":"tr","potentialAction":[{"@type":"CommentAction","name":"Comment","target":["https:\/\/e-ciftlik.com\/haberler\/spor\/besiktastan-milli-takima-destek\/#respond"]}]},{"@type":"WebPage","@id":"https:\/\/e-ciftlik.com\/haberler\/spor\/besiktastan-milli-takima-destek\/","url":"https:\/\/e-ciftlik.com\/haberler\/spor\/besiktastan-milli-takima-destek\/","name":"Be\u015fikta\u015f'tan Milli Tak\u0131m'a destek! - E-&Ccedil;\u0130FTL\u0130K HABER","isPartOf":{"@id":"https:\/\/e-ciftlik.com\/haberler\/#website"},"primaryImageOfPage":{"@id":"https:\/\/e-ciftlik.com\/haberler\/spor\/besiktastan-milli-takima-destek\/#primaryimage"},"image":{"@id":"https:\/\/e-ciftlik.com\/haberler\/spor\/besiktastan-milli-takima-destek\/#primaryimage"},"thumbnailUrl":"https:\/\/e-ciftlik.com\/haberler\/wp-content\/uploads\/2024\/07\/1719996525_1200x628.jpeg","datePublished":"2024-07-03T08:48:41+00:00","description":"Be\u015fikta\u015f Teknik Direkt\u00f6r\u00fc Giovanni van Bronckhorst ve Be\u015fikta\u015f Futbol Tak\u0131mlar\u0131 Genel Koordinat\u00f6r\u00fc Samet Aybaba, A Milli Tak\u0131m kamp\u0131nda bulunan Mert","breadcrumb":{"@id":"https:\/\/e-ciftlik.com\/haberler\/spor\/besiktastan-milli-takima-destek\/#breadcrumb"},"inLanguage":"tr","potentialAction":[{"@type":"ReadAction","target":["https:\/\/e-ciftlik.com\/haberler\/spor\/besiktastan-milli-takima-destek\/"]}]},{"@type":"ImageObject","inLanguage":"tr","@id":"https:\/\/e-ciftlik.com\/haberler\/spor\/besiktastan-milli-takima-destek\/#primaryimage","url":"https:\/\/e-ciftlik.com\/haberler\/wp-content\/uploads\/2024\/07\/1719996525_1200x628.jpeg","contentUrl":"https:\/\/e-ciftlik.com\/haberler\/wp-content\/uploads\/2024\/07\/1719996525_1200x628.jpeg","width":1200,"height":628},{"@type":"BreadcrumbList","@id":"https:\/\/e-ciftlik.com\/haberler\/spor\/besiktastan-milli-takima-destek\/#breadcrumb","itemListElement":[{"@type":"ListItem","position":1,"name":"Anasayfa","item":"https:\/\/e-ciftlik.com\/haberler\/"},{"@type":"ListItem","position":2,"name":"Be\u015fikta\u015f&#8217;tan Milli Tak\u0131m&#8217;a destek!"}]},{"@type":"WebSite","@id":"https:\/\/e-ciftlik.com\/haberler\/#website","url":"https:\/\/e-ciftlik.com\/haberler\/","name":"E-\u00c7iftlik Haber | G\u00fcncel, Son Dakika Haberler, En Son Haber","description":"","publisher":{"@id":"https:\/\/e-ciftlik.com\/haberler\/#organization"},"potentialAction":[{"@type":"SearchAction","target":{"@type":"EntryPoint","urlTemplate":"https:\/\/e-ciftlik.com\/haberler\/?s={search_term_string}"},"query-input":{"@type":"PropertyValueSpecification","valueRequired":true,"valueName":"search_term_string"}}],"inLanguage":"tr"},{"@type":"Organization","@id":"https:\/\/e-ciftlik.com\/haberler\/#organization","name":"E-\u00c7\u0130FTL\u0130K HABER","url":"https:\/\/e-ciftlik.com\/haberler\/","logo":{"@type":"ImageObject","inLanguage":"tr","@id":"https:\/\/e-ciftlik.com\/haberler\/#\/schema\/logo\/image\/","url":"https:\/\/e-ciftlik.com\/haberler\/wp-content\/uploads\/2024\/06\/cropped-cropped-favicon-1-2.png","contentUrl":"https:\/\/e-ciftlik.com\/haberler\/wp-content\/uploads\/2024\/06\/cropped-cropped-favicon-1-2.png","width":512,"height":512,"caption":"E-\u00c7\u0130FTL\u0130K HABER"},"image":{"@id":"https:\/\/e-ciftlik.com\/haberler\/#\/schema\/logo\/image\/"},"sameAs":["https:\/\/www.facebook.com\/eciftlikturkiye","https:\/\/x.com\/eciftlikresmi","https:\/\/www.instagram.com\/eciftlikresmi\/"]},{"@type":"Person","@id":"https:\/\/e-ciftlik.com\/haberler\/#\/schema\/person\/d2f4fee3143d7f72be82cb887d51b00a","name":"Haber Merkezi","image":{"@type":"ImageObject","inLanguage":"tr","@id":"https:\/\/secure.gravatar.com\/avatar\/6c27d641914e66c1d0452c92716002398782818991d86db1c2cccb531e7c7c82?s=96&d=mm&r=g","url":"https:\/\/secure.gravatar.com\/avatar\/6c27d641914e66c1d0452c92716002398782818991d86db1c2cccb531e7c7c82?s=96&d=mm&r=g","contentUrl":"https:\/\/secure.gravatar.com\/avatar\/6c27d641914e66c1d0452c92716002398782818991d86db1c2cccb531e7c7c82?s=96&d=mm&r=g","caption":"Haber Merkezi"},"sameAs":["http:\/\/e-ciftlik.com\/haberler"]}]}},"_links":{"self":[{"href":"https:\/\/e-ciftlik.com\/haberler\/wp-json\/wp\/v2\/posts\/8947","targetHints":{"allow":["GET"]}}],"collection":[{"href":"https:\/\/e-ciftlik.com\/haberler\/wp-json\/wp\/v2\/posts"}],"about":[{"href":"https:\/\/e-ciftlik.com\/haberler\/wp-json\/wp\/v2\/types\/post"}],"author":[{"embeddable":true,"href":"https:\/\/e-ciftlik.com\/haberler\/wp-json\/wp\/v2\/users\/1"}],"replies":[{"embeddable":true,"href":"https:\/\/e-ciftlik.com\/haberler\/wp-json\/wp\/v2\/comments?post=8947"}],"version-history":[{"count":0,"href":"https:\/\/e-ciftlik.com\/haberler\/wp-json\/wp\/v2\/posts\/8947\/revisions"}],"wp:featuredmedia":[{"embeddable":true,"href":"https:\/\/e-ciftlik.com\/haberler\/wp-json\/wp\/v2\/media\/8948"}],"wp:attachment":[{"href":"https:\/\/e-ciftlik.com\/haberler\/wp-json\/wp\/v2\/media?parent=8947"}],"wp:term":[{"taxonomy":"category","embeddable":true,"href":"https:\/\/e-ciftlik.com\/haberler\/wp-json\/wp\/v2\/categories?post=8947"},{"taxonomy":"post_tag","embeddable":true,"href":"https:\/\/e-ciftlik.com\/haberler\/wp-json\/wp\/v2\/tags?post=8947"}],"curies":[{"name":"wp","href":"https:\/\/api.w.org\/{rel}","templated":true}]}}