{"id":89502,"date":"2025-03-21T19:24:51","date_gmt":"2025-03-21T19:24:51","guid":{"rendered":"http:\/\/e-ciftlik.com\/haberler\/seyahat\/ilac-alzheimer-riskini-azaltiyor\/"},"modified":"2025-03-21T19:24:51","modified_gmt":"2025-03-21T19:24:51","slug":"ilac-alzheimer-riskini-azaltiyor","status":"publish","type":"post","link":"https:\/\/e-ciftlik.com\/haberler\/seyahat\/ilac-alzheimer-riskini-azaltiyor\/","title":{"rendered":"\u0130la\u00e7, Alzheimer Riskini Azalt\u0131yor"},"content":{"rendered":"<p> Y\u0131llar \u00f6nce beyinde biriken amiloid plaklar\u0131 hedef alan bir ila\u00e7, semptomlar ortaya \u00e7\u0131kmadan \u00f6nce Alzheimer&#8217;a ba\u011fl\u0131 bunama riskini azaltma umuduyla deneysel bir tedavi olarak ger\u00e7ekle\u015ftirilen \u00e7al\u0131\u015fmada \u00f6nemli sonu\u00e7lar elde edildi.<\/p>\n<p>Ara\u015ft\u0131rmac\u0131lar, genetik mutasyonlara sahip 22 hastadan olu\u015fan k\u00fc\u00e7\u00fck bir grubu takip ederek asemptomatik hastalarda Alzheimer&#8217;a ba\u011fl\u0131 bunama riskini azaltma potansiyeline sahip olduklar\u0131n\u0131 g\u00f6sterdi. Lancet Neurology dergisinde yay\u0131nlanan yeni bulgulara g\u00f6re, bu hastalar sekiz y\u0131l boyunca gantenerumab adl\u0131 anti-amiloid ilac\u0131n\u0131 kulland\u0131klar\u0131nda, semptom geli\u015ftirme risklerinin y\u00fczde 100&#8217;den yakla\u015f\u0131k y\u00fczde 50&#8217;ye d\u00fc\u015ft\u00fc\u011f\u00fcn\u00fc g\u00f6zlemlediler.<\/p>\n<p>Washington \u00dcniversitesi T\u0131p Fak\u00fcltesi&#8217;nde n\u00f6roloji profes\u00f6r\u00fc olan Randall Bateman, \u00e7al\u0131\u015fman\u0131n yazarlar\u0131ndan biri olarak, hastalar\u0131n bili\u015fsel olarak normal kalmalar\u0131 i\u00e7in en iyi f\u0131rsat\u0131 vermek amac\u0131yla tedaviye devam ettiklerini belirtti. Bateman, erken tedavinin Alzheimer semptomlar\u0131n\u0131n ba\u015flang\u0131c\u0131n\u0131 geciktirebilece\u011fini d\u00fc\u015f\u00fcnd\u00fcklerini ekledi.<\/p>\n<p>\u00d6nleyici tedavinin etkili olabilmesi i\u00e7in semptomlar\u0131n ortaya \u00e7\u0131kmas\u0131ndan y\u0131llar \u00f6nce ba\u015flanmas\u0131 gerekti\u011fi d\u00fc\u015f\u00fcn\u00fclmektedir. Ancak, sadece iki ila \u00fc\u00e7 y\u0131l tedavi g\u00f6ren hastalarda g\u00f6zle g\u00f6r\u00fcl\u00fcr bir iyile\u015fme sa\u011flanamad\u0131\u011f\u0131 g\u00f6zlemlendi.<\/p>\n<p>Gantenerumab adl\u0131 ilac\u0131n, Alzheimer hastal\u0131\u011f\u0131n\u0131n daha yayg\u0131n formlar\u0131n\u0131n semptomlar\u0131n\u0131 yava\u015flatmada ba\u015far\u0131s\u0131z oldu\u011fu i\u00e7in 2022 y\u0131l\u0131nda durduruldu\u011fu belirtildi. Anti-amiloid ila\u00e7lar\u0131n etkinli\u011fi, tedavi s\u00fcresi ve olas\u0131 yan etkileri hakk\u0131nda daha fazla ara\u015ft\u0131rmaya ihtiya\u00e7 oldu\u011fu vurguland\u0131.<\/p>\n<p>Ara\u015ft\u0131rmac\u0131lar, denemede iki kat\u0131l\u0131mc\u0131n\u0131n yan etkiler nedeniyle ilac\u0131 b\u0131rakmak zorunda kald\u0131\u011f\u0131n\u0131 ancak ya\u015fam\u0131 tehdit eden herhangi bir yan etkinin olmad\u0131\u011f\u0131n\u0131 belirtti. Bu bulgular, Alzheimer hastal\u0131\u011f\u0131n\u0131n tedavisinde yeni bir umut \u0131\u015f\u0131\u011f\u0131 olabilir.<\/p>\n","protected":false},"excerpt":{"rendered":"<p>Y\u0131llar \u00f6nce beyinde biriken amiloid plaklar\u0131 hedef alan bir ila\u00e7, semptomlar ortaya \u00e7\u0131kmadan \u00f6nce Alzheimer&#8217;a&hellip;<\/p>\n","protected":false},"author":1,"featured_media":89503,"comment_status":"open","ping_status":"open","sticky":false,"template":"","format":"standard","meta":{"footnotes":""},"categories":[14],"tags":[],"class_list":["post-89502","post","type-post","status-publish","format-standard","has-post-thumbnail","hentry","category-seyahat"],"yoast_head":"<!-- This site is optimized with the Yoast SEO Premium plugin v24.3 (Yoast SEO v27.4) - https:\/\/yoast.com\/product\/yoast-seo-premium-wordpress\/ -->\n<title>\u0130la\u00e7, Alzheimer Riskini Azalt\u0131yor - E-&Ccedil;\u0130FTL\u0130K HABER<\/title>\n<meta name=\"description\" content=\"Y\u0131llar \u00f6nce beyinde biriken amiloid plaklar\u0131 hedef alan bir ila\u00e7, semptomlar ortaya \u00e7\u0131kmadan \u00f6nce Alzheimer&#039;a ba\u011fl\u0131 bunama riskini azaltma umuduyla\" \/>\n<meta name=\"robots\" content=\"index, follow, max-snippet:-1, max-image-preview:large, max-video-preview:-1\" \/>\n<link rel=\"canonical\" href=\"https:\/\/e-ciftlik.com\/haberler\/seyahat\/ilac-alzheimer-riskini-azaltiyor\/\" \/>\n<meta property=\"og:locale\" content=\"tr_TR\" \/>\n<meta property=\"og:type\" content=\"article\" \/>\n<meta property=\"og:title\" content=\"\u0130la\u00e7, Alzheimer Riskini Azalt\u0131yor\" \/>\n<meta property=\"og:description\" content=\"Y\u0131llar \u00f6nce beyinde biriken amiloid plaklar\u0131 hedef alan bir ila\u00e7, semptomlar ortaya \u00e7\u0131kmadan \u00f6nce Alzheimer&#039;a ba\u011fl\u0131 bunama riskini azaltma umuduyla\" \/>\n<meta property=\"og:url\" content=\"https:\/\/e-ciftlik.com\/haberler\/seyahat\/ilac-alzheimer-riskini-azaltiyor\/\" \/>\n<meta property=\"og:site_name\" content=\"E-&Ccedil;\u0130FTL\u0130K HABER\" \/>\n<meta property=\"article:publisher\" content=\"https:\/\/www.facebook.com\/eciftlikturkiye\" \/>\n<meta property=\"article:published_time\" content=\"2025-03-21T19:24:51+00:00\" \/>\n<meta property=\"og:image\" content=\"https:\/\/e-ciftlik.com\/haberler\/wp-content\/uploads\/2025\/03\/1200x675_cmsv2_99a8bdd5-d9d2-5037-ae32-fe6c70a8cfa4-9128182.jpg\" \/>\n\t<meta property=\"og:image:width\" content=\"1200\" \/>\n\t<meta property=\"og:image:height\" content=\"675\" \/>\n\t<meta property=\"og:image:type\" content=\"image\/jpeg\" \/>\n<meta name=\"author\" content=\"Haber Merkezi\" \/>\n<meta name=\"twitter:card\" content=\"summary_large_image\" \/>\n<meta name=\"twitter:creator\" content=\"@eciftlikresmi\" \/>\n<meta name=\"twitter:site\" content=\"@eciftlikresmi\" \/>\n<meta name=\"twitter:label1\" content=\"Yazan:\" \/>\n\t<meta name=\"twitter:data1\" content=\"Haber Merkezi\" \/>\n\t<meta name=\"twitter:label2\" content=\"Tahmini okuma s\u00fcresi\" \/>\n\t<meta name=\"twitter:data2\" content=\"2 dakika\" \/>\n<script type=\"application\/ld+json\" class=\"yoast-schema-graph\">{\"@context\":\"https:\\\/\\\/schema.org\",\"@graph\":[{\"@type\":\"NewsArticle\",\"@id\":\"https:\\\/\\\/e-ciftlik.com\\\/haberler\\\/seyahat\\\/ilac-alzheimer-riskini-azaltiyor\\\/#article\",\"isPartOf\":{\"@id\":\"https:\\\/\\\/e-ciftlik.com\\\/haberler\\\/seyahat\\\/ilac-alzheimer-riskini-azaltiyor\\\/\"},\"author\":{\"name\":\"Haber Merkezi\",\"@id\":\"https:\\\/\\\/e-ciftlik.com\\\/haberler\\\/#\\\/schema\\\/person\\\/d2f4fee3143d7f72be82cb887d51b00a\"},\"headline\":\"\u0130la\u00e7, Alzheimer Riskini Azalt\u0131yor\",\"datePublished\":\"2025-03-21T19:24:51+00:00\",\"mainEntityOfPage\":{\"@id\":\"https:\\\/\\\/e-ciftlik.com\\\/haberler\\\/seyahat\\\/ilac-alzheimer-riskini-azaltiyor\\\/\"},\"wordCount\":314,\"commentCount\":0,\"publisher\":{\"@id\":\"https:\\\/\\\/e-ciftlik.com\\\/haberler\\\/#organization\"},\"image\":{\"@id\":\"https:\\\/\\\/e-ciftlik.com\\\/haberler\\\/seyahat\\\/ilac-alzheimer-riskini-azaltiyor\\\/#primaryimage\"},\"thumbnailUrl\":\"https:\\\/\\\/e-ciftlik.com\\\/haberler\\\/wp-content\\\/uploads\\\/2025\\\/03\\\/1200x675_cmsv2_99a8bdd5-d9d2-5037-ae32-fe6c70a8cfa4-9128182.jpg\",\"articleSection\":[\"Seyahat\"],\"inLanguage\":\"tr\",\"potentialAction\":[{\"@type\":\"CommentAction\",\"name\":\"Comment\",\"target\":[\"https:\\\/\\\/e-ciftlik.com\\\/haberler\\\/seyahat\\\/ilac-alzheimer-riskini-azaltiyor\\\/#respond\"]}]},{\"@type\":\"WebPage\",\"@id\":\"https:\\\/\\\/e-ciftlik.com\\\/haberler\\\/seyahat\\\/ilac-alzheimer-riskini-azaltiyor\\\/\",\"url\":\"https:\\\/\\\/e-ciftlik.com\\\/haberler\\\/seyahat\\\/ilac-alzheimer-riskini-azaltiyor\\\/\",\"name\":\"\u0130la\u00e7, Alzheimer Riskini Azalt\u0131yor - E-&Ccedil;\u0130FTL\u0130K HABER\",\"isPartOf\":{\"@id\":\"https:\\\/\\\/e-ciftlik.com\\\/haberler\\\/#website\"},\"primaryImageOfPage\":{\"@id\":\"https:\\\/\\\/e-ciftlik.com\\\/haberler\\\/seyahat\\\/ilac-alzheimer-riskini-azaltiyor\\\/#primaryimage\"},\"image\":{\"@id\":\"https:\\\/\\\/e-ciftlik.com\\\/haberler\\\/seyahat\\\/ilac-alzheimer-riskini-azaltiyor\\\/#primaryimage\"},\"thumbnailUrl\":\"https:\\\/\\\/e-ciftlik.com\\\/haberler\\\/wp-content\\\/uploads\\\/2025\\\/03\\\/1200x675_cmsv2_99a8bdd5-d9d2-5037-ae32-fe6c70a8cfa4-9128182.jpg\",\"datePublished\":\"2025-03-21T19:24:51+00:00\",\"description\":\"Y\u0131llar \u00f6nce beyinde biriken amiloid plaklar\u0131 hedef alan bir ila\u00e7, semptomlar ortaya \u00e7\u0131kmadan \u00f6nce Alzheimer'a ba\u011fl\u0131 bunama riskini azaltma umuduyla\",\"breadcrumb\":{\"@id\":\"https:\\\/\\\/e-ciftlik.com\\\/haberler\\\/seyahat\\\/ilac-alzheimer-riskini-azaltiyor\\\/#breadcrumb\"},\"inLanguage\":\"tr\",\"potentialAction\":[{\"@type\":\"ReadAction\",\"target\":[\"https:\\\/\\\/e-ciftlik.com\\\/haberler\\\/seyahat\\\/ilac-alzheimer-riskini-azaltiyor\\\/\"]}]},{\"@type\":\"ImageObject\",\"inLanguage\":\"tr\",\"@id\":\"https:\\\/\\\/e-ciftlik.com\\\/haberler\\\/seyahat\\\/ilac-alzheimer-riskini-azaltiyor\\\/#primaryimage\",\"url\":\"https:\\\/\\\/e-ciftlik.com\\\/haberler\\\/wp-content\\\/uploads\\\/2025\\\/03\\\/1200x675_cmsv2_99a8bdd5-d9d2-5037-ae32-fe6c70a8cfa4-9128182.jpg\",\"contentUrl\":\"https:\\\/\\\/e-ciftlik.com\\\/haberler\\\/wp-content\\\/uploads\\\/2025\\\/03\\\/1200x675_cmsv2_99a8bdd5-d9d2-5037-ae32-fe6c70a8cfa4-9128182.jpg\",\"width\":1200,\"height\":675},{\"@type\":\"BreadcrumbList\",\"@id\":\"https:\\\/\\\/e-ciftlik.com\\\/haberler\\\/seyahat\\\/ilac-alzheimer-riskini-azaltiyor\\\/#breadcrumb\",\"itemListElement\":[{\"@type\":\"ListItem\",\"position\":1,\"name\":\"Anasayfa\",\"item\":\"https:\\\/\\\/e-ciftlik.com\\\/haberler\\\/\"},{\"@type\":\"ListItem\",\"position\":2,\"name\":\"\u0130la\u00e7, Alzheimer Riskini Azalt\u0131yor\"}]},{\"@type\":\"WebSite\",\"@id\":\"https:\\\/\\\/e-ciftlik.com\\\/haberler\\\/#website\",\"url\":\"https:\\\/\\\/e-ciftlik.com\\\/haberler\\\/\",\"name\":\"E-\u00c7iftlik Haber | G\u00fcncel, Son Dakika Haberler, En Son Haber\",\"description\":\"\",\"publisher\":{\"@id\":\"https:\\\/\\\/e-ciftlik.com\\\/haberler\\\/#organization\"},\"potentialAction\":[{\"@type\":\"SearchAction\",\"target\":{\"@type\":\"EntryPoint\",\"urlTemplate\":\"https:\\\/\\\/e-ciftlik.com\\\/haberler\\\/?s={search_term_string}\"},\"query-input\":{\"@type\":\"PropertyValueSpecification\",\"valueRequired\":true,\"valueName\":\"search_term_string\"}}],\"inLanguage\":\"tr\"},{\"@type\":\"Organization\",\"@id\":\"https:\\\/\\\/e-ciftlik.com\\\/haberler\\\/#organization\",\"name\":\"E-\u00c7\u0130FTL\u0130K HABER\",\"url\":\"https:\\\/\\\/e-ciftlik.com\\\/haberler\\\/\",\"logo\":{\"@type\":\"ImageObject\",\"inLanguage\":\"tr\",\"@id\":\"https:\\\/\\\/e-ciftlik.com\\\/haberler\\\/#\\\/schema\\\/logo\\\/image\\\/\",\"url\":\"https:\\\/\\\/e-ciftlik.com\\\/haberler\\\/wp-content\\\/uploads\\\/2024\\\/06\\\/cropped-cropped-favicon-1-2.png\",\"contentUrl\":\"https:\\\/\\\/e-ciftlik.com\\\/haberler\\\/wp-content\\\/uploads\\\/2024\\\/06\\\/cropped-cropped-favicon-1-2.png\",\"width\":512,\"height\":512,\"caption\":\"E-\u00c7\u0130FTL\u0130K HABER\"},\"image\":{\"@id\":\"https:\\\/\\\/e-ciftlik.com\\\/haberler\\\/#\\\/schema\\\/logo\\\/image\\\/\"},\"sameAs\":[\"https:\\\/\\\/www.facebook.com\\\/eciftlikturkiye\",\"https:\\\/\\\/x.com\\\/eciftlikresmi\",\"https:\\\/\\\/www.instagram.com\\\/eciftlikresmi\\\/\"]},{\"@type\":\"Person\",\"@id\":\"https:\\\/\\\/e-ciftlik.com\\\/haberler\\\/#\\\/schema\\\/person\\\/d2f4fee3143d7f72be82cb887d51b00a\",\"name\":\"Haber Merkezi\",\"image\":{\"@type\":\"ImageObject\",\"inLanguage\":\"tr\",\"@id\":\"https:\\\/\\\/secure.gravatar.com\\\/avatar\\\/6c27d641914e66c1d0452c92716002398782818991d86db1c2cccb531e7c7c82?s=96&d=mm&r=g\",\"url\":\"https:\\\/\\\/secure.gravatar.com\\\/avatar\\\/6c27d641914e66c1d0452c92716002398782818991d86db1c2cccb531e7c7c82?s=96&d=mm&r=g\",\"contentUrl\":\"https:\\\/\\\/secure.gravatar.com\\\/avatar\\\/6c27d641914e66c1d0452c92716002398782818991d86db1c2cccb531e7c7c82?s=96&d=mm&r=g\",\"caption\":\"Haber Merkezi\"},\"sameAs\":[\"http:\\\/\\\/e-ciftlik.com\\\/haberler\"]}]}<\/script>\n<!-- \/ Yoast SEO Premium plugin. -->","yoast_head_json":{"title":"\u0130la\u00e7, Alzheimer Riskini Azalt\u0131yor - E-&Ccedil;\u0130FTL\u0130K HABER","description":"Y\u0131llar \u00f6nce beyinde biriken amiloid plaklar\u0131 hedef alan bir ila\u00e7, semptomlar ortaya \u00e7\u0131kmadan \u00f6nce Alzheimer'a ba\u011fl\u0131 bunama riskini azaltma umuduyla","robots":{"index":"index","follow":"follow","max-snippet":"max-snippet:-1","max-image-preview":"max-image-preview:large","max-video-preview":"max-video-preview:-1"},"canonical":"https:\/\/e-ciftlik.com\/haberler\/seyahat\/ilac-alzheimer-riskini-azaltiyor\/","og_locale":"tr_TR","og_type":"article","og_title":"\u0130la\u00e7, Alzheimer Riskini Azalt\u0131yor","og_description":"Y\u0131llar \u00f6nce beyinde biriken amiloid plaklar\u0131 hedef alan bir ila\u00e7, semptomlar ortaya \u00e7\u0131kmadan \u00f6nce Alzheimer'a ba\u011fl\u0131 bunama riskini azaltma umuduyla","og_url":"https:\/\/e-ciftlik.com\/haberler\/seyahat\/ilac-alzheimer-riskini-azaltiyor\/","og_site_name":"E-&Ccedil;\u0130FTL\u0130K HABER","article_publisher":"https:\/\/www.facebook.com\/eciftlikturkiye","article_published_time":"2025-03-21T19:24:51+00:00","og_image":[{"width":1200,"height":675,"url":"https:\/\/e-ciftlik.com\/haberler\/wp-content\/uploads\/2025\/03\/1200x675_cmsv2_99a8bdd5-d9d2-5037-ae32-fe6c70a8cfa4-9128182.jpg","type":"image\/jpeg"}],"author":"Haber Merkezi","twitter_card":"summary_large_image","twitter_creator":"@eciftlikresmi","twitter_site":"@eciftlikresmi","twitter_misc":{"Yazan:":"Haber Merkezi","Tahmini okuma s\u00fcresi":"2 dakika"},"schema":{"@context":"https:\/\/schema.org","@graph":[{"@type":"NewsArticle","@id":"https:\/\/e-ciftlik.com\/haberler\/seyahat\/ilac-alzheimer-riskini-azaltiyor\/#article","isPartOf":{"@id":"https:\/\/e-ciftlik.com\/haberler\/seyahat\/ilac-alzheimer-riskini-azaltiyor\/"},"author":{"name":"Haber Merkezi","@id":"https:\/\/e-ciftlik.com\/haberler\/#\/schema\/person\/d2f4fee3143d7f72be82cb887d51b00a"},"headline":"\u0130la\u00e7, Alzheimer Riskini Azalt\u0131yor","datePublished":"2025-03-21T19:24:51+00:00","mainEntityOfPage":{"@id":"https:\/\/e-ciftlik.com\/haberler\/seyahat\/ilac-alzheimer-riskini-azaltiyor\/"},"wordCount":314,"commentCount":0,"publisher":{"@id":"https:\/\/e-ciftlik.com\/haberler\/#organization"},"image":{"@id":"https:\/\/e-ciftlik.com\/haberler\/seyahat\/ilac-alzheimer-riskini-azaltiyor\/#primaryimage"},"thumbnailUrl":"https:\/\/e-ciftlik.com\/haberler\/wp-content\/uploads\/2025\/03\/1200x675_cmsv2_99a8bdd5-d9d2-5037-ae32-fe6c70a8cfa4-9128182.jpg","articleSection":["Seyahat"],"inLanguage":"tr","potentialAction":[{"@type":"CommentAction","name":"Comment","target":["https:\/\/e-ciftlik.com\/haberler\/seyahat\/ilac-alzheimer-riskini-azaltiyor\/#respond"]}]},{"@type":"WebPage","@id":"https:\/\/e-ciftlik.com\/haberler\/seyahat\/ilac-alzheimer-riskini-azaltiyor\/","url":"https:\/\/e-ciftlik.com\/haberler\/seyahat\/ilac-alzheimer-riskini-azaltiyor\/","name":"\u0130la\u00e7, Alzheimer Riskini Azalt\u0131yor - E-&Ccedil;\u0130FTL\u0130K HABER","isPartOf":{"@id":"https:\/\/e-ciftlik.com\/haberler\/#website"},"primaryImageOfPage":{"@id":"https:\/\/e-ciftlik.com\/haberler\/seyahat\/ilac-alzheimer-riskini-azaltiyor\/#primaryimage"},"image":{"@id":"https:\/\/e-ciftlik.com\/haberler\/seyahat\/ilac-alzheimer-riskini-azaltiyor\/#primaryimage"},"thumbnailUrl":"https:\/\/e-ciftlik.com\/haberler\/wp-content\/uploads\/2025\/03\/1200x675_cmsv2_99a8bdd5-d9d2-5037-ae32-fe6c70a8cfa4-9128182.jpg","datePublished":"2025-03-21T19:24:51+00:00","description":"Y\u0131llar \u00f6nce beyinde biriken amiloid plaklar\u0131 hedef alan bir ila\u00e7, semptomlar ortaya \u00e7\u0131kmadan \u00f6nce Alzheimer'a ba\u011fl\u0131 bunama riskini azaltma umuduyla","breadcrumb":{"@id":"https:\/\/e-ciftlik.com\/haberler\/seyahat\/ilac-alzheimer-riskini-azaltiyor\/#breadcrumb"},"inLanguage":"tr","potentialAction":[{"@type":"ReadAction","target":["https:\/\/e-ciftlik.com\/haberler\/seyahat\/ilac-alzheimer-riskini-azaltiyor\/"]}]},{"@type":"ImageObject","inLanguage":"tr","@id":"https:\/\/e-ciftlik.com\/haberler\/seyahat\/ilac-alzheimer-riskini-azaltiyor\/#primaryimage","url":"https:\/\/e-ciftlik.com\/haberler\/wp-content\/uploads\/2025\/03\/1200x675_cmsv2_99a8bdd5-d9d2-5037-ae32-fe6c70a8cfa4-9128182.jpg","contentUrl":"https:\/\/e-ciftlik.com\/haberler\/wp-content\/uploads\/2025\/03\/1200x675_cmsv2_99a8bdd5-d9d2-5037-ae32-fe6c70a8cfa4-9128182.jpg","width":1200,"height":675},{"@type":"BreadcrumbList","@id":"https:\/\/e-ciftlik.com\/haberler\/seyahat\/ilac-alzheimer-riskini-azaltiyor\/#breadcrumb","itemListElement":[{"@type":"ListItem","position":1,"name":"Anasayfa","item":"https:\/\/e-ciftlik.com\/haberler\/"},{"@type":"ListItem","position":2,"name":"\u0130la\u00e7, Alzheimer Riskini Azalt\u0131yor"}]},{"@type":"WebSite","@id":"https:\/\/e-ciftlik.com\/haberler\/#website","url":"https:\/\/e-ciftlik.com\/haberler\/","name":"E-\u00c7iftlik Haber | G\u00fcncel, Son Dakika Haberler, En Son Haber","description":"","publisher":{"@id":"https:\/\/e-ciftlik.com\/haberler\/#organization"},"potentialAction":[{"@type":"SearchAction","target":{"@type":"EntryPoint","urlTemplate":"https:\/\/e-ciftlik.com\/haberler\/?s={search_term_string}"},"query-input":{"@type":"PropertyValueSpecification","valueRequired":true,"valueName":"search_term_string"}}],"inLanguage":"tr"},{"@type":"Organization","@id":"https:\/\/e-ciftlik.com\/haberler\/#organization","name":"E-\u00c7\u0130FTL\u0130K HABER","url":"https:\/\/e-ciftlik.com\/haberler\/","logo":{"@type":"ImageObject","inLanguage":"tr","@id":"https:\/\/e-ciftlik.com\/haberler\/#\/schema\/logo\/image\/","url":"https:\/\/e-ciftlik.com\/haberler\/wp-content\/uploads\/2024\/06\/cropped-cropped-favicon-1-2.png","contentUrl":"https:\/\/e-ciftlik.com\/haberler\/wp-content\/uploads\/2024\/06\/cropped-cropped-favicon-1-2.png","width":512,"height":512,"caption":"E-\u00c7\u0130FTL\u0130K HABER"},"image":{"@id":"https:\/\/e-ciftlik.com\/haberler\/#\/schema\/logo\/image\/"},"sameAs":["https:\/\/www.facebook.com\/eciftlikturkiye","https:\/\/x.com\/eciftlikresmi","https:\/\/www.instagram.com\/eciftlikresmi\/"]},{"@type":"Person","@id":"https:\/\/e-ciftlik.com\/haberler\/#\/schema\/person\/d2f4fee3143d7f72be82cb887d51b00a","name":"Haber Merkezi","image":{"@type":"ImageObject","inLanguage":"tr","@id":"https:\/\/secure.gravatar.com\/avatar\/6c27d641914e66c1d0452c92716002398782818991d86db1c2cccb531e7c7c82?s=96&d=mm&r=g","url":"https:\/\/secure.gravatar.com\/avatar\/6c27d641914e66c1d0452c92716002398782818991d86db1c2cccb531e7c7c82?s=96&d=mm&r=g","contentUrl":"https:\/\/secure.gravatar.com\/avatar\/6c27d641914e66c1d0452c92716002398782818991d86db1c2cccb531e7c7c82?s=96&d=mm&r=g","caption":"Haber Merkezi"},"sameAs":["http:\/\/e-ciftlik.com\/haberler"]}]}},"_links":{"self":[{"href":"https:\/\/e-ciftlik.com\/haberler\/wp-json\/wp\/v2\/posts\/89502","targetHints":{"allow":["GET"]}}],"collection":[{"href":"https:\/\/e-ciftlik.com\/haberler\/wp-json\/wp\/v2\/posts"}],"about":[{"href":"https:\/\/e-ciftlik.com\/haberler\/wp-json\/wp\/v2\/types\/post"}],"author":[{"embeddable":true,"href":"https:\/\/e-ciftlik.com\/haberler\/wp-json\/wp\/v2\/users\/1"}],"replies":[{"embeddable":true,"href":"https:\/\/e-ciftlik.com\/haberler\/wp-json\/wp\/v2\/comments?post=89502"}],"version-history":[{"count":0,"href":"https:\/\/e-ciftlik.com\/haberler\/wp-json\/wp\/v2\/posts\/89502\/revisions"}],"wp:featuredmedia":[{"embeddable":true,"href":"https:\/\/e-ciftlik.com\/haberler\/wp-json\/wp\/v2\/media\/89503"}],"wp:attachment":[{"href":"https:\/\/e-ciftlik.com\/haberler\/wp-json\/wp\/v2\/media?parent=89502"}],"wp:term":[{"taxonomy":"category","embeddable":true,"href":"https:\/\/e-ciftlik.com\/haberler\/wp-json\/wp\/v2\/categories?post=89502"},{"taxonomy":"post_tag","embeddable":true,"href":"https:\/\/e-ciftlik.com\/haberler\/wp-json\/wp\/v2\/tags?post=89502"}],"curies":[{"name":"wp","href":"https:\/\/api.w.org\/{rel}","templated":true}]}}