{"id":8990,"date":"2024-07-03T13:41:11","date_gmt":"2024-07-03T13:41:11","guid":{"rendered":"https:\/\/e-ciftlik.com\/haberler\/spor\/a-milli-takim-euro-2024te-ceyrek-finale-yukseldi\/"},"modified":"2024-07-03T13:41:11","modified_gmt":"2024-07-03T13:41:11","slug":"a-milli-takim-euro-2024te-ceyrek-finale-yukseldi","status":"publish","type":"post","link":"https:\/\/e-ciftlik.com\/haberler\/spor\/a-milli-takim-euro-2024te-ceyrek-finale-yukseldi\/","title":{"rendered":"A Milli Tak\u0131m EURO 2024&#8217;te \u00e7eyrek finale y\u00fckseldi!"},"content":{"rendered":"<p>A Milli Tak\u0131m, EURO 2024 turnuvas\u0131nda Avusturya&#8217;y\u0131 2-1 yenerek \u00e7eyrek finale y\u00fckseldi. Ciner Medya Spor Yay\u0131nlar\u0131 Koordinat\u00f6r\u00fc Mehmet Ayan, bu \u00f6nemli galibiyeti kaleme ald\u0131.<\/p>\n<p>Mehmet Ayan&#8217;\u0131n aktard\u0131\u011f\u0131na g\u00f6re, Milli Tak\u0131m\u0131n ba\u015far\u0131l\u0131 performans\u0131yla Avrupa&#8217;n\u0131n en prestijli turnuvalar\u0131ndan birinde \u00e7eyrek finale \u00e7\u0131kmay\u0131 ba\u015fard\u0131. Bu zaferle, T\u00fcrkiye&#8217;nin futbol tarihinde unutulmaz an\u0131lardan birine imza at\u0131lm\u0131\u015f oldu.<\/p>\n<p>Ma\u00e7\u0131n 17 Temmuz 2024&#8217;te Avusturya&#8217;n\u0131n ev sahipli\u011finde oynand\u0131\u011f\u0131n\u0131 belirten Mehmet Ayan, Milli Tak\u0131m\u0131n \u00f6zverili m\u00fccadelesiyle taraftarlar\u0131 gururland\u0131rd\u0131\u011f\u0131n\u0131 ifade etti. Tak\u0131m\u0131n ba\u015far\u0131s\u0131yla birlikte b\u00fcy\u00fck umutlarla \u00e7eyrek final ma\u00e7lar\u0131na bak\u0131lmaya ba\u015fland\u0131.<\/p>\n<p>Avusturya&#8217;n\u0131n ba\u015fkenti Viyana&#8217;da ger\u00e7ekle\u015fen m\u00fccadelede, T\u00fcrkiye&#8217;nin h\u00fccum hatt\u0131ndaki etkili oyunu, Avusturya savunmas\u0131n\u0131 zorlayarak galibiyeti getirdi. Milli Tak\u0131m\u0131n EURO 2024&#8217;teki \u00e7\u0131k\u0131\u015f\u0131, futbolseverlerin takdirini kazand\u0131.<\/p>\n<p>\u00c7eyrek finale y\u00fckselen A Milli Tak\u0131m, EURO 2024 turnuvas\u0131ndaki performans\u0131yla T\u00fcrk futbolseverleri heyecanland\u0131rmaya devam ediyor. Tak\u0131m\u0131n bir sonraki ma\u00e7taki performans\u0131 merakla beklenirken, taraftarlar desteklerini s\u00fcrd\u00fcrmeye devam ediyor.<\/p>\n","protected":false},"excerpt":{"rendered":"<p>A Milli Tak\u0131m, EURO 2024 turnuvas\u0131nda Avusturya&#8217;y\u0131 2-1 yenerek \u00e7eyrek finale y\u00fckseldi. Ciner Medya Spor&hellip;<\/p>\n","protected":false},"author":1,"featured_media":8991,"comment_status":"open","ping_status":"open","sticky":false,"template":"","format":"standard","meta":{"footnotes":""},"categories":[7],"tags":[],"class_list":["post-8990","post","type-post","status-publish","format-standard","has-post-thumbnail","hentry","category-spor"],"yoast_head":"<!-- This site is optimized with the Yoast SEO Premium plugin v24.3 (Yoast SEO v27.4) - https:\/\/yoast.com\/product\/yoast-seo-premium-wordpress\/ -->\n<title>A Milli Tak\u0131m EURO 2024&#039;te \u00e7eyrek finale y\u00fckseldi! - E-&Ccedil;\u0130FTL\u0130K HABER<\/title>\n<meta name=\"description\" content=\"A Milli Tak\u0131m, EURO 2024 turnuvas\u0131nda Avusturya&#039;y\u0131 2-1 yenerek \u00e7eyrek finale y\u00fckseldi. Ciner Medya Spor Yay\u0131nlar\u0131 Koordinat\u00f6r\u00fc Mehmet Ayan, bu \u00f6nemli\" \/>\n<meta name=\"robots\" content=\"index, follow, max-snippet:-1, max-image-preview:large, max-video-preview:-1\" \/>\n<link rel=\"canonical\" href=\"https:\/\/e-ciftlik.com\/haberler\/spor\/a-milli-takim-euro-2024te-ceyrek-finale-yukseldi\/\" \/>\n<meta property=\"og:locale\" content=\"tr_TR\" \/>\n<meta property=\"og:type\" content=\"article\" \/>\n<meta property=\"og:title\" content=\"A Milli Tak\u0131m EURO 2024&#039;te \u00e7eyrek finale y\u00fckseldi!\" \/>\n<meta property=\"og:description\" content=\"A Milli Tak\u0131m, EURO 2024 turnuvas\u0131nda Avusturya&#039;y\u0131 2-1 yenerek \u00e7eyrek finale y\u00fckseldi. Ciner Medya Spor Yay\u0131nlar\u0131 Koordinat\u00f6r\u00fc Mehmet Ayan, bu \u00f6nemli\" \/>\n<meta property=\"og:url\" content=\"https:\/\/e-ciftlik.com\/haberler\/spor\/a-milli-takim-euro-2024te-ceyrek-finale-yukseldi\/\" \/>\n<meta property=\"og:site_name\" content=\"E-&Ccedil;\u0130FTL\u0130K HABER\" \/>\n<meta property=\"article:publisher\" content=\"https:\/\/www.facebook.com\/eciftlikturkiye\" \/>\n<meta property=\"article:published_time\" content=\"2024-07-03T13:41:11+00:00\" \/>\n<meta property=\"og:image\" content=\"https:\/\/e-ciftlik.com\/haberler\/wp-content\/uploads\/2024\/07\/1720014075_1200x628.jpeg\" \/>\n\t<meta property=\"og:image:width\" content=\"1200\" \/>\n\t<meta property=\"og:image:height\" content=\"627\" \/>\n\t<meta property=\"og:image:type\" content=\"image\/jpeg\" \/>\n<meta name=\"author\" content=\"Haber Merkezi\" \/>\n<meta name=\"twitter:card\" content=\"summary_large_image\" \/>\n<meta name=\"twitter:creator\" content=\"@eciftlikresmi\" \/>\n<meta name=\"twitter:site\" content=\"@eciftlikresmi\" \/>\n<meta name=\"twitter:label1\" content=\"Yazan:\" \/>\n\t<meta name=\"twitter:data1\" content=\"Haber Merkezi\" \/>\n\t<meta name=\"twitter:label2\" content=\"Tahmini okuma s\u00fcresi\" \/>\n\t<meta name=\"twitter:data2\" content=\"1 dakika\" \/>\n<script type=\"application\/ld+json\" class=\"yoast-schema-graph\">{\"@context\":\"https:\\\/\\\/schema.org\",\"@graph\":[{\"@type\":\"NewsArticle\",\"@id\":\"https:\\\/\\\/e-ciftlik.com\\\/haberler\\\/spor\\\/a-milli-takim-euro-2024te-ceyrek-finale-yukseldi\\\/#article\",\"isPartOf\":{\"@id\":\"https:\\\/\\\/e-ciftlik.com\\\/haberler\\\/spor\\\/a-milli-takim-euro-2024te-ceyrek-finale-yukseldi\\\/\"},\"author\":{\"name\":\"Haber Merkezi\",\"@id\":\"https:\\\/\\\/e-ciftlik.com\\\/haberler\\\/#\\\/schema\\\/person\\\/d2f4fee3143d7f72be82cb887d51b00a\"},\"headline\":\"A Milli Tak\u0131m EURO 2024&#8217;te \u00e7eyrek finale y\u00fckseldi!\",\"datePublished\":\"2024-07-03T13:41:11+00:00\",\"mainEntityOfPage\":{\"@id\":\"https:\\\/\\\/e-ciftlik.com\\\/haberler\\\/spor\\\/a-milli-takim-euro-2024te-ceyrek-finale-yukseldi\\\/\"},\"wordCount\":206,\"commentCount\":0,\"publisher\":{\"@id\":\"https:\\\/\\\/e-ciftlik.com\\\/haberler\\\/#organization\"},\"image\":{\"@id\":\"https:\\\/\\\/e-ciftlik.com\\\/haberler\\\/spor\\\/a-milli-takim-euro-2024te-ceyrek-finale-yukseldi\\\/#primaryimage\"},\"thumbnailUrl\":\"https:\\\/\\\/e-ciftlik.com\\\/haberler\\\/wp-content\\\/uploads\\\/2024\\\/07\\\/1720014075_1200x628.jpeg\",\"articleSection\":[\"Spor\"],\"inLanguage\":\"tr\",\"potentialAction\":[{\"@type\":\"CommentAction\",\"name\":\"Comment\",\"target\":[\"https:\\\/\\\/e-ciftlik.com\\\/haberler\\\/spor\\\/a-milli-takim-euro-2024te-ceyrek-finale-yukseldi\\\/#respond\"]}]},{\"@type\":\"WebPage\",\"@id\":\"https:\\\/\\\/e-ciftlik.com\\\/haberler\\\/spor\\\/a-milli-takim-euro-2024te-ceyrek-finale-yukseldi\\\/\",\"url\":\"https:\\\/\\\/e-ciftlik.com\\\/haberler\\\/spor\\\/a-milli-takim-euro-2024te-ceyrek-finale-yukseldi\\\/\",\"name\":\"A Milli Tak\u0131m EURO 2024'te \u00e7eyrek finale y\u00fckseldi! - E-&Ccedil;\u0130FTL\u0130K HABER\",\"isPartOf\":{\"@id\":\"https:\\\/\\\/e-ciftlik.com\\\/haberler\\\/#website\"},\"primaryImageOfPage\":{\"@id\":\"https:\\\/\\\/e-ciftlik.com\\\/haberler\\\/spor\\\/a-milli-takim-euro-2024te-ceyrek-finale-yukseldi\\\/#primaryimage\"},\"image\":{\"@id\":\"https:\\\/\\\/e-ciftlik.com\\\/haberler\\\/spor\\\/a-milli-takim-euro-2024te-ceyrek-finale-yukseldi\\\/#primaryimage\"},\"thumbnailUrl\":\"https:\\\/\\\/e-ciftlik.com\\\/haberler\\\/wp-content\\\/uploads\\\/2024\\\/07\\\/1720014075_1200x628.jpeg\",\"datePublished\":\"2024-07-03T13:41:11+00:00\",\"description\":\"A Milli Tak\u0131m, EURO 2024 turnuvas\u0131nda Avusturya'y\u0131 2-1 yenerek \u00e7eyrek finale y\u00fckseldi. Ciner Medya Spor Yay\u0131nlar\u0131 Koordinat\u00f6r\u00fc Mehmet Ayan, bu \u00f6nemli\",\"breadcrumb\":{\"@id\":\"https:\\\/\\\/e-ciftlik.com\\\/haberler\\\/spor\\\/a-milli-takim-euro-2024te-ceyrek-finale-yukseldi\\\/#breadcrumb\"},\"inLanguage\":\"tr\",\"potentialAction\":[{\"@type\":\"ReadAction\",\"target\":[\"https:\\\/\\\/e-ciftlik.com\\\/haberler\\\/spor\\\/a-milli-takim-euro-2024te-ceyrek-finale-yukseldi\\\/\"]}]},{\"@type\":\"ImageObject\",\"inLanguage\":\"tr\",\"@id\":\"https:\\\/\\\/e-ciftlik.com\\\/haberler\\\/spor\\\/a-milli-takim-euro-2024te-ceyrek-finale-yukseldi\\\/#primaryimage\",\"url\":\"https:\\\/\\\/e-ciftlik.com\\\/haberler\\\/wp-content\\\/uploads\\\/2024\\\/07\\\/1720014075_1200x628.jpeg\",\"contentUrl\":\"https:\\\/\\\/e-ciftlik.com\\\/haberler\\\/wp-content\\\/uploads\\\/2024\\\/07\\\/1720014075_1200x628.jpeg\",\"width\":1200,\"height\":627},{\"@type\":\"BreadcrumbList\",\"@id\":\"https:\\\/\\\/e-ciftlik.com\\\/haberler\\\/spor\\\/a-milli-takim-euro-2024te-ceyrek-finale-yukseldi\\\/#breadcrumb\",\"itemListElement\":[{\"@type\":\"ListItem\",\"position\":1,\"name\":\"Anasayfa\",\"item\":\"https:\\\/\\\/e-ciftlik.com\\\/haberler\\\/\"},{\"@type\":\"ListItem\",\"position\":2,\"name\":\"A Milli Tak\u0131m EURO 2024&#8217;te \u00e7eyrek finale y\u00fckseldi!\"}]},{\"@type\":\"WebSite\",\"@id\":\"https:\\\/\\\/e-ciftlik.com\\\/haberler\\\/#website\",\"url\":\"https:\\\/\\\/e-ciftlik.com\\\/haberler\\\/\",\"name\":\"E-\u00c7iftlik Haber | G\u00fcncel, Son Dakika Haberler, En Son Haber\",\"description\":\"\",\"publisher\":{\"@id\":\"https:\\\/\\\/e-ciftlik.com\\\/haberler\\\/#organization\"},\"potentialAction\":[{\"@type\":\"SearchAction\",\"target\":{\"@type\":\"EntryPoint\",\"urlTemplate\":\"https:\\\/\\\/e-ciftlik.com\\\/haberler\\\/?s={search_term_string}\"},\"query-input\":{\"@type\":\"PropertyValueSpecification\",\"valueRequired\":true,\"valueName\":\"search_term_string\"}}],\"inLanguage\":\"tr\"},{\"@type\":\"Organization\",\"@id\":\"https:\\\/\\\/e-ciftlik.com\\\/haberler\\\/#organization\",\"name\":\"E-\u00c7\u0130FTL\u0130K HABER\",\"url\":\"https:\\\/\\\/e-ciftlik.com\\\/haberler\\\/\",\"logo\":{\"@type\":\"ImageObject\",\"inLanguage\":\"tr\",\"@id\":\"https:\\\/\\\/e-ciftlik.com\\\/haberler\\\/#\\\/schema\\\/logo\\\/image\\\/\",\"url\":\"https:\\\/\\\/e-ciftlik.com\\\/haberler\\\/wp-content\\\/uploads\\\/2024\\\/06\\\/cropped-cropped-favicon-1-2.png\",\"contentUrl\":\"https:\\\/\\\/e-ciftlik.com\\\/haberler\\\/wp-content\\\/uploads\\\/2024\\\/06\\\/cropped-cropped-favicon-1-2.png\",\"width\":512,\"height\":512,\"caption\":\"E-\u00c7\u0130FTL\u0130K HABER\"},\"image\":{\"@id\":\"https:\\\/\\\/e-ciftlik.com\\\/haberler\\\/#\\\/schema\\\/logo\\\/image\\\/\"},\"sameAs\":[\"https:\\\/\\\/www.facebook.com\\\/eciftlikturkiye\",\"https:\\\/\\\/x.com\\\/eciftlikresmi\",\"https:\\\/\\\/www.instagram.com\\\/eciftlikresmi\\\/\"]},{\"@type\":\"Person\",\"@id\":\"https:\\\/\\\/e-ciftlik.com\\\/haberler\\\/#\\\/schema\\\/person\\\/d2f4fee3143d7f72be82cb887d51b00a\",\"name\":\"Haber Merkezi\",\"image\":{\"@type\":\"ImageObject\",\"inLanguage\":\"tr\",\"@id\":\"https:\\\/\\\/secure.gravatar.com\\\/avatar\\\/6c27d641914e66c1d0452c92716002398782818991d86db1c2cccb531e7c7c82?s=96&d=mm&r=g\",\"url\":\"https:\\\/\\\/secure.gravatar.com\\\/avatar\\\/6c27d641914e66c1d0452c92716002398782818991d86db1c2cccb531e7c7c82?s=96&d=mm&r=g\",\"contentUrl\":\"https:\\\/\\\/secure.gravatar.com\\\/avatar\\\/6c27d641914e66c1d0452c92716002398782818991d86db1c2cccb531e7c7c82?s=96&d=mm&r=g\",\"caption\":\"Haber Merkezi\"},\"sameAs\":[\"http:\\\/\\\/e-ciftlik.com\\\/haberler\"]}]}<\/script>\n<!-- \/ Yoast SEO Premium plugin. -->","yoast_head_json":{"title":"A Milli Tak\u0131m EURO 2024'te \u00e7eyrek finale y\u00fckseldi! - E-&Ccedil;\u0130FTL\u0130K HABER","description":"A Milli Tak\u0131m, EURO 2024 turnuvas\u0131nda Avusturya'y\u0131 2-1 yenerek \u00e7eyrek finale y\u00fckseldi. Ciner Medya Spor Yay\u0131nlar\u0131 Koordinat\u00f6r\u00fc Mehmet Ayan, bu \u00f6nemli","robots":{"index":"index","follow":"follow","max-snippet":"max-snippet:-1","max-image-preview":"max-image-preview:large","max-video-preview":"max-video-preview:-1"},"canonical":"https:\/\/e-ciftlik.com\/haberler\/spor\/a-milli-takim-euro-2024te-ceyrek-finale-yukseldi\/","og_locale":"tr_TR","og_type":"article","og_title":"A Milli Tak\u0131m EURO 2024'te \u00e7eyrek finale y\u00fckseldi!","og_description":"A Milli Tak\u0131m, EURO 2024 turnuvas\u0131nda Avusturya'y\u0131 2-1 yenerek \u00e7eyrek finale y\u00fckseldi. Ciner Medya Spor Yay\u0131nlar\u0131 Koordinat\u00f6r\u00fc Mehmet Ayan, bu \u00f6nemli","og_url":"https:\/\/e-ciftlik.com\/haberler\/spor\/a-milli-takim-euro-2024te-ceyrek-finale-yukseldi\/","og_site_name":"E-&Ccedil;\u0130FTL\u0130K HABER","article_publisher":"https:\/\/www.facebook.com\/eciftlikturkiye","article_published_time":"2024-07-03T13:41:11+00:00","og_image":[{"width":1200,"height":627,"url":"https:\/\/e-ciftlik.com\/haberler\/wp-content\/uploads\/2024\/07\/1720014075_1200x628.jpeg","type":"image\/jpeg"}],"author":"Haber Merkezi","twitter_card":"summary_large_image","twitter_creator":"@eciftlikresmi","twitter_site":"@eciftlikresmi","twitter_misc":{"Yazan:":"Haber Merkezi","Tahmini okuma s\u00fcresi":"1 dakika"},"schema":{"@context":"https:\/\/schema.org","@graph":[{"@type":"NewsArticle","@id":"https:\/\/e-ciftlik.com\/haberler\/spor\/a-milli-takim-euro-2024te-ceyrek-finale-yukseldi\/#article","isPartOf":{"@id":"https:\/\/e-ciftlik.com\/haberler\/spor\/a-milli-takim-euro-2024te-ceyrek-finale-yukseldi\/"},"author":{"name":"Haber Merkezi","@id":"https:\/\/e-ciftlik.com\/haberler\/#\/schema\/person\/d2f4fee3143d7f72be82cb887d51b00a"},"headline":"A Milli Tak\u0131m EURO 2024&#8217;te \u00e7eyrek finale y\u00fckseldi!","datePublished":"2024-07-03T13:41:11+00:00","mainEntityOfPage":{"@id":"https:\/\/e-ciftlik.com\/haberler\/spor\/a-milli-takim-euro-2024te-ceyrek-finale-yukseldi\/"},"wordCount":206,"commentCount":0,"publisher":{"@id":"https:\/\/e-ciftlik.com\/haberler\/#organization"},"image":{"@id":"https:\/\/e-ciftlik.com\/haberler\/spor\/a-milli-takim-euro-2024te-ceyrek-finale-yukseldi\/#primaryimage"},"thumbnailUrl":"https:\/\/e-ciftlik.com\/haberler\/wp-content\/uploads\/2024\/07\/1720014075_1200x628.jpeg","articleSection":["Spor"],"inLanguage":"tr","potentialAction":[{"@type":"CommentAction","name":"Comment","target":["https:\/\/e-ciftlik.com\/haberler\/spor\/a-milli-takim-euro-2024te-ceyrek-finale-yukseldi\/#respond"]}]},{"@type":"WebPage","@id":"https:\/\/e-ciftlik.com\/haberler\/spor\/a-milli-takim-euro-2024te-ceyrek-finale-yukseldi\/","url":"https:\/\/e-ciftlik.com\/haberler\/spor\/a-milli-takim-euro-2024te-ceyrek-finale-yukseldi\/","name":"A Milli Tak\u0131m EURO 2024'te \u00e7eyrek finale y\u00fckseldi! - E-&Ccedil;\u0130FTL\u0130K HABER","isPartOf":{"@id":"https:\/\/e-ciftlik.com\/haberler\/#website"},"primaryImageOfPage":{"@id":"https:\/\/e-ciftlik.com\/haberler\/spor\/a-milli-takim-euro-2024te-ceyrek-finale-yukseldi\/#primaryimage"},"image":{"@id":"https:\/\/e-ciftlik.com\/haberler\/spor\/a-milli-takim-euro-2024te-ceyrek-finale-yukseldi\/#primaryimage"},"thumbnailUrl":"https:\/\/e-ciftlik.com\/haberler\/wp-content\/uploads\/2024\/07\/1720014075_1200x628.jpeg","datePublished":"2024-07-03T13:41:11+00:00","description":"A Milli Tak\u0131m, EURO 2024 turnuvas\u0131nda Avusturya'y\u0131 2-1 yenerek \u00e7eyrek finale y\u00fckseldi. Ciner Medya Spor Yay\u0131nlar\u0131 Koordinat\u00f6r\u00fc Mehmet Ayan, bu \u00f6nemli","breadcrumb":{"@id":"https:\/\/e-ciftlik.com\/haberler\/spor\/a-milli-takim-euro-2024te-ceyrek-finale-yukseldi\/#breadcrumb"},"inLanguage":"tr","potentialAction":[{"@type":"ReadAction","target":["https:\/\/e-ciftlik.com\/haberler\/spor\/a-milli-takim-euro-2024te-ceyrek-finale-yukseldi\/"]}]},{"@type":"ImageObject","inLanguage":"tr","@id":"https:\/\/e-ciftlik.com\/haberler\/spor\/a-milli-takim-euro-2024te-ceyrek-finale-yukseldi\/#primaryimage","url":"https:\/\/e-ciftlik.com\/haberler\/wp-content\/uploads\/2024\/07\/1720014075_1200x628.jpeg","contentUrl":"https:\/\/e-ciftlik.com\/haberler\/wp-content\/uploads\/2024\/07\/1720014075_1200x628.jpeg","width":1200,"height":627},{"@type":"BreadcrumbList","@id":"https:\/\/e-ciftlik.com\/haberler\/spor\/a-milli-takim-euro-2024te-ceyrek-finale-yukseldi\/#breadcrumb","itemListElement":[{"@type":"ListItem","position":1,"name":"Anasayfa","item":"https:\/\/e-ciftlik.com\/haberler\/"},{"@type":"ListItem","position":2,"name":"A Milli Tak\u0131m EURO 2024&#8217;te \u00e7eyrek finale y\u00fckseldi!"}]},{"@type":"WebSite","@id":"https:\/\/e-ciftlik.com\/haberler\/#website","url":"https:\/\/e-ciftlik.com\/haberler\/","name":"E-\u00c7iftlik Haber | G\u00fcncel, Son Dakika Haberler, En Son Haber","description":"","publisher":{"@id":"https:\/\/e-ciftlik.com\/haberler\/#organization"},"potentialAction":[{"@type":"SearchAction","target":{"@type":"EntryPoint","urlTemplate":"https:\/\/e-ciftlik.com\/haberler\/?s={search_term_string}"},"query-input":{"@type":"PropertyValueSpecification","valueRequired":true,"valueName":"search_term_string"}}],"inLanguage":"tr"},{"@type":"Organization","@id":"https:\/\/e-ciftlik.com\/haberler\/#organization","name":"E-\u00c7\u0130FTL\u0130K HABER","url":"https:\/\/e-ciftlik.com\/haberler\/","logo":{"@type":"ImageObject","inLanguage":"tr","@id":"https:\/\/e-ciftlik.com\/haberler\/#\/schema\/logo\/image\/","url":"https:\/\/e-ciftlik.com\/haberler\/wp-content\/uploads\/2024\/06\/cropped-cropped-favicon-1-2.png","contentUrl":"https:\/\/e-ciftlik.com\/haberler\/wp-content\/uploads\/2024\/06\/cropped-cropped-favicon-1-2.png","width":512,"height":512,"caption":"E-\u00c7\u0130FTL\u0130K HABER"},"image":{"@id":"https:\/\/e-ciftlik.com\/haberler\/#\/schema\/logo\/image\/"},"sameAs":["https:\/\/www.facebook.com\/eciftlikturkiye","https:\/\/x.com\/eciftlikresmi","https:\/\/www.instagram.com\/eciftlikresmi\/"]},{"@type":"Person","@id":"https:\/\/e-ciftlik.com\/haberler\/#\/schema\/person\/d2f4fee3143d7f72be82cb887d51b00a","name":"Haber Merkezi","image":{"@type":"ImageObject","inLanguage":"tr","@id":"https:\/\/secure.gravatar.com\/avatar\/6c27d641914e66c1d0452c92716002398782818991d86db1c2cccb531e7c7c82?s=96&d=mm&r=g","url":"https:\/\/secure.gravatar.com\/avatar\/6c27d641914e66c1d0452c92716002398782818991d86db1c2cccb531e7c7c82?s=96&d=mm&r=g","contentUrl":"https:\/\/secure.gravatar.com\/avatar\/6c27d641914e66c1d0452c92716002398782818991d86db1c2cccb531e7c7c82?s=96&d=mm&r=g","caption":"Haber Merkezi"},"sameAs":["http:\/\/e-ciftlik.com\/haberler"]}]}},"_links":{"self":[{"href":"https:\/\/e-ciftlik.com\/haberler\/wp-json\/wp\/v2\/posts\/8990","targetHints":{"allow":["GET"]}}],"collection":[{"href":"https:\/\/e-ciftlik.com\/haberler\/wp-json\/wp\/v2\/posts"}],"about":[{"href":"https:\/\/e-ciftlik.com\/haberler\/wp-json\/wp\/v2\/types\/post"}],"author":[{"embeddable":true,"href":"https:\/\/e-ciftlik.com\/haberler\/wp-json\/wp\/v2\/users\/1"}],"replies":[{"embeddable":true,"href":"https:\/\/e-ciftlik.com\/haberler\/wp-json\/wp\/v2\/comments?post=8990"}],"version-history":[{"count":0,"href":"https:\/\/e-ciftlik.com\/haberler\/wp-json\/wp\/v2\/posts\/8990\/revisions"}],"wp:featuredmedia":[{"embeddable":true,"href":"https:\/\/e-ciftlik.com\/haberler\/wp-json\/wp\/v2\/media\/8991"}],"wp:attachment":[{"href":"https:\/\/e-ciftlik.com\/haberler\/wp-json\/wp\/v2\/media?parent=8990"}],"wp:term":[{"taxonomy":"category","embeddable":true,"href":"https:\/\/e-ciftlik.com\/haberler\/wp-json\/wp\/v2\/categories?post=8990"},{"taxonomy":"post_tag","embeddable":true,"href":"https:\/\/e-ciftlik.com\/haberler\/wp-json\/wp\/v2\/tags?post=8990"}],"curies":[{"name":"wp","href":"https:\/\/api.w.org\/{rel}","templated":true}]}}