{"id":9003,"date":"2024-07-03T14:58:48","date_gmt":"2024-07-03T14:58:48","guid":{"rendered":"https:\/\/e-ciftlik.com\/haberler\/spor\/rangnick-turkiye-macinda-sans-bizden-yana-degildi\/"},"modified":"2024-07-03T14:58:48","modified_gmt":"2024-07-03T14:58:48","slug":"rangnick-turkiye-macinda-sans-bizden-yana-degildi","status":"publish","type":"post","link":"https:\/\/e-ciftlik.com\/haberler\/spor\/rangnick-turkiye-macinda-sans-bizden-yana-degildi\/","title":{"rendered":"Rangnick: &#8216;T\u00fcrkiye ma\u00e7\u0131nda \u015fans bizden yana de\u011fildi&#8217;"},"content":{"rendered":"<p>Almanya&#8217;n\u0131n Leipzig \u015fehrinde bulunan Leipzig Stad\u0131&#8217;nda oynanan ma\u00e7 sonras\u0131 d\u00fczenlenen bas\u0131n toplant\u0131s\u0131nda Ralf Rangnick, tak\u0131m\u0131n\u0131n \u015fanss\u0131z oldu\u011funu belirterek, ma\u00e7\u0131n uzatmalara gitmesi durumunda kazanma \u015fanslar\u0131n\u0131n olabilece\u011fini dile getirdi. Rangnick, T\u00fcrk Milli Tak\u0131m\u0131&#8217;n\u0131n sona do\u011fru yoruldu\u011funu ve fiziksel olarak avantajl\u0131 olduklar\u0131n\u0131 ancak yeterince gol atamad\u0131klar\u0131n\u0131 ve f\u0131rsat olu\u015fturamad\u0131klar\u0131n\u0131 ifade etti. Ayr\u0131ca, Merih Demiral&#8217;\u0131n gol atm\u0131\u015f olmas\u0131na ra\u011fmen, skoru \u00e7eviremediklerini belirtti.<\/p>\n<p>Ralf Rangnick, T\u00fcrk kaleci Mert G\u00fcnok&#8217;u \u0130ngiliz kaleci Gordon Banks&#8217;a benzetti ve beraberlik gol\u00fcn\u00fc atmalar\u0131 i\u00e7in zamanlar\u0131n\u0131n oldu\u011funu, ancak Gordon Banks kar\u015f\u0131s\u0131nda zorland\u0131klar\u0131n\u0131 belirtti. \u0130lk dakikada gol yemelerine ra\u011fmen iyi bir ba\u015flang\u0131\u00e7 yapt\u0131klar\u0131n\u0131 dile getiren Rangnick, oyunun kontrol\u00fcn\u00fc kaybetmeye ba\u015flad\u0131klar\u0131n\u0131 s\u00f6yledi. Son hamlelerinin de sonu\u00e7 vermedi\u011fini belirten Rangnick, tak\u0131m\u0131n daha iyi savunma yapmas\u0131 gerekti\u011fini ve f\u0131rsatlar\u0131 iyi de\u011ferlendiremediklerini vurgulad\u0131.<\/p>\n<p>Turnuvada oynad\u0131klar\u0131 4 ma\u00e7\u0131n da keyifli ge\u00e7ti\u011fini s\u00f6yleyen Rangnick, \u00f6nlerine bakacaklar\u0131n\u0131 ve D\u00fcnya Kupas\u0131&#8217;na kat\u0131lma \u015fanslar\u0131n\u0131n y\u00fcksek oldu\u011funu d\u00fc\u015f\u00fcnd\u00fc\u011f\u00fcn\u00fc belirtti. T\u00fcrkiye&#8217;ye d\u00f6nmenin akl\u0131nda olmad\u0131\u011f\u0131n\u0131 belirten Rangnick, hayal k\u0131r\u0131kl\u0131\u011f\u0131 ya\u015fasalar da \u00f6nlerine bakacaklar\u0131n\u0131 s\u00f6yledi.<\/p>\n<p>Ralf Rangnick, bir sonraki ma\u00e7a odaklanacaklar\u0131n\u0131 ve tak\u0131m\u0131n hedeflerine ula\u015fmak i\u00e7in \u00e7al\u0131\u015fmaya devam edeceklerini dile getirdi. Sonu\u00e7ta hayal k\u0131r\u0131kl\u0131\u011f\u0131 ya\u015fasalar da uzun y\u0131llar sonra bu seviyelere gelmi\u015f olman\u0131n \u00f6nemli oldu\u011funu s\u00f6zlerine ekledi.<\/p>\n","protected":false},"excerpt":{"rendered":"<p>Almanya&#8217;n\u0131n Leipzig \u015fehrinde bulunan Leipzig Stad\u0131&#8217;nda oynanan ma\u00e7 sonras\u0131 d\u00fczenlenen bas\u0131n toplant\u0131s\u0131nda Ralf Rangnick, tak\u0131m\u0131n\u0131n&hellip;<\/p>\n","protected":false},"author":1,"featured_media":9004,"comment_status":"open","ping_status":"open","sticky":false,"template":"","format":"standard","meta":{"footnotes":""},"categories":[7],"tags":[],"class_list":["post-9003","post","type-post","status-publish","format-standard","has-post-thumbnail","hentry","category-spor"],"yoast_head":"<!-- This site is optimized with the Yoast SEO Premium plugin v24.3 (Yoast SEO v27.4) - https:\/\/yoast.com\/product\/yoast-seo-premium-wordpress\/ -->\n<title>Rangnick: &#039;T\u00fcrkiye ma\u00e7\u0131nda \u015fans bizden yana de\u011fildi&#039; - E-&Ccedil;\u0130FTL\u0130K HABER<\/title>\n<meta name=\"description\" content=\"Almanya&#039;n\u0131n Leipzig \u015fehrinde bulunan Leipzig Stad\u0131&#039;nda oynanan ma\u00e7 sonras\u0131 d\u00fczenlenen bas\u0131n toplant\u0131s\u0131nda Ralf Rangnick, tak\u0131m\u0131n\u0131n \u015fanss\u0131z oldu\u011funu\" \/>\n<meta name=\"robots\" content=\"index, follow, max-snippet:-1, max-image-preview:large, max-video-preview:-1\" \/>\n<link rel=\"canonical\" href=\"https:\/\/e-ciftlik.com\/haberler\/spor\/rangnick-turkiye-macinda-sans-bizden-yana-degildi\/\" \/>\n<meta property=\"og:locale\" content=\"tr_TR\" \/>\n<meta property=\"og:type\" content=\"article\" \/>\n<meta property=\"og:title\" content=\"Rangnick: &#039;T\u00fcrkiye ma\u00e7\u0131nda \u015fans bizden yana de\u011fildi&#039;\" \/>\n<meta property=\"og:description\" content=\"Almanya&#039;n\u0131n Leipzig \u015fehrinde bulunan Leipzig Stad\u0131&#039;nda oynanan ma\u00e7 sonras\u0131 d\u00fczenlenen bas\u0131n toplant\u0131s\u0131nda Ralf Rangnick, tak\u0131m\u0131n\u0131n \u015fanss\u0131z oldu\u011funu\" \/>\n<meta property=\"og:url\" content=\"https:\/\/e-ciftlik.com\/haberler\/spor\/rangnick-turkiye-macinda-sans-bizden-yana-degildi\/\" \/>\n<meta property=\"og:site_name\" content=\"E-&Ccedil;\u0130FTL\u0130K HABER\" \/>\n<meta property=\"article:publisher\" content=\"https:\/\/www.facebook.com\/eciftlikturkiye\" \/>\n<meta property=\"article:published_time\" content=\"2024-07-03T14:58:48+00:00\" \/>\n<meta property=\"og:image\" content=\"https:\/\/e-ciftlik.com\/haberler\/wp-content\/uploads\/2024\/07\/1720018732_1200x628.jpeg\" \/>\n\t<meta property=\"og:image:width\" content=\"1200\" \/>\n\t<meta property=\"og:image:height\" content=\"628\" \/>\n\t<meta property=\"og:image:type\" content=\"image\/jpeg\" \/>\n<meta name=\"author\" content=\"Haber Merkezi\" \/>\n<meta name=\"twitter:card\" content=\"summary_large_image\" \/>\n<meta name=\"twitter:creator\" content=\"@eciftlikresmi\" \/>\n<meta name=\"twitter:site\" content=\"@eciftlikresmi\" \/>\n<meta name=\"twitter:label1\" content=\"Yazan:\" \/>\n\t<meta name=\"twitter:data1\" content=\"Haber Merkezi\" \/>\n\t<meta name=\"twitter:label2\" content=\"Tahmini okuma s\u00fcresi\" \/>\n\t<meta name=\"twitter:data2\" content=\"1 dakika\" \/>\n<script type=\"application\/ld+json\" class=\"yoast-schema-graph\">{\"@context\":\"https:\\\/\\\/schema.org\",\"@graph\":[{\"@type\":\"NewsArticle\",\"@id\":\"https:\\\/\\\/e-ciftlik.com\\\/haberler\\\/spor\\\/rangnick-turkiye-macinda-sans-bizden-yana-degildi\\\/#article\",\"isPartOf\":{\"@id\":\"https:\\\/\\\/e-ciftlik.com\\\/haberler\\\/spor\\\/rangnick-turkiye-macinda-sans-bizden-yana-degildi\\\/\"},\"author\":{\"name\":\"Haber Merkezi\",\"@id\":\"https:\\\/\\\/e-ciftlik.com\\\/haberler\\\/#\\\/schema\\\/person\\\/d2f4fee3143d7f72be82cb887d51b00a\"},\"headline\":\"Rangnick: &#8216;T\u00fcrkiye ma\u00e7\u0131nda \u015fans bizden yana de\u011fildi&#8217;\",\"datePublished\":\"2024-07-03T14:58:48+00:00\",\"mainEntityOfPage\":{\"@id\":\"https:\\\/\\\/e-ciftlik.com\\\/haberler\\\/spor\\\/rangnick-turkiye-macinda-sans-bizden-yana-degildi\\\/\"},\"wordCount\":292,\"commentCount\":0,\"publisher\":{\"@id\":\"https:\\\/\\\/e-ciftlik.com\\\/haberler\\\/#organization\"},\"image\":{\"@id\":\"https:\\\/\\\/e-ciftlik.com\\\/haberler\\\/spor\\\/rangnick-turkiye-macinda-sans-bizden-yana-degildi\\\/#primaryimage\"},\"thumbnailUrl\":\"https:\\\/\\\/e-ciftlik.com\\\/haberler\\\/wp-content\\\/uploads\\\/2024\\\/07\\\/1720018732_1200x628.jpeg\",\"articleSection\":[\"Spor\"],\"inLanguage\":\"tr\",\"potentialAction\":[{\"@type\":\"CommentAction\",\"name\":\"Comment\",\"target\":[\"https:\\\/\\\/e-ciftlik.com\\\/haberler\\\/spor\\\/rangnick-turkiye-macinda-sans-bizden-yana-degildi\\\/#respond\"]}]},{\"@type\":\"WebPage\",\"@id\":\"https:\\\/\\\/e-ciftlik.com\\\/haberler\\\/spor\\\/rangnick-turkiye-macinda-sans-bizden-yana-degildi\\\/\",\"url\":\"https:\\\/\\\/e-ciftlik.com\\\/haberler\\\/spor\\\/rangnick-turkiye-macinda-sans-bizden-yana-degildi\\\/\",\"name\":\"Rangnick: 'T\u00fcrkiye ma\u00e7\u0131nda \u015fans bizden yana de\u011fildi' - E-&Ccedil;\u0130FTL\u0130K HABER\",\"isPartOf\":{\"@id\":\"https:\\\/\\\/e-ciftlik.com\\\/haberler\\\/#website\"},\"primaryImageOfPage\":{\"@id\":\"https:\\\/\\\/e-ciftlik.com\\\/haberler\\\/spor\\\/rangnick-turkiye-macinda-sans-bizden-yana-degildi\\\/#primaryimage\"},\"image\":{\"@id\":\"https:\\\/\\\/e-ciftlik.com\\\/haberler\\\/spor\\\/rangnick-turkiye-macinda-sans-bizden-yana-degildi\\\/#primaryimage\"},\"thumbnailUrl\":\"https:\\\/\\\/e-ciftlik.com\\\/haberler\\\/wp-content\\\/uploads\\\/2024\\\/07\\\/1720018732_1200x628.jpeg\",\"datePublished\":\"2024-07-03T14:58:48+00:00\",\"description\":\"Almanya'n\u0131n Leipzig \u015fehrinde bulunan Leipzig Stad\u0131'nda oynanan ma\u00e7 sonras\u0131 d\u00fczenlenen bas\u0131n toplant\u0131s\u0131nda Ralf Rangnick, tak\u0131m\u0131n\u0131n \u015fanss\u0131z oldu\u011funu\",\"breadcrumb\":{\"@id\":\"https:\\\/\\\/e-ciftlik.com\\\/haberler\\\/spor\\\/rangnick-turkiye-macinda-sans-bizden-yana-degildi\\\/#breadcrumb\"},\"inLanguage\":\"tr\",\"potentialAction\":[{\"@type\":\"ReadAction\",\"target\":[\"https:\\\/\\\/e-ciftlik.com\\\/haberler\\\/spor\\\/rangnick-turkiye-macinda-sans-bizden-yana-degildi\\\/\"]}]},{\"@type\":\"ImageObject\",\"inLanguage\":\"tr\",\"@id\":\"https:\\\/\\\/e-ciftlik.com\\\/haberler\\\/spor\\\/rangnick-turkiye-macinda-sans-bizden-yana-degildi\\\/#primaryimage\",\"url\":\"https:\\\/\\\/e-ciftlik.com\\\/haberler\\\/wp-content\\\/uploads\\\/2024\\\/07\\\/1720018732_1200x628.jpeg\",\"contentUrl\":\"https:\\\/\\\/e-ciftlik.com\\\/haberler\\\/wp-content\\\/uploads\\\/2024\\\/07\\\/1720018732_1200x628.jpeg\",\"width\":1200,\"height\":628},{\"@type\":\"BreadcrumbList\",\"@id\":\"https:\\\/\\\/e-ciftlik.com\\\/haberler\\\/spor\\\/rangnick-turkiye-macinda-sans-bizden-yana-degildi\\\/#breadcrumb\",\"itemListElement\":[{\"@type\":\"ListItem\",\"position\":1,\"name\":\"Anasayfa\",\"item\":\"https:\\\/\\\/e-ciftlik.com\\\/haberler\\\/\"},{\"@type\":\"ListItem\",\"position\":2,\"name\":\"Rangnick: &#8216;T\u00fcrkiye ma\u00e7\u0131nda \u015fans bizden yana de\u011fildi&#8217;\"}]},{\"@type\":\"WebSite\",\"@id\":\"https:\\\/\\\/e-ciftlik.com\\\/haberler\\\/#website\",\"url\":\"https:\\\/\\\/e-ciftlik.com\\\/haberler\\\/\",\"name\":\"E-\u00c7iftlik Haber | G\u00fcncel, Son Dakika Haberler, En Son Haber\",\"description\":\"\",\"publisher\":{\"@id\":\"https:\\\/\\\/e-ciftlik.com\\\/haberler\\\/#organization\"},\"potentialAction\":[{\"@type\":\"SearchAction\",\"target\":{\"@type\":\"EntryPoint\",\"urlTemplate\":\"https:\\\/\\\/e-ciftlik.com\\\/haberler\\\/?s={search_term_string}\"},\"query-input\":{\"@type\":\"PropertyValueSpecification\",\"valueRequired\":true,\"valueName\":\"search_term_string\"}}],\"inLanguage\":\"tr\"},{\"@type\":\"Organization\",\"@id\":\"https:\\\/\\\/e-ciftlik.com\\\/haberler\\\/#organization\",\"name\":\"E-\u00c7\u0130FTL\u0130K HABER\",\"url\":\"https:\\\/\\\/e-ciftlik.com\\\/haberler\\\/\",\"logo\":{\"@type\":\"ImageObject\",\"inLanguage\":\"tr\",\"@id\":\"https:\\\/\\\/e-ciftlik.com\\\/haberler\\\/#\\\/schema\\\/logo\\\/image\\\/\",\"url\":\"https:\\\/\\\/e-ciftlik.com\\\/haberler\\\/wp-content\\\/uploads\\\/2024\\\/06\\\/cropped-cropped-favicon-1-2.png\",\"contentUrl\":\"https:\\\/\\\/e-ciftlik.com\\\/haberler\\\/wp-content\\\/uploads\\\/2024\\\/06\\\/cropped-cropped-favicon-1-2.png\",\"width\":512,\"height\":512,\"caption\":\"E-\u00c7\u0130FTL\u0130K HABER\"},\"image\":{\"@id\":\"https:\\\/\\\/e-ciftlik.com\\\/haberler\\\/#\\\/schema\\\/logo\\\/image\\\/\"},\"sameAs\":[\"https:\\\/\\\/www.facebook.com\\\/eciftlikturkiye\",\"https:\\\/\\\/x.com\\\/eciftlikresmi\",\"https:\\\/\\\/www.instagram.com\\\/eciftlikresmi\\\/\"]},{\"@type\":\"Person\",\"@id\":\"https:\\\/\\\/e-ciftlik.com\\\/haberler\\\/#\\\/schema\\\/person\\\/d2f4fee3143d7f72be82cb887d51b00a\",\"name\":\"Haber Merkezi\",\"image\":{\"@type\":\"ImageObject\",\"inLanguage\":\"tr\",\"@id\":\"https:\\\/\\\/secure.gravatar.com\\\/avatar\\\/6c27d641914e66c1d0452c92716002398782818991d86db1c2cccb531e7c7c82?s=96&d=mm&r=g\",\"url\":\"https:\\\/\\\/secure.gravatar.com\\\/avatar\\\/6c27d641914e66c1d0452c92716002398782818991d86db1c2cccb531e7c7c82?s=96&d=mm&r=g\",\"contentUrl\":\"https:\\\/\\\/secure.gravatar.com\\\/avatar\\\/6c27d641914e66c1d0452c92716002398782818991d86db1c2cccb531e7c7c82?s=96&d=mm&r=g\",\"caption\":\"Haber Merkezi\"},\"sameAs\":[\"http:\\\/\\\/e-ciftlik.com\\\/haberler\"]}]}<\/script>\n<!-- \/ Yoast SEO Premium plugin. -->","yoast_head_json":{"title":"Rangnick: 'T\u00fcrkiye ma\u00e7\u0131nda \u015fans bizden yana de\u011fildi' - E-&Ccedil;\u0130FTL\u0130K HABER","description":"Almanya'n\u0131n Leipzig \u015fehrinde bulunan Leipzig Stad\u0131'nda oynanan ma\u00e7 sonras\u0131 d\u00fczenlenen bas\u0131n toplant\u0131s\u0131nda Ralf Rangnick, tak\u0131m\u0131n\u0131n \u015fanss\u0131z oldu\u011funu","robots":{"index":"index","follow":"follow","max-snippet":"max-snippet:-1","max-image-preview":"max-image-preview:large","max-video-preview":"max-video-preview:-1"},"canonical":"https:\/\/e-ciftlik.com\/haberler\/spor\/rangnick-turkiye-macinda-sans-bizden-yana-degildi\/","og_locale":"tr_TR","og_type":"article","og_title":"Rangnick: 'T\u00fcrkiye ma\u00e7\u0131nda \u015fans bizden yana de\u011fildi'","og_description":"Almanya'n\u0131n Leipzig \u015fehrinde bulunan Leipzig Stad\u0131'nda oynanan ma\u00e7 sonras\u0131 d\u00fczenlenen bas\u0131n toplant\u0131s\u0131nda Ralf Rangnick, tak\u0131m\u0131n\u0131n \u015fanss\u0131z oldu\u011funu","og_url":"https:\/\/e-ciftlik.com\/haberler\/spor\/rangnick-turkiye-macinda-sans-bizden-yana-degildi\/","og_site_name":"E-&Ccedil;\u0130FTL\u0130K HABER","article_publisher":"https:\/\/www.facebook.com\/eciftlikturkiye","article_published_time":"2024-07-03T14:58:48+00:00","og_image":[{"width":1200,"height":628,"url":"https:\/\/e-ciftlik.com\/haberler\/wp-content\/uploads\/2024\/07\/1720018732_1200x628.jpeg","type":"image\/jpeg"}],"author":"Haber Merkezi","twitter_card":"summary_large_image","twitter_creator":"@eciftlikresmi","twitter_site":"@eciftlikresmi","twitter_misc":{"Yazan:":"Haber Merkezi","Tahmini okuma s\u00fcresi":"1 dakika"},"schema":{"@context":"https:\/\/schema.org","@graph":[{"@type":"NewsArticle","@id":"https:\/\/e-ciftlik.com\/haberler\/spor\/rangnick-turkiye-macinda-sans-bizden-yana-degildi\/#article","isPartOf":{"@id":"https:\/\/e-ciftlik.com\/haberler\/spor\/rangnick-turkiye-macinda-sans-bizden-yana-degildi\/"},"author":{"name":"Haber Merkezi","@id":"https:\/\/e-ciftlik.com\/haberler\/#\/schema\/person\/d2f4fee3143d7f72be82cb887d51b00a"},"headline":"Rangnick: &#8216;T\u00fcrkiye ma\u00e7\u0131nda \u015fans bizden yana de\u011fildi&#8217;","datePublished":"2024-07-03T14:58:48+00:00","mainEntityOfPage":{"@id":"https:\/\/e-ciftlik.com\/haberler\/spor\/rangnick-turkiye-macinda-sans-bizden-yana-degildi\/"},"wordCount":292,"commentCount":0,"publisher":{"@id":"https:\/\/e-ciftlik.com\/haberler\/#organization"},"image":{"@id":"https:\/\/e-ciftlik.com\/haberler\/spor\/rangnick-turkiye-macinda-sans-bizden-yana-degildi\/#primaryimage"},"thumbnailUrl":"https:\/\/e-ciftlik.com\/haberler\/wp-content\/uploads\/2024\/07\/1720018732_1200x628.jpeg","articleSection":["Spor"],"inLanguage":"tr","potentialAction":[{"@type":"CommentAction","name":"Comment","target":["https:\/\/e-ciftlik.com\/haberler\/spor\/rangnick-turkiye-macinda-sans-bizden-yana-degildi\/#respond"]}]},{"@type":"WebPage","@id":"https:\/\/e-ciftlik.com\/haberler\/spor\/rangnick-turkiye-macinda-sans-bizden-yana-degildi\/","url":"https:\/\/e-ciftlik.com\/haberler\/spor\/rangnick-turkiye-macinda-sans-bizden-yana-degildi\/","name":"Rangnick: 'T\u00fcrkiye ma\u00e7\u0131nda \u015fans bizden yana de\u011fildi' - E-&Ccedil;\u0130FTL\u0130K HABER","isPartOf":{"@id":"https:\/\/e-ciftlik.com\/haberler\/#website"},"primaryImageOfPage":{"@id":"https:\/\/e-ciftlik.com\/haberler\/spor\/rangnick-turkiye-macinda-sans-bizden-yana-degildi\/#primaryimage"},"image":{"@id":"https:\/\/e-ciftlik.com\/haberler\/spor\/rangnick-turkiye-macinda-sans-bizden-yana-degildi\/#primaryimage"},"thumbnailUrl":"https:\/\/e-ciftlik.com\/haberler\/wp-content\/uploads\/2024\/07\/1720018732_1200x628.jpeg","datePublished":"2024-07-03T14:58:48+00:00","description":"Almanya'n\u0131n Leipzig \u015fehrinde bulunan Leipzig Stad\u0131'nda oynanan ma\u00e7 sonras\u0131 d\u00fczenlenen bas\u0131n toplant\u0131s\u0131nda Ralf Rangnick, tak\u0131m\u0131n\u0131n \u015fanss\u0131z oldu\u011funu","breadcrumb":{"@id":"https:\/\/e-ciftlik.com\/haberler\/spor\/rangnick-turkiye-macinda-sans-bizden-yana-degildi\/#breadcrumb"},"inLanguage":"tr","potentialAction":[{"@type":"ReadAction","target":["https:\/\/e-ciftlik.com\/haberler\/spor\/rangnick-turkiye-macinda-sans-bizden-yana-degildi\/"]}]},{"@type":"ImageObject","inLanguage":"tr","@id":"https:\/\/e-ciftlik.com\/haberler\/spor\/rangnick-turkiye-macinda-sans-bizden-yana-degildi\/#primaryimage","url":"https:\/\/e-ciftlik.com\/haberler\/wp-content\/uploads\/2024\/07\/1720018732_1200x628.jpeg","contentUrl":"https:\/\/e-ciftlik.com\/haberler\/wp-content\/uploads\/2024\/07\/1720018732_1200x628.jpeg","width":1200,"height":628},{"@type":"BreadcrumbList","@id":"https:\/\/e-ciftlik.com\/haberler\/spor\/rangnick-turkiye-macinda-sans-bizden-yana-degildi\/#breadcrumb","itemListElement":[{"@type":"ListItem","position":1,"name":"Anasayfa","item":"https:\/\/e-ciftlik.com\/haberler\/"},{"@type":"ListItem","position":2,"name":"Rangnick: &#8216;T\u00fcrkiye ma\u00e7\u0131nda \u015fans bizden yana de\u011fildi&#8217;"}]},{"@type":"WebSite","@id":"https:\/\/e-ciftlik.com\/haberler\/#website","url":"https:\/\/e-ciftlik.com\/haberler\/","name":"E-\u00c7iftlik Haber | G\u00fcncel, Son Dakika Haberler, En Son Haber","description":"","publisher":{"@id":"https:\/\/e-ciftlik.com\/haberler\/#organization"},"potentialAction":[{"@type":"SearchAction","target":{"@type":"EntryPoint","urlTemplate":"https:\/\/e-ciftlik.com\/haberler\/?s={search_term_string}"},"query-input":{"@type":"PropertyValueSpecification","valueRequired":true,"valueName":"search_term_string"}}],"inLanguage":"tr"},{"@type":"Organization","@id":"https:\/\/e-ciftlik.com\/haberler\/#organization","name":"E-\u00c7\u0130FTL\u0130K HABER","url":"https:\/\/e-ciftlik.com\/haberler\/","logo":{"@type":"ImageObject","inLanguage":"tr","@id":"https:\/\/e-ciftlik.com\/haberler\/#\/schema\/logo\/image\/","url":"https:\/\/e-ciftlik.com\/haberler\/wp-content\/uploads\/2024\/06\/cropped-cropped-favicon-1-2.png","contentUrl":"https:\/\/e-ciftlik.com\/haberler\/wp-content\/uploads\/2024\/06\/cropped-cropped-favicon-1-2.png","width":512,"height":512,"caption":"E-\u00c7\u0130FTL\u0130K HABER"},"image":{"@id":"https:\/\/e-ciftlik.com\/haberler\/#\/schema\/logo\/image\/"},"sameAs":["https:\/\/www.facebook.com\/eciftlikturkiye","https:\/\/x.com\/eciftlikresmi","https:\/\/www.instagram.com\/eciftlikresmi\/"]},{"@type":"Person","@id":"https:\/\/e-ciftlik.com\/haberler\/#\/schema\/person\/d2f4fee3143d7f72be82cb887d51b00a","name":"Haber Merkezi","image":{"@type":"ImageObject","inLanguage":"tr","@id":"https:\/\/secure.gravatar.com\/avatar\/6c27d641914e66c1d0452c92716002398782818991d86db1c2cccb531e7c7c82?s=96&d=mm&r=g","url":"https:\/\/secure.gravatar.com\/avatar\/6c27d641914e66c1d0452c92716002398782818991d86db1c2cccb531e7c7c82?s=96&d=mm&r=g","contentUrl":"https:\/\/secure.gravatar.com\/avatar\/6c27d641914e66c1d0452c92716002398782818991d86db1c2cccb531e7c7c82?s=96&d=mm&r=g","caption":"Haber Merkezi"},"sameAs":["http:\/\/e-ciftlik.com\/haberler"]}]}},"_links":{"self":[{"href":"https:\/\/e-ciftlik.com\/haberler\/wp-json\/wp\/v2\/posts\/9003","targetHints":{"allow":["GET"]}}],"collection":[{"href":"https:\/\/e-ciftlik.com\/haberler\/wp-json\/wp\/v2\/posts"}],"about":[{"href":"https:\/\/e-ciftlik.com\/haberler\/wp-json\/wp\/v2\/types\/post"}],"author":[{"embeddable":true,"href":"https:\/\/e-ciftlik.com\/haberler\/wp-json\/wp\/v2\/users\/1"}],"replies":[{"embeddable":true,"href":"https:\/\/e-ciftlik.com\/haberler\/wp-json\/wp\/v2\/comments?post=9003"}],"version-history":[{"count":0,"href":"https:\/\/e-ciftlik.com\/haberler\/wp-json\/wp\/v2\/posts\/9003\/revisions"}],"wp:featuredmedia":[{"embeddable":true,"href":"https:\/\/e-ciftlik.com\/haberler\/wp-json\/wp\/v2\/media\/9004"}],"wp:attachment":[{"href":"https:\/\/e-ciftlik.com\/haberler\/wp-json\/wp\/v2\/media?parent=9003"}],"wp:term":[{"taxonomy":"category","embeddable":true,"href":"https:\/\/e-ciftlik.com\/haberler\/wp-json\/wp\/v2\/categories?post=9003"},{"taxonomy":"post_tag","embeddable":true,"href":"https:\/\/e-ciftlik.com\/haberler\/wp-json\/wp\/v2\/tags?post=9003"}],"curies":[{"name":"wp","href":"https:\/\/api.w.org\/{rel}","templated":true}]}}