{"id":9154,"date":"2024-07-03T08:43:00","date_gmt":"2024-07-03T08:43:00","guid":{"rendered":"http:\/\/e-ciftlik.com\/haberler\/tarim\/agrida-dolunun-tarim-alanlarina-verdigi-zarar\/"},"modified":"2024-07-03T08:43:00","modified_gmt":"2024-07-03T08:43:00","slug":"agrida-dolunun-tarim-alanlarina-verdigi-zarar","status":"publish","type":"post","link":"https:\/\/e-ciftlik.com\/haberler\/tarim\/agrida-dolunun-tarim-alanlarina-verdigi-zarar\/","title":{"rendered":"A\u011fr\u0131&#8217;da Dolunun Tar\u0131m Alanlar\u0131na Verdi\u011fi Zarar"},"content":{"rendered":"<p>A\u011fr\u0131&#8217;da Tar\u0131m ve Orman M\u00fcd\u00fcrl\u00fc\u011f\u00fc ekipleri, d\u00fcn etkili olan dolunun tar\u0131m arazilerine verdi\u011fi zarar\u0131 tespit etmek i\u00e7in \u00e7al\u0131\u015fmalar\u0131n\u0131 s\u00fcrd\u00fcr\u00fcyor.<\/p>\n<p>\u0130l Tar\u0131m ve Orman M\u00fcd\u00fcrl\u00fc\u011f\u00fc ekipleri, doludan zarar g\u00f6ren A\u015fa\u011f\u0131 Sakl\u0131ca, Ge\u00e7italan, \u00c7ak\u0131roba k\u00f6yleri ile Ta\u015fl\u0131\u00e7ay il\u00e7esine ba\u011fl\u0131 Ge\u00e7itveren, Bay\u0131ralt\u0131 ve \u00c7\u00f6kelge k\u00f6ylerinde incelemelerini s\u00fcrd\u00fcr\u00fcyor.<\/p>\n<p>A\u015fa\u011f\u0131 Sakl\u0131ca k\u00f6y\u00fcnde dolunun zarar verdi\u011fi arpa ve bu\u011fday tarlalar\u0131 dronlar arac\u0131l\u0131\u011f\u0131yla incelendi.<\/p>\n<p>K\u00f6yl\u00fclerden Metin S\u00f6kmez, ya\u015fanan olumsuz hava ko\u015fullar\u0131n\u0131n \u00fcz\u00fcc\u00fc etkilerinden bahsederek, &#8220;Bu y\u0131l tar\u0131m arazilerimiz iyi durumdayd\u0131 ancak maalesef doludan b\u00fcy\u00fck zarar g\u00f6rd\u00fck. Arpa ve bu\u011fday tarlalar\u0131m\u0131z tamamen yok oldu. Bu \u00fcr\u00fcnleri bi\u00e7emiyoruz, hayvanlar\u0131m\u0131z da yemiyor&#8221; \u015feklinde konu\u015ftu.<\/p>\n<p>Di\u011fer bir k\u00f6yl\u00fc Timur Bo\u011fa ise y\u0131l boyunca verdikleri emeklerin bo\u015fa gitti\u011fini belirterek, \u00e7evre k\u00f6ylerin de doludan etkilendi\u011fini dile getirdi.<\/p>\n<p>A\u011fr\u0131, Ekonomi, G\u00fcncel ve Haberler gibi anahtar kelimeler haberle ili\u015fkilendirilmi\u015ftir.<\/p>\n","protected":false},"excerpt":{"rendered":"<p>A\u011fr\u0131&#8217;da Tar\u0131m ve Orman M\u00fcd\u00fcrl\u00fc\u011f\u00fc ekipleri, d\u00fcn etkili olan dolunun tar\u0131m arazilerine verdi\u011fi zarar\u0131 tespit&hellip;<\/p>\n","protected":false},"author":1,"featured_media":9155,"comment_status":"open","ping_status":"open","sticky":false,"template":"","format":"standard","meta":{"footnotes":""},"categories":[9],"tags":[],"class_list":["post-9154","post","type-post","status-publish","format-standard","has-post-thumbnail","hentry","category-tarim"],"yoast_head":"<!-- This site is optimized with the Yoast SEO Premium plugin v24.3 (Yoast SEO v27.4) - https:\/\/yoast.com\/product\/yoast-seo-premium-wordpress\/ -->\n<title>A\u011fr\u0131&#039;da Dolunun Tar\u0131m Alanlar\u0131na Verdi\u011fi Zarar - E-&Ccedil;\u0130FTL\u0130K HABER<\/title>\n<meta name=\"description\" content=\"A\u011fr\u0131&#039;da Tar\u0131m ve Orman M\u00fcd\u00fcrl\u00fc\u011f\u00fc ekipleri, d\u00fcn etkili olan dolunun tar\u0131m arazilerine verdi\u011fi zarar\u0131 tespit etmek i\u00e7in \u00e7al\u0131\u015fmalar\u0131n\u0131 s\u00fcrd\u00fcr\u00fcyor. \u0130l Tar\u0131m\" \/>\n<meta name=\"robots\" content=\"index, follow, max-snippet:-1, max-image-preview:large, max-video-preview:-1\" \/>\n<link rel=\"canonical\" href=\"https:\/\/e-ciftlik.com\/haberler\/tarim\/agrida-dolunun-tarim-alanlarina-verdigi-zarar\/\" \/>\n<meta property=\"og:locale\" content=\"tr_TR\" \/>\n<meta property=\"og:type\" content=\"article\" \/>\n<meta property=\"og:title\" content=\"A\u011fr\u0131&#039;da Dolunun Tar\u0131m Alanlar\u0131na Verdi\u011fi Zarar\" \/>\n<meta property=\"og:description\" content=\"A\u011fr\u0131&#039;da Tar\u0131m ve Orman M\u00fcd\u00fcrl\u00fc\u011f\u00fc ekipleri, d\u00fcn etkili olan dolunun tar\u0131m arazilerine verdi\u011fi zarar\u0131 tespit etmek i\u00e7in \u00e7al\u0131\u015fmalar\u0131n\u0131 s\u00fcrd\u00fcr\u00fcyor. \u0130l Tar\u0131m\" \/>\n<meta property=\"og:url\" content=\"https:\/\/e-ciftlik.com\/haberler\/tarim\/agrida-dolunun-tarim-alanlarina-verdigi-zarar\/\" \/>\n<meta property=\"og:site_name\" content=\"E-&Ccedil;\u0130FTL\u0130K HABER\" \/>\n<meta property=\"article:publisher\" content=\"https:\/\/www.facebook.com\/eciftlikturkiye\" \/>\n<meta property=\"article:published_time\" content=\"2024-07-03T08:43:00+00:00\" \/>\n<meta property=\"og:image\" content=\"https:\/\/e-ciftlik.com\/haberler\/wp-content\/uploads\/2024\/07\/agri-da-dolunun-tarim-arazilerine-verdigi-zar-17483429_amp.jpg\" \/>\n\t<meta property=\"og:image:width\" content=\"1200\" \/>\n\t<meta property=\"og:image:height\" content=\"800\" \/>\n\t<meta property=\"og:image:type\" content=\"image\/jpeg\" \/>\n<meta name=\"author\" content=\"Haber Merkezi\" \/>\n<meta name=\"twitter:card\" content=\"summary_large_image\" \/>\n<meta name=\"twitter:creator\" content=\"@eciftlikresmi\" \/>\n<meta name=\"twitter:site\" content=\"@eciftlikresmi\" \/>\n<meta name=\"twitter:label1\" content=\"Yazan:\" \/>\n\t<meta name=\"twitter:data1\" content=\"Haber Merkezi\" \/>\n\t<meta name=\"twitter:label2\" content=\"Tahmini okuma s\u00fcresi\" \/>\n\t<meta name=\"twitter:data2\" content=\"1 dakika\" \/>\n<script type=\"application\/ld+json\" class=\"yoast-schema-graph\">{\"@context\":\"https:\\\/\\\/schema.org\",\"@graph\":[{\"@type\":\"NewsArticle\",\"@id\":\"https:\\\/\\\/e-ciftlik.com\\\/haberler\\\/tarim\\\/agrida-dolunun-tarim-alanlarina-verdigi-zarar\\\/#article\",\"isPartOf\":{\"@id\":\"https:\\\/\\\/e-ciftlik.com\\\/haberler\\\/tarim\\\/agrida-dolunun-tarim-alanlarina-verdigi-zarar\\\/\"},\"author\":{\"name\":\"Haber Merkezi\",\"@id\":\"https:\\\/\\\/e-ciftlik.com\\\/haberler\\\/#\\\/schema\\\/person\\\/d2f4fee3143d7f72be82cb887d51b00a\"},\"headline\":\"A\u011fr\u0131&#8217;da Dolunun Tar\u0131m Alanlar\u0131na Verdi\u011fi Zarar\",\"datePublished\":\"2024-07-03T08:43:00+00:00\",\"mainEntityOfPage\":{\"@id\":\"https:\\\/\\\/e-ciftlik.com\\\/haberler\\\/tarim\\\/agrida-dolunun-tarim-alanlarina-verdigi-zarar\\\/\"},\"wordCount\":210,\"commentCount\":0,\"publisher\":{\"@id\":\"https:\\\/\\\/e-ciftlik.com\\\/haberler\\\/#organization\"},\"image\":{\"@id\":\"https:\\\/\\\/e-ciftlik.com\\\/haberler\\\/tarim\\\/agrida-dolunun-tarim-alanlarina-verdigi-zarar\\\/#primaryimage\"},\"thumbnailUrl\":\"https:\\\/\\\/e-ciftlik.com\\\/haberler\\\/wp-content\\\/uploads\\\/2024\\\/07\\\/agri-da-dolunun-tarim-arazilerine-verdigi-zar-17483429_amp.jpg\",\"articleSection\":[\"Tar\u0131m\"],\"inLanguage\":\"tr\",\"potentialAction\":[{\"@type\":\"CommentAction\",\"name\":\"Comment\",\"target\":[\"https:\\\/\\\/e-ciftlik.com\\\/haberler\\\/tarim\\\/agrida-dolunun-tarim-alanlarina-verdigi-zarar\\\/#respond\"]}]},{\"@type\":\"WebPage\",\"@id\":\"https:\\\/\\\/e-ciftlik.com\\\/haberler\\\/tarim\\\/agrida-dolunun-tarim-alanlarina-verdigi-zarar\\\/\",\"url\":\"https:\\\/\\\/e-ciftlik.com\\\/haberler\\\/tarim\\\/agrida-dolunun-tarim-alanlarina-verdigi-zarar\\\/\",\"name\":\"A\u011fr\u0131'da Dolunun Tar\u0131m Alanlar\u0131na Verdi\u011fi Zarar - E-&Ccedil;\u0130FTL\u0130K HABER\",\"isPartOf\":{\"@id\":\"https:\\\/\\\/e-ciftlik.com\\\/haberler\\\/#website\"},\"primaryImageOfPage\":{\"@id\":\"https:\\\/\\\/e-ciftlik.com\\\/haberler\\\/tarim\\\/agrida-dolunun-tarim-alanlarina-verdigi-zarar\\\/#primaryimage\"},\"image\":{\"@id\":\"https:\\\/\\\/e-ciftlik.com\\\/haberler\\\/tarim\\\/agrida-dolunun-tarim-alanlarina-verdigi-zarar\\\/#primaryimage\"},\"thumbnailUrl\":\"https:\\\/\\\/e-ciftlik.com\\\/haberler\\\/wp-content\\\/uploads\\\/2024\\\/07\\\/agri-da-dolunun-tarim-arazilerine-verdigi-zar-17483429_amp.jpg\",\"datePublished\":\"2024-07-03T08:43:00+00:00\",\"description\":\"A\u011fr\u0131'da Tar\u0131m ve Orman M\u00fcd\u00fcrl\u00fc\u011f\u00fc ekipleri, d\u00fcn etkili olan dolunun tar\u0131m arazilerine verdi\u011fi zarar\u0131 tespit etmek i\u00e7in \u00e7al\u0131\u015fmalar\u0131n\u0131 s\u00fcrd\u00fcr\u00fcyor. \u0130l Tar\u0131m\",\"breadcrumb\":{\"@id\":\"https:\\\/\\\/e-ciftlik.com\\\/haberler\\\/tarim\\\/agrida-dolunun-tarim-alanlarina-verdigi-zarar\\\/#breadcrumb\"},\"inLanguage\":\"tr\",\"potentialAction\":[{\"@type\":\"ReadAction\",\"target\":[\"https:\\\/\\\/e-ciftlik.com\\\/haberler\\\/tarim\\\/agrida-dolunun-tarim-alanlarina-verdigi-zarar\\\/\"]}]},{\"@type\":\"ImageObject\",\"inLanguage\":\"tr\",\"@id\":\"https:\\\/\\\/e-ciftlik.com\\\/haberler\\\/tarim\\\/agrida-dolunun-tarim-alanlarina-verdigi-zarar\\\/#primaryimage\",\"url\":\"https:\\\/\\\/e-ciftlik.com\\\/haberler\\\/wp-content\\\/uploads\\\/2024\\\/07\\\/agri-da-dolunun-tarim-arazilerine-verdigi-zar-17483429_amp.jpg\",\"contentUrl\":\"https:\\\/\\\/e-ciftlik.com\\\/haberler\\\/wp-content\\\/uploads\\\/2024\\\/07\\\/agri-da-dolunun-tarim-arazilerine-verdigi-zar-17483429_amp.jpg\",\"width\":1200,\"height\":800},{\"@type\":\"BreadcrumbList\",\"@id\":\"https:\\\/\\\/e-ciftlik.com\\\/haberler\\\/tarim\\\/agrida-dolunun-tarim-alanlarina-verdigi-zarar\\\/#breadcrumb\",\"itemListElement\":[{\"@type\":\"ListItem\",\"position\":1,\"name\":\"Anasayfa\",\"item\":\"https:\\\/\\\/e-ciftlik.com\\\/haberler\\\/\"},{\"@type\":\"ListItem\",\"position\":2,\"name\":\"A\u011fr\u0131&#8217;da Dolunun Tar\u0131m Alanlar\u0131na Verdi\u011fi Zarar\"}]},{\"@type\":\"WebSite\",\"@id\":\"https:\\\/\\\/e-ciftlik.com\\\/haberler\\\/#website\",\"url\":\"https:\\\/\\\/e-ciftlik.com\\\/haberler\\\/\",\"name\":\"E-\u00c7iftlik Haber | G\u00fcncel, Son Dakika Haberler, En Son Haber\",\"description\":\"\",\"publisher\":{\"@id\":\"https:\\\/\\\/e-ciftlik.com\\\/haberler\\\/#organization\"},\"potentialAction\":[{\"@type\":\"SearchAction\",\"target\":{\"@type\":\"EntryPoint\",\"urlTemplate\":\"https:\\\/\\\/e-ciftlik.com\\\/haberler\\\/?s={search_term_string}\"},\"query-input\":{\"@type\":\"PropertyValueSpecification\",\"valueRequired\":true,\"valueName\":\"search_term_string\"}}],\"inLanguage\":\"tr\"},{\"@type\":\"Organization\",\"@id\":\"https:\\\/\\\/e-ciftlik.com\\\/haberler\\\/#organization\",\"name\":\"E-\u00c7\u0130FTL\u0130K HABER\",\"url\":\"https:\\\/\\\/e-ciftlik.com\\\/haberler\\\/\",\"logo\":{\"@type\":\"ImageObject\",\"inLanguage\":\"tr\",\"@id\":\"https:\\\/\\\/e-ciftlik.com\\\/haberler\\\/#\\\/schema\\\/logo\\\/image\\\/\",\"url\":\"https:\\\/\\\/e-ciftlik.com\\\/haberler\\\/wp-content\\\/uploads\\\/2024\\\/06\\\/cropped-cropped-favicon-1-2.png\",\"contentUrl\":\"https:\\\/\\\/e-ciftlik.com\\\/haberler\\\/wp-content\\\/uploads\\\/2024\\\/06\\\/cropped-cropped-favicon-1-2.png\",\"width\":512,\"height\":512,\"caption\":\"E-\u00c7\u0130FTL\u0130K HABER\"},\"image\":{\"@id\":\"https:\\\/\\\/e-ciftlik.com\\\/haberler\\\/#\\\/schema\\\/logo\\\/image\\\/\"},\"sameAs\":[\"https:\\\/\\\/www.facebook.com\\\/eciftlikturkiye\",\"https:\\\/\\\/x.com\\\/eciftlikresmi\",\"https:\\\/\\\/www.instagram.com\\\/eciftlikresmi\\\/\"]},{\"@type\":\"Person\",\"@id\":\"https:\\\/\\\/e-ciftlik.com\\\/haberler\\\/#\\\/schema\\\/person\\\/d2f4fee3143d7f72be82cb887d51b00a\",\"name\":\"Haber Merkezi\",\"image\":{\"@type\":\"ImageObject\",\"inLanguage\":\"tr\",\"@id\":\"https:\\\/\\\/secure.gravatar.com\\\/avatar\\\/6c27d641914e66c1d0452c92716002398782818991d86db1c2cccb531e7c7c82?s=96&d=mm&r=g\",\"url\":\"https:\\\/\\\/secure.gravatar.com\\\/avatar\\\/6c27d641914e66c1d0452c92716002398782818991d86db1c2cccb531e7c7c82?s=96&d=mm&r=g\",\"contentUrl\":\"https:\\\/\\\/secure.gravatar.com\\\/avatar\\\/6c27d641914e66c1d0452c92716002398782818991d86db1c2cccb531e7c7c82?s=96&d=mm&r=g\",\"caption\":\"Haber Merkezi\"},\"sameAs\":[\"http:\\\/\\\/e-ciftlik.com\\\/haberler\"]}]}<\/script>\n<!-- \/ Yoast SEO Premium plugin. -->","yoast_head_json":{"title":"A\u011fr\u0131'da Dolunun Tar\u0131m Alanlar\u0131na Verdi\u011fi Zarar - E-&Ccedil;\u0130FTL\u0130K HABER","description":"A\u011fr\u0131'da Tar\u0131m ve Orman M\u00fcd\u00fcrl\u00fc\u011f\u00fc ekipleri, d\u00fcn etkili olan dolunun tar\u0131m arazilerine verdi\u011fi zarar\u0131 tespit etmek i\u00e7in \u00e7al\u0131\u015fmalar\u0131n\u0131 s\u00fcrd\u00fcr\u00fcyor. \u0130l Tar\u0131m","robots":{"index":"index","follow":"follow","max-snippet":"max-snippet:-1","max-image-preview":"max-image-preview:large","max-video-preview":"max-video-preview:-1"},"canonical":"https:\/\/e-ciftlik.com\/haberler\/tarim\/agrida-dolunun-tarim-alanlarina-verdigi-zarar\/","og_locale":"tr_TR","og_type":"article","og_title":"A\u011fr\u0131'da Dolunun Tar\u0131m Alanlar\u0131na Verdi\u011fi Zarar","og_description":"A\u011fr\u0131'da Tar\u0131m ve Orman M\u00fcd\u00fcrl\u00fc\u011f\u00fc ekipleri, d\u00fcn etkili olan dolunun tar\u0131m arazilerine verdi\u011fi zarar\u0131 tespit etmek i\u00e7in \u00e7al\u0131\u015fmalar\u0131n\u0131 s\u00fcrd\u00fcr\u00fcyor. \u0130l Tar\u0131m","og_url":"https:\/\/e-ciftlik.com\/haberler\/tarim\/agrida-dolunun-tarim-alanlarina-verdigi-zarar\/","og_site_name":"E-&Ccedil;\u0130FTL\u0130K HABER","article_publisher":"https:\/\/www.facebook.com\/eciftlikturkiye","article_published_time":"2024-07-03T08:43:00+00:00","og_image":[{"width":1200,"height":800,"url":"https:\/\/e-ciftlik.com\/haberler\/wp-content\/uploads\/2024\/07\/agri-da-dolunun-tarim-arazilerine-verdigi-zar-17483429_amp.jpg","type":"image\/jpeg"}],"author":"Haber Merkezi","twitter_card":"summary_large_image","twitter_creator":"@eciftlikresmi","twitter_site":"@eciftlikresmi","twitter_misc":{"Yazan:":"Haber Merkezi","Tahmini okuma s\u00fcresi":"1 dakika"},"schema":{"@context":"https:\/\/schema.org","@graph":[{"@type":"NewsArticle","@id":"https:\/\/e-ciftlik.com\/haberler\/tarim\/agrida-dolunun-tarim-alanlarina-verdigi-zarar\/#article","isPartOf":{"@id":"https:\/\/e-ciftlik.com\/haberler\/tarim\/agrida-dolunun-tarim-alanlarina-verdigi-zarar\/"},"author":{"name":"Haber Merkezi","@id":"https:\/\/e-ciftlik.com\/haberler\/#\/schema\/person\/d2f4fee3143d7f72be82cb887d51b00a"},"headline":"A\u011fr\u0131&#8217;da Dolunun Tar\u0131m Alanlar\u0131na Verdi\u011fi Zarar","datePublished":"2024-07-03T08:43:00+00:00","mainEntityOfPage":{"@id":"https:\/\/e-ciftlik.com\/haberler\/tarim\/agrida-dolunun-tarim-alanlarina-verdigi-zarar\/"},"wordCount":210,"commentCount":0,"publisher":{"@id":"https:\/\/e-ciftlik.com\/haberler\/#organization"},"image":{"@id":"https:\/\/e-ciftlik.com\/haberler\/tarim\/agrida-dolunun-tarim-alanlarina-verdigi-zarar\/#primaryimage"},"thumbnailUrl":"https:\/\/e-ciftlik.com\/haberler\/wp-content\/uploads\/2024\/07\/agri-da-dolunun-tarim-arazilerine-verdigi-zar-17483429_amp.jpg","articleSection":["Tar\u0131m"],"inLanguage":"tr","potentialAction":[{"@type":"CommentAction","name":"Comment","target":["https:\/\/e-ciftlik.com\/haberler\/tarim\/agrida-dolunun-tarim-alanlarina-verdigi-zarar\/#respond"]}]},{"@type":"WebPage","@id":"https:\/\/e-ciftlik.com\/haberler\/tarim\/agrida-dolunun-tarim-alanlarina-verdigi-zarar\/","url":"https:\/\/e-ciftlik.com\/haberler\/tarim\/agrida-dolunun-tarim-alanlarina-verdigi-zarar\/","name":"A\u011fr\u0131'da Dolunun Tar\u0131m Alanlar\u0131na Verdi\u011fi Zarar - E-&Ccedil;\u0130FTL\u0130K HABER","isPartOf":{"@id":"https:\/\/e-ciftlik.com\/haberler\/#website"},"primaryImageOfPage":{"@id":"https:\/\/e-ciftlik.com\/haberler\/tarim\/agrida-dolunun-tarim-alanlarina-verdigi-zarar\/#primaryimage"},"image":{"@id":"https:\/\/e-ciftlik.com\/haberler\/tarim\/agrida-dolunun-tarim-alanlarina-verdigi-zarar\/#primaryimage"},"thumbnailUrl":"https:\/\/e-ciftlik.com\/haberler\/wp-content\/uploads\/2024\/07\/agri-da-dolunun-tarim-arazilerine-verdigi-zar-17483429_amp.jpg","datePublished":"2024-07-03T08:43:00+00:00","description":"A\u011fr\u0131'da Tar\u0131m ve Orman M\u00fcd\u00fcrl\u00fc\u011f\u00fc ekipleri, d\u00fcn etkili olan dolunun tar\u0131m arazilerine verdi\u011fi zarar\u0131 tespit etmek i\u00e7in \u00e7al\u0131\u015fmalar\u0131n\u0131 s\u00fcrd\u00fcr\u00fcyor. \u0130l Tar\u0131m","breadcrumb":{"@id":"https:\/\/e-ciftlik.com\/haberler\/tarim\/agrida-dolunun-tarim-alanlarina-verdigi-zarar\/#breadcrumb"},"inLanguage":"tr","potentialAction":[{"@type":"ReadAction","target":["https:\/\/e-ciftlik.com\/haberler\/tarim\/agrida-dolunun-tarim-alanlarina-verdigi-zarar\/"]}]},{"@type":"ImageObject","inLanguage":"tr","@id":"https:\/\/e-ciftlik.com\/haberler\/tarim\/agrida-dolunun-tarim-alanlarina-verdigi-zarar\/#primaryimage","url":"https:\/\/e-ciftlik.com\/haberler\/wp-content\/uploads\/2024\/07\/agri-da-dolunun-tarim-arazilerine-verdigi-zar-17483429_amp.jpg","contentUrl":"https:\/\/e-ciftlik.com\/haberler\/wp-content\/uploads\/2024\/07\/agri-da-dolunun-tarim-arazilerine-verdigi-zar-17483429_amp.jpg","width":1200,"height":800},{"@type":"BreadcrumbList","@id":"https:\/\/e-ciftlik.com\/haberler\/tarim\/agrida-dolunun-tarim-alanlarina-verdigi-zarar\/#breadcrumb","itemListElement":[{"@type":"ListItem","position":1,"name":"Anasayfa","item":"https:\/\/e-ciftlik.com\/haberler\/"},{"@type":"ListItem","position":2,"name":"A\u011fr\u0131&#8217;da Dolunun Tar\u0131m Alanlar\u0131na Verdi\u011fi Zarar"}]},{"@type":"WebSite","@id":"https:\/\/e-ciftlik.com\/haberler\/#website","url":"https:\/\/e-ciftlik.com\/haberler\/","name":"E-\u00c7iftlik Haber | G\u00fcncel, Son Dakika Haberler, En Son Haber","description":"","publisher":{"@id":"https:\/\/e-ciftlik.com\/haberler\/#organization"},"potentialAction":[{"@type":"SearchAction","target":{"@type":"EntryPoint","urlTemplate":"https:\/\/e-ciftlik.com\/haberler\/?s={search_term_string}"},"query-input":{"@type":"PropertyValueSpecification","valueRequired":true,"valueName":"search_term_string"}}],"inLanguage":"tr"},{"@type":"Organization","@id":"https:\/\/e-ciftlik.com\/haberler\/#organization","name":"E-\u00c7\u0130FTL\u0130K HABER","url":"https:\/\/e-ciftlik.com\/haberler\/","logo":{"@type":"ImageObject","inLanguage":"tr","@id":"https:\/\/e-ciftlik.com\/haberler\/#\/schema\/logo\/image\/","url":"https:\/\/e-ciftlik.com\/haberler\/wp-content\/uploads\/2024\/06\/cropped-cropped-favicon-1-2.png","contentUrl":"https:\/\/e-ciftlik.com\/haberler\/wp-content\/uploads\/2024\/06\/cropped-cropped-favicon-1-2.png","width":512,"height":512,"caption":"E-\u00c7\u0130FTL\u0130K HABER"},"image":{"@id":"https:\/\/e-ciftlik.com\/haberler\/#\/schema\/logo\/image\/"},"sameAs":["https:\/\/www.facebook.com\/eciftlikturkiye","https:\/\/x.com\/eciftlikresmi","https:\/\/www.instagram.com\/eciftlikresmi\/"]},{"@type":"Person","@id":"https:\/\/e-ciftlik.com\/haberler\/#\/schema\/person\/d2f4fee3143d7f72be82cb887d51b00a","name":"Haber Merkezi","image":{"@type":"ImageObject","inLanguage":"tr","@id":"https:\/\/secure.gravatar.com\/avatar\/6c27d641914e66c1d0452c92716002398782818991d86db1c2cccb531e7c7c82?s=96&d=mm&r=g","url":"https:\/\/secure.gravatar.com\/avatar\/6c27d641914e66c1d0452c92716002398782818991d86db1c2cccb531e7c7c82?s=96&d=mm&r=g","contentUrl":"https:\/\/secure.gravatar.com\/avatar\/6c27d641914e66c1d0452c92716002398782818991d86db1c2cccb531e7c7c82?s=96&d=mm&r=g","caption":"Haber Merkezi"},"sameAs":["http:\/\/e-ciftlik.com\/haberler"]}]}},"_links":{"self":[{"href":"https:\/\/e-ciftlik.com\/haberler\/wp-json\/wp\/v2\/posts\/9154","targetHints":{"allow":["GET"]}}],"collection":[{"href":"https:\/\/e-ciftlik.com\/haberler\/wp-json\/wp\/v2\/posts"}],"about":[{"href":"https:\/\/e-ciftlik.com\/haberler\/wp-json\/wp\/v2\/types\/post"}],"author":[{"embeddable":true,"href":"https:\/\/e-ciftlik.com\/haberler\/wp-json\/wp\/v2\/users\/1"}],"replies":[{"embeddable":true,"href":"https:\/\/e-ciftlik.com\/haberler\/wp-json\/wp\/v2\/comments?post=9154"}],"version-history":[{"count":0,"href":"https:\/\/e-ciftlik.com\/haberler\/wp-json\/wp\/v2\/posts\/9154\/revisions"}],"wp:featuredmedia":[{"embeddable":true,"href":"https:\/\/e-ciftlik.com\/haberler\/wp-json\/wp\/v2\/media\/9155"}],"wp:attachment":[{"href":"https:\/\/e-ciftlik.com\/haberler\/wp-json\/wp\/v2\/media?parent=9154"}],"wp:term":[{"taxonomy":"category","embeddable":true,"href":"https:\/\/e-ciftlik.com\/haberler\/wp-json\/wp\/v2\/categories?post=9154"},{"taxonomy":"post_tag","embeddable":true,"href":"https:\/\/e-ciftlik.com\/haberler\/wp-json\/wp\/v2\/tags?post=9154"}],"curies":[{"name":"wp","href":"https:\/\/api.w.org\/{rel}","templated":true}]}}