{"id":9472,"date":"2024-07-05T06:51:02","date_gmt":"2024-07-05T06:51:02","guid":{"rendered":"http:\/\/e-ciftlik.com\/haberler\/spor\/manchester-united-erik-ten-hag-ile-yola-devam-ediyor\/"},"modified":"2024-07-05T06:51:02","modified_gmt":"2024-07-05T06:51:02","slug":"manchester-united-erik-ten-hag-ile-yola-devam-ediyor","status":"publish","type":"post","link":"https:\/\/e-ciftlik.com\/haberler\/spor\/manchester-united-erik-ten-hag-ile-yola-devam-ediyor\/","title":{"rendered":"Manchester United, Erik ten Hag ile Yola Devam Ediyor"},"content":{"rendered":"<p>Manchester United, Hollandal\u0131 teknik direkt\u00f6r Erik ten Hag ile uzun vadeli bir s\u00f6zle\u015fme imzalad\u0131 ve yoluna devam etme karar\u0131 ald\u0131. K\u0131rm\u0131z\u0131 \u015eeytanlar, 54 ya\u015f\u0131ndaki \u00e7al\u0131\u015ft\u0131r\u0131c\u0131n\u0131n s\u00f6zle\u015fmesini 2026 y\u0131l\u0131n\u0131n haziran ay\u0131na kadar uzatt\u0131. Kul\u00fcp, resmi internet sitesinden bu karar\u0131 duyurdu.<\/p>\n<p>Ten Hag, yapt\u0131\u011f\u0131 a\u00e7\u0131klamada tak\u0131mda devam etmekten mutluluk duydu\u011funu belirtti ve 2 kupa kazanman\u0131n ve bir\u00e7ok alanda ilerleme kaydetmenin gururunu ya\u015fad\u0131\u011f\u0131n\u0131 ifade etti. Deneyimli antren\u00f6r, hedeflere ula\u015fmak i\u00e7in daha fazla \u00e7al\u0131\u015facaklar\u0131n\u0131 ve kul\u00fcp ile beraber birlik i\u00e7inde olduklar\u0131n\u0131 vurgulad\u0131.<\/p>\n<p>Erik ten Hag, 2022-2023 sezonunda Manchester United&#8217;\u0131n ba\u015f\u0131na ge\u00e7mi\u015f ve o tarihten itibaren 1 FA Cup ve 1 \u0130ngiltere Lig Kupas\u0131 kazanm\u0131\u015ft\u0131. Ancak hen\u00fcz Premier Lig veya Avrupa kupalar\u0131nda \u015fampiyonluk ya\u015fama ba\u015far\u0131s\u0131na eri\u015femedi.<\/p>\n","protected":false},"excerpt":{"rendered":"<p>Manchester United, Hollandal\u0131 teknik direkt\u00f6r Erik ten Hag ile uzun vadeli bir s\u00f6zle\u015fme imzalad\u0131 ve&hellip;<\/p>\n","protected":false},"author":1,"featured_media":9473,"comment_status":"open","ping_status":"open","sticky":false,"template":"","format":"standard","meta":{"footnotes":""},"categories":[7],"tags":[],"class_list":["post-9472","post","type-post","status-publish","format-standard","has-post-thumbnail","hentry","category-spor"],"yoast_head":"<!-- This site is optimized with the Yoast SEO Premium plugin v24.3 (Yoast SEO v27.4) - https:\/\/yoast.com\/product\/yoast-seo-premium-wordpress\/ -->\n<title>Manchester United, Erik ten Hag ile Yola Devam Ediyor - E-&Ccedil;\u0130FTL\u0130K HABER<\/title>\n<meta name=\"description\" content=\"Manchester United, Hollandal\u0131 teknik direkt\u00f6r Erik ten Hag ile uzun vadeli bir s\u00f6zle\u015fme imzalad\u0131 ve yoluna devam etme karar\u0131 ald\u0131. K\u0131rm\u0131z\u0131 \u015eeytanlar, 54\" \/>\n<meta name=\"robots\" content=\"index, follow, max-snippet:-1, max-image-preview:large, max-video-preview:-1\" \/>\n<link rel=\"canonical\" href=\"http:\/\/e-ciftlik.com\/haberler\/spor\/manchester-united-erik-ten-hag-ile-yola-devam-ediyor\/\" \/>\n<meta property=\"og:locale\" content=\"tr_TR\" \/>\n<meta property=\"og:type\" content=\"article\" \/>\n<meta property=\"og:title\" content=\"Manchester United, Erik ten Hag ile Yola Devam Ediyor\" \/>\n<meta property=\"og:description\" content=\"Manchester United, Hollandal\u0131 teknik direkt\u00f6r Erik ten Hag ile uzun vadeli bir s\u00f6zle\u015fme imzalad\u0131 ve yoluna devam etme karar\u0131 ald\u0131. K\u0131rm\u0131z\u0131 \u015eeytanlar, 54\" \/>\n<meta property=\"og:url\" content=\"http:\/\/e-ciftlik.com\/haberler\/spor\/manchester-united-erik-ten-hag-ile-yola-devam-ediyor\/\" \/>\n<meta property=\"og:site_name\" content=\"E-&Ccedil;\u0130FTL\u0130K HABER\" \/>\n<meta property=\"article:publisher\" content=\"https:\/\/www.facebook.com\/eciftlikturkiye\" \/>\n<meta property=\"article:published_time\" content=\"2024-07-05T06:51:02+00:00\" \/>\n<meta property=\"og:image\" content=\"http:\/\/e-ciftlik.com\/haberler\/wp-content\/uploads\/2024\/07\/1720162266_1200x628.jpeg\" \/>\n\t<meta property=\"og:image:width\" content=\"1200\" \/>\n\t<meta property=\"og:image:height\" content=\"628\" \/>\n\t<meta property=\"og:image:type\" content=\"image\/jpeg\" \/>\n<meta name=\"author\" content=\"Haber Merkezi\" \/>\n<meta name=\"twitter:card\" content=\"summary_large_image\" \/>\n<meta name=\"twitter:creator\" content=\"@eciftlikresmi\" \/>\n<meta name=\"twitter:site\" content=\"@eciftlikresmi\" \/>\n<meta name=\"twitter:label1\" content=\"Yazan:\" \/>\n\t<meta name=\"twitter:data1\" content=\"Haber Merkezi\" \/>\n\t<meta name=\"twitter:label2\" content=\"Tahmini okuma s\u00fcresi\" \/>\n\t<meta name=\"twitter:data2\" content=\"1 dakika\" \/>\n<script type=\"application\/ld+json\" class=\"yoast-schema-graph\">{\"@context\":\"https:\\\/\\\/schema.org\",\"@graph\":[{\"@type\":\"NewsArticle\",\"@id\":\"http:\\\/\\\/e-ciftlik.com\\\/haberler\\\/spor\\\/manchester-united-erik-ten-hag-ile-yola-devam-ediyor\\\/#article\",\"isPartOf\":{\"@id\":\"http:\\\/\\\/e-ciftlik.com\\\/haberler\\\/spor\\\/manchester-united-erik-ten-hag-ile-yola-devam-ediyor\\\/\"},\"author\":{\"name\":\"Haber Merkezi\",\"@id\":\"https:\\\/\\\/e-ciftlik.com\\\/haberler\\\/#\\\/schema\\\/person\\\/d2f4fee3143d7f72be82cb887d51b00a\"},\"headline\":\"Manchester United, Erik ten Hag ile Yola Devam Ediyor\",\"datePublished\":\"2024-07-05T06:51:02+00:00\",\"mainEntityOfPage\":{\"@id\":\"http:\\\/\\\/e-ciftlik.com\\\/haberler\\\/spor\\\/manchester-united-erik-ten-hag-ile-yola-devam-ediyor\\\/\"},\"wordCount\":159,\"commentCount\":0,\"publisher\":{\"@id\":\"https:\\\/\\\/e-ciftlik.com\\\/haberler\\\/#organization\"},\"image\":{\"@id\":\"http:\\\/\\\/e-ciftlik.com\\\/haberler\\\/spor\\\/manchester-united-erik-ten-hag-ile-yola-devam-ediyor\\\/#primaryimage\"},\"thumbnailUrl\":\"https:\\\/\\\/e-ciftlik.com\\\/haberler\\\/wp-content\\\/uploads\\\/2024\\\/07\\\/1720162266_1200x628.jpeg\",\"articleSection\":[\"Spor\"],\"inLanguage\":\"tr\",\"potentialAction\":[{\"@type\":\"CommentAction\",\"name\":\"Comment\",\"target\":[\"http:\\\/\\\/e-ciftlik.com\\\/haberler\\\/spor\\\/manchester-united-erik-ten-hag-ile-yola-devam-ediyor\\\/#respond\"]}]},{\"@type\":\"WebPage\",\"@id\":\"http:\\\/\\\/e-ciftlik.com\\\/haberler\\\/spor\\\/manchester-united-erik-ten-hag-ile-yola-devam-ediyor\\\/\",\"url\":\"http:\\\/\\\/e-ciftlik.com\\\/haberler\\\/spor\\\/manchester-united-erik-ten-hag-ile-yola-devam-ediyor\\\/\",\"name\":\"Manchester United, Erik ten Hag ile Yola Devam Ediyor - E-&Ccedil;\u0130FTL\u0130K HABER\",\"isPartOf\":{\"@id\":\"https:\\\/\\\/e-ciftlik.com\\\/haberler\\\/#website\"},\"primaryImageOfPage\":{\"@id\":\"http:\\\/\\\/e-ciftlik.com\\\/haberler\\\/spor\\\/manchester-united-erik-ten-hag-ile-yola-devam-ediyor\\\/#primaryimage\"},\"image\":{\"@id\":\"http:\\\/\\\/e-ciftlik.com\\\/haberler\\\/spor\\\/manchester-united-erik-ten-hag-ile-yola-devam-ediyor\\\/#primaryimage\"},\"thumbnailUrl\":\"https:\\\/\\\/e-ciftlik.com\\\/haberler\\\/wp-content\\\/uploads\\\/2024\\\/07\\\/1720162266_1200x628.jpeg\",\"datePublished\":\"2024-07-05T06:51:02+00:00\",\"description\":\"Manchester United, Hollandal\u0131 teknik direkt\u00f6r Erik ten Hag ile uzun vadeli bir s\u00f6zle\u015fme imzalad\u0131 ve yoluna devam etme karar\u0131 ald\u0131. K\u0131rm\u0131z\u0131 \u015eeytanlar, 54\",\"breadcrumb\":{\"@id\":\"http:\\\/\\\/e-ciftlik.com\\\/haberler\\\/spor\\\/manchester-united-erik-ten-hag-ile-yola-devam-ediyor\\\/#breadcrumb\"},\"inLanguage\":\"tr\",\"potentialAction\":[{\"@type\":\"ReadAction\",\"target\":[\"http:\\\/\\\/e-ciftlik.com\\\/haberler\\\/spor\\\/manchester-united-erik-ten-hag-ile-yola-devam-ediyor\\\/\"]}]},{\"@type\":\"ImageObject\",\"inLanguage\":\"tr\",\"@id\":\"http:\\\/\\\/e-ciftlik.com\\\/haberler\\\/spor\\\/manchester-united-erik-ten-hag-ile-yola-devam-ediyor\\\/#primaryimage\",\"url\":\"https:\\\/\\\/e-ciftlik.com\\\/haberler\\\/wp-content\\\/uploads\\\/2024\\\/07\\\/1720162266_1200x628.jpeg\",\"contentUrl\":\"https:\\\/\\\/e-ciftlik.com\\\/haberler\\\/wp-content\\\/uploads\\\/2024\\\/07\\\/1720162266_1200x628.jpeg\",\"width\":1200,\"height\":628},{\"@type\":\"BreadcrumbList\",\"@id\":\"http:\\\/\\\/e-ciftlik.com\\\/haberler\\\/spor\\\/manchester-united-erik-ten-hag-ile-yola-devam-ediyor\\\/#breadcrumb\",\"itemListElement\":[{\"@type\":\"ListItem\",\"position\":1,\"name\":\"Anasayfa\",\"item\":\"https:\\\/\\\/e-ciftlik.com\\\/haberler\\\/\"},{\"@type\":\"ListItem\",\"position\":2,\"name\":\"Manchester United, Erik ten Hag ile Yola Devam Ediyor\"}]},{\"@type\":\"WebSite\",\"@id\":\"https:\\\/\\\/e-ciftlik.com\\\/haberler\\\/#website\",\"url\":\"https:\\\/\\\/e-ciftlik.com\\\/haberler\\\/\",\"name\":\"E-\u00c7iftlik Haber | G\u00fcncel, Son Dakika Haberler, En Son Haber\",\"description\":\"\",\"publisher\":{\"@id\":\"https:\\\/\\\/e-ciftlik.com\\\/haberler\\\/#organization\"},\"potentialAction\":[{\"@type\":\"SearchAction\",\"target\":{\"@type\":\"EntryPoint\",\"urlTemplate\":\"https:\\\/\\\/e-ciftlik.com\\\/haberler\\\/?s={search_term_string}\"},\"query-input\":{\"@type\":\"PropertyValueSpecification\",\"valueRequired\":true,\"valueName\":\"search_term_string\"}}],\"inLanguage\":\"tr\"},{\"@type\":\"Organization\",\"@id\":\"https:\\\/\\\/e-ciftlik.com\\\/haberler\\\/#organization\",\"name\":\"E-\u00c7\u0130FTL\u0130K HABER\",\"url\":\"https:\\\/\\\/e-ciftlik.com\\\/haberler\\\/\",\"logo\":{\"@type\":\"ImageObject\",\"inLanguage\":\"tr\",\"@id\":\"https:\\\/\\\/e-ciftlik.com\\\/haberler\\\/#\\\/schema\\\/logo\\\/image\\\/\",\"url\":\"https:\\\/\\\/e-ciftlik.com\\\/haberler\\\/wp-content\\\/uploads\\\/2024\\\/06\\\/cropped-cropped-favicon-1-2.png\",\"contentUrl\":\"https:\\\/\\\/e-ciftlik.com\\\/haberler\\\/wp-content\\\/uploads\\\/2024\\\/06\\\/cropped-cropped-favicon-1-2.png\",\"width\":512,\"height\":512,\"caption\":\"E-\u00c7\u0130FTL\u0130K HABER\"},\"image\":{\"@id\":\"https:\\\/\\\/e-ciftlik.com\\\/haberler\\\/#\\\/schema\\\/logo\\\/image\\\/\"},\"sameAs\":[\"https:\\\/\\\/www.facebook.com\\\/eciftlikturkiye\",\"https:\\\/\\\/x.com\\\/eciftlikresmi\",\"https:\\\/\\\/www.instagram.com\\\/eciftlikresmi\\\/\"]},{\"@type\":\"Person\",\"@id\":\"https:\\\/\\\/e-ciftlik.com\\\/haberler\\\/#\\\/schema\\\/person\\\/d2f4fee3143d7f72be82cb887d51b00a\",\"name\":\"Haber Merkezi\",\"image\":{\"@type\":\"ImageObject\",\"inLanguage\":\"tr\",\"@id\":\"https:\\\/\\\/secure.gravatar.com\\\/avatar\\\/6c27d641914e66c1d0452c92716002398782818991d86db1c2cccb531e7c7c82?s=96&d=mm&r=g\",\"url\":\"https:\\\/\\\/secure.gravatar.com\\\/avatar\\\/6c27d641914e66c1d0452c92716002398782818991d86db1c2cccb531e7c7c82?s=96&d=mm&r=g\",\"contentUrl\":\"https:\\\/\\\/secure.gravatar.com\\\/avatar\\\/6c27d641914e66c1d0452c92716002398782818991d86db1c2cccb531e7c7c82?s=96&d=mm&r=g\",\"caption\":\"Haber Merkezi\"},\"sameAs\":[\"http:\\\/\\\/e-ciftlik.com\\\/haberler\"]}]}<\/script>\n<!-- \/ Yoast SEO Premium plugin. -->","yoast_head_json":{"title":"Manchester United, Erik ten Hag ile Yola Devam Ediyor - E-&Ccedil;\u0130FTL\u0130K HABER","description":"Manchester United, Hollandal\u0131 teknik direkt\u00f6r Erik ten Hag ile uzun vadeli bir s\u00f6zle\u015fme imzalad\u0131 ve yoluna devam etme karar\u0131 ald\u0131. K\u0131rm\u0131z\u0131 \u015eeytanlar, 54","robots":{"index":"index","follow":"follow","max-snippet":"max-snippet:-1","max-image-preview":"max-image-preview:large","max-video-preview":"max-video-preview:-1"},"canonical":"http:\/\/e-ciftlik.com\/haberler\/spor\/manchester-united-erik-ten-hag-ile-yola-devam-ediyor\/","og_locale":"tr_TR","og_type":"article","og_title":"Manchester United, Erik ten Hag ile Yola Devam Ediyor","og_description":"Manchester United, Hollandal\u0131 teknik direkt\u00f6r Erik ten Hag ile uzun vadeli bir s\u00f6zle\u015fme imzalad\u0131 ve yoluna devam etme karar\u0131 ald\u0131. K\u0131rm\u0131z\u0131 \u015eeytanlar, 54","og_url":"http:\/\/e-ciftlik.com\/haberler\/spor\/manchester-united-erik-ten-hag-ile-yola-devam-ediyor\/","og_site_name":"E-&Ccedil;\u0130FTL\u0130K HABER","article_publisher":"https:\/\/www.facebook.com\/eciftlikturkiye","article_published_time":"2024-07-05T06:51:02+00:00","og_image":[{"width":1200,"height":628,"url":"http:\/\/e-ciftlik.com\/haberler\/wp-content\/uploads\/2024\/07\/1720162266_1200x628.jpeg","type":"image\/jpeg"}],"author":"Haber Merkezi","twitter_card":"summary_large_image","twitter_creator":"@eciftlikresmi","twitter_site":"@eciftlikresmi","twitter_misc":{"Yazan:":"Haber Merkezi","Tahmini okuma s\u00fcresi":"1 dakika"},"schema":{"@context":"https:\/\/schema.org","@graph":[{"@type":"NewsArticle","@id":"http:\/\/e-ciftlik.com\/haberler\/spor\/manchester-united-erik-ten-hag-ile-yola-devam-ediyor\/#article","isPartOf":{"@id":"http:\/\/e-ciftlik.com\/haberler\/spor\/manchester-united-erik-ten-hag-ile-yola-devam-ediyor\/"},"author":{"name":"Haber Merkezi","@id":"https:\/\/e-ciftlik.com\/haberler\/#\/schema\/person\/d2f4fee3143d7f72be82cb887d51b00a"},"headline":"Manchester United, Erik ten Hag ile Yola Devam Ediyor","datePublished":"2024-07-05T06:51:02+00:00","mainEntityOfPage":{"@id":"http:\/\/e-ciftlik.com\/haberler\/spor\/manchester-united-erik-ten-hag-ile-yola-devam-ediyor\/"},"wordCount":159,"commentCount":0,"publisher":{"@id":"https:\/\/e-ciftlik.com\/haberler\/#organization"},"image":{"@id":"http:\/\/e-ciftlik.com\/haberler\/spor\/manchester-united-erik-ten-hag-ile-yola-devam-ediyor\/#primaryimage"},"thumbnailUrl":"https:\/\/e-ciftlik.com\/haberler\/wp-content\/uploads\/2024\/07\/1720162266_1200x628.jpeg","articleSection":["Spor"],"inLanguage":"tr","potentialAction":[{"@type":"CommentAction","name":"Comment","target":["http:\/\/e-ciftlik.com\/haberler\/spor\/manchester-united-erik-ten-hag-ile-yola-devam-ediyor\/#respond"]}]},{"@type":"WebPage","@id":"http:\/\/e-ciftlik.com\/haberler\/spor\/manchester-united-erik-ten-hag-ile-yola-devam-ediyor\/","url":"http:\/\/e-ciftlik.com\/haberler\/spor\/manchester-united-erik-ten-hag-ile-yola-devam-ediyor\/","name":"Manchester United, Erik ten Hag ile Yola Devam Ediyor - E-&Ccedil;\u0130FTL\u0130K HABER","isPartOf":{"@id":"https:\/\/e-ciftlik.com\/haberler\/#website"},"primaryImageOfPage":{"@id":"http:\/\/e-ciftlik.com\/haberler\/spor\/manchester-united-erik-ten-hag-ile-yola-devam-ediyor\/#primaryimage"},"image":{"@id":"http:\/\/e-ciftlik.com\/haberler\/spor\/manchester-united-erik-ten-hag-ile-yola-devam-ediyor\/#primaryimage"},"thumbnailUrl":"https:\/\/e-ciftlik.com\/haberler\/wp-content\/uploads\/2024\/07\/1720162266_1200x628.jpeg","datePublished":"2024-07-05T06:51:02+00:00","description":"Manchester United, Hollandal\u0131 teknik direkt\u00f6r Erik ten Hag ile uzun vadeli bir s\u00f6zle\u015fme imzalad\u0131 ve yoluna devam etme karar\u0131 ald\u0131. K\u0131rm\u0131z\u0131 \u015eeytanlar, 54","breadcrumb":{"@id":"http:\/\/e-ciftlik.com\/haberler\/spor\/manchester-united-erik-ten-hag-ile-yola-devam-ediyor\/#breadcrumb"},"inLanguage":"tr","potentialAction":[{"@type":"ReadAction","target":["http:\/\/e-ciftlik.com\/haberler\/spor\/manchester-united-erik-ten-hag-ile-yola-devam-ediyor\/"]}]},{"@type":"ImageObject","inLanguage":"tr","@id":"http:\/\/e-ciftlik.com\/haberler\/spor\/manchester-united-erik-ten-hag-ile-yola-devam-ediyor\/#primaryimage","url":"https:\/\/e-ciftlik.com\/haberler\/wp-content\/uploads\/2024\/07\/1720162266_1200x628.jpeg","contentUrl":"https:\/\/e-ciftlik.com\/haberler\/wp-content\/uploads\/2024\/07\/1720162266_1200x628.jpeg","width":1200,"height":628},{"@type":"BreadcrumbList","@id":"http:\/\/e-ciftlik.com\/haberler\/spor\/manchester-united-erik-ten-hag-ile-yola-devam-ediyor\/#breadcrumb","itemListElement":[{"@type":"ListItem","position":1,"name":"Anasayfa","item":"https:\/\/e-ciftlik.com\/haberler\/"},{"@type":"ListItem","position":2,"name":"Manchester United, Erik ten Hag ile Yola Devam Ediyor"}]},{"@type":"WebSite","@id":"https:\/\/e-ciftlik.com\/haberler\/#website","url":"https:\/\/e-ciftlik.com\/haberler\/","name":"E-\u00c7iftlik Haber | G\u00fcncel, Son Dakika Haberler, En Son Haber","description":"","publisher":{"@id":"https:\/\/e-ciftlik.com\/haberler\/#organization"},"potentialAction":[{"@type":"SearchAction","target":{"@type":"EntryPoint","urlTemplate":"https:\/\/e-ciftlik.com\/haberler\/?s={search_term_string}"},"query-input":{"@type":"PropertyValueSpecification","valueRequired":true,"valueName":"search_term_string"}}],"inLanguage":"tr"},{"@type":"Organization","@id":"https:\/\/e-ciftlik.com\/haberler\/#organization","name":"E-\u00c7\u0130FTL\u0130K HABER","url":"https:\/\/e-ciftlik.com\/haberler\/","logo":{"@type":"ImageObject","inLanguage":"tr","@id":"https:\/\/e-ciftlik.com\/haberler\/#\/schema\/logo\/image\/","url":"https:\/\/e-ciftlik.com\/haberler\/wp-content\/uploads\/2024\/06\/cropped-cropped-favicon-1-2.png","contentUrl":"https:\/\/e-ciftlik.com\/haberler\/wp-content\/uploads\/2024\/06\/cropped-cropped-favicon-1-2.png","width":512,"height":512,"caption":"E-\u00c7\u0130FTL\u0130K HABER"},"image":{"@id":"https:\/\/e-ciftlik.com\/haberler\/#\/schema\/logo\/image\/"},"sameAs":["https:\/\/www.facebook.com\/eciftlikturkiye","https:\/\/x.com\/eciftlikresmi","https:\/\/www.instagram.com\/eciftlikresmi\/"]},{"@type":"Person","@id":"https:\/\/e-ciftlik.com\/haberler\/#\/schema\/person\/d2f4fee3143d7f72be82cb887d51b00a","name":"Haber Merkezi","image":{"@type":"ImageObject","inLanguage":"tr","@id":"https:\/\/secure.gravatar.com\/avatar\/6c27d641914e66c1d0452c92716002398782818991d86db1c2cccb531e7c7c82?s=96&d=mm&r=g","url":"https:\/\/secure.gravatar.com\/avatar\/6c27d641914e66c1d0452c92716002398782818991d86db1c2cccb531e7c7c82?s=96&d=mm&r=g","contentUrl":"https:\/\/secure.gravatar.com\/avatar\/6c27d641914e66c1d0452c92716002398782818991d86db1c2cccb531e7c7c82?s=96&d=mm&r=g","caption":"Haber Merkezi"},"sameAs":["http:\/\/e-ciftlik.com\/haberler"]}]}},"_links":{"self":[{"href":"https:\/\/e-ciftlik.com\/haberler\/wp-json\/wp\/v2\/posts\/9472","targetHints":{"allow":["GET"]}}],"collection":[{"href":"https:\/\/e-ciftlik.com\/haberler\/wp-json\/wp\/v2\/posts"}],"about":[{"href":"https:\/\/e-ciftlik.com\/haberler\/wp-json\/wp\/v2\/types\/post"}],"author":[{"embeddable":true,"href":"https:\/\/e-ciftlik.com\/haberler\/wp-json\/wp\/v2\/users\/1"}],"replies":[{"embeddable":true,"href":"https:\/\/e-ciftlik.com\/haberler\/wp-json\/wp\/v2\/comments?post=9472"}],"version-history":[{"count":0,"href":"https:\/\/e-ciftlik.com\/haberler\/wp-json\/wp\/v2\/posts\/9472\/revisions"}],"wp:featuredmedia":[{"embeddable":true,"href":"https:\/\/e-ciftlik.com\/haberler\/wp-json\/wp\/v2\/media\/9473"}],"wp:attachment":[{"href":"https:\/\/e-ciftlik.com\/haberler\/wp-json\/wp\/v2\/media?parent=9472"}],"wp:term":[{"taxonomy":"category","embeddable":true,"href":"https:\/\/e-ciftlik.com\/haberler\/wp-json\/wp\/v2\/categories?post=9472"},{"taxonomy":"post_tag","embeddable":true,"href":"https:\/\/e-ciftlik.com\/haberler\/wp-json\/wp\/v2\/tags?post=9472"}],"curies":[{"name":"wp","href":"https:\/\/api.w.org\/{rel}","templated":true}]}}