{"id":9475,"date":"2024-07-05T07:18:15","date_gmt":"2024-07-05T07:18:15","guid":{"rendered":"https:\/\/e-ciftlik.com\/haberler\/gundem\/16-ilde-deas-operasyonunda-45-kisi-yakalandi\/"},"modified":"2024-07-05T07:18:15","modified_gmt":"2024-07-05T07:18:15","slug":"16-ilde-deas-operasyonunda-45-kisi-yakalandi","status":"publish","type":"post","link":"https:\/\/e-ciftlik.com\/haberler\/gundem\/16-ilde-deas-operasyonunda-45-kisi-yakalandi\/","title":{"rendered":"16 ilde DEA\u015e Operasyonunda 45 Ki\u015fi Yakaland\u0131"},"content":{"rendered":"<p>\u0130\u00e7i\u015fleri Bakan\u0131 Ali Yerlikaya, 16 ilde DEA\u015e ter\u00f6r \u00f6rg\u00fct\u00fcne y\u00f6nelik ger\u00e7ekle\u015ftirilen \u2019BOZDO\u011eAN-48\u2019 operasyonlar\u0131nda 45 \u015f\u00fcphelinin yakaland\u0131\u011f\u0131n\u0131 a\u00e7\u0131klad\u0131. Operasyonlar, 5 Temmuz 2024 tarihinde ger\u00e7ekle\u015ftirildi ve \u00e7ok say\u0131da g\u00f6zalt\u0131 ger\u00e7ekle\u015fti.<\/p>\n<p>Operasyonlar, \u0130stanbul, Ankara, \u0130zmir, Bursa, Adana, Gaziantep, Antalya, Konya, Samsun, Kayseri, Mersin, Diyarbak\u0131r, Hatay, Malatya, \u015eanl\u0131urfa ve Sakarya gibi 16 ilde e\u015f zamanl\u0131 olarak d\u00fczenlendi.<\/p>\n<p>\u0130\u00e7i\u015fleri Bakan\u0131, operasyonlar\u0131n ba\u015far\u0131l\u0131 ge\u00e7ti\u011fini ve DEA\u015e ter\u00f6r \u00f6rg\u00fct\u00fcne kar\u015f\u0131 kararl\u0131 bir m\u00fccadelenin devam edece\u011fini belirtti. Bu geli\u015fmeleri, resmi kaynaklar ve g\u00fcvenilir haber kanallar\u0131 \u00fczerinden takip edebilirsiniz.<\/p>\n<p>Yap\u0131lan operasyonlar, ter\u00f6rle m\u00fccadele konusunda devletin kararl\u0131l\u0131\u011f\u0131n\u0131 ve g\u00fcvenlik g\u00fc\u00e7lerinin etkinli\u011fini bir kez daha g\u00f6zler \u00f6n\u00fcne serdi. Operasyonlara kat\u0131lan g\u00fcvenlik g\u00fc\u00e7lerine te\u015fekk\u00fcr eden \u0130\u00e7i\u015fleri Bakan\u0131, halk\u0131n g\u00fcvenli\u011fi ve huzuru i\u00e7in ellerinden geleni yapacaklar\u0131n\u0131 vurgulad\u0131.<\/p>\n","protected":false},"excerpt":{"rendered":"<p>\u0130\u00e7i\u015fleri Bakan\u0131 Ali Yerlikaya, 16 ilde DEA\u015e ter\u00f6r \u00f6rg\u00fct\u00fcne y\u00f6nelik ger\u00e7ekle\u015ftirilen \u2019BOZDO\u011eAN-48\u2019 operasyonlar\u0131nda 45 \u015f\u00fcphelinin&hellip;<\/p>\n","protected":false},"author":1,"featured_media":9476,"comment_status":"open","ping_status":"open","sticky":false,"template":"","format":"standard","meta":{"footnotes":""},"categories":[10],"tags":[],"class_list":["post-9475","post","type-post","status-publish","format-standard","has-post-thumbnail","hentry","category-gundem"],"yoast_head":"<!-- This site is optimized with the Yoast SEO Premium plugin v24.3 (Yoast SEO v27.4) - https:\/\/yoast.com\/product\/yoast-seo-premium-wordpress\/ -->\n<title>16 ilde DEA\u015e Operasyonunda 45 Ki\u015fi Yakaland\u0131 - E-&Ccedil;\u0130FTL\u0130K HABER<\/title>\n<meta name=\"description\" content=\"\u0130\u00e7i\u015fleri Bakan\u0131 Ali Yerlikaya, 16 ilde DEA\u015e ter\u00f6r \u00f6rg\u00fct\u00fcne y\u00f6nelik ger\u00e7ekle\u015ftirilen \u2019BOZDO\u011eAN-48\u2019 operasyonlar\u0131nda 45 \u015f\u00fcphelinin yakaland\u0131\u011f\u0131n\u0131 a\u00e7\u0131klad\u0131.\" \/>\n<meta name=\"robots\" content=\"index, follow, max-snippet:-1, max-image-preview:large, max-video-preview:-1\" \/>\n<link rel=\"canonical\" href=\"http:\/\/e-ciftlik.com\/haberler\/gundem\/16-ilde-deas-operasyonunda-45-kisi-yakalandi\/\" \/>\n<meta property=\"og:locale\" content=\"tr_TR\" \/>\n<meta property=\"og:type\" content=\"article\" \/>\n<meta property=\"og:title\" content=\"16 ilde DEA\u015e Operasyonunda 45 Ki\u015fi Yakaland\u0131\" \/>\n<meta property=\"og:description\" content=\"\u0130\u00e7i\u015fleri Bakan\u0131 Ali Yerlikaya, 16 ilde DEA\u015e ter\u00f6r \u00f6rg\u00fct\u00fcne y\u00f6nelik ger\u00e7ekle\u015ftirilen \u2019BOZDO\u011eAN-48\u2019 operasyonlar\u0131nda 45 \u015f\u00fcphelinin yakaland\u0131\u011f\u0131n\u0131 a\u00e7\u0131klad\u0131.\" \/>\n<meta property=\"og:url\" content=\"http:\/\/e-ciftlik.com\/haberler\/gundem\/16-ilde-deas-operasyonunda-45-kisi-yakalandi\/\" \/>\n<meta property=\"og:site_name\" content=\"E-&Ccedil;\u0130FTL\u0130K HABER\" \/>\n<meta property=\"article:publisher\" content=\"https:\/\/www.facebook.com\/eciftlikturkiye\" \/>\n<meta property=\"article:published_time\" content=\"2024-07-05T07:18:15+00:00\" \/>\n<meta property=\"og:image\" content=\"http:\/\/e-ciftlik.com\/haberler\/wp-content\/uploads\/2024\/07\/16-ilde-deasa-operasyon-cok-sayida-gozalti-1720155458815.jpeg\" \/>\n\t<meta property=\"og:image:width\" content=\"1200\" \/>\n\t<meta property=\"og:image:height\" content=\"675\" \/>\n\t<meta property=\"og:image:type\" content=\"image\/jpeg\" \/>\n<meta name=\"author\" content=\"Haber Merkezi\" \/>\n<meta name=\"twitter:card\" content=\"summary_large_image\" \/>\n<meta name=\"twitter:creator\" content=\"@eciftlikresmi\" \/>\n<meta name=\"twitter:site\" content=\"@eciftlikresmi\" \/>\n<meta name=\"twitter:label1\" content=\"Yazan:\" \/>\n\t<meta name=\"twitter:data1\" content=\"Haber Merkezi\" \/>\n\t<meta name=\"twitter:label2\" content=\"Tahmini okuma s\u00fcresi\" \/>\n\t<meta name=\"twitter:data2\" content=\"1 dakika\" \/>\n<script type=\"application\/ld+json\" class=\"yoast-schema-graph\">{\"@context\":\"https:\\\/\\\/schema.org\",\"@graph\":[{\"@type\":\"NewsArticle\",\"@id\":\"http:\\\/\\\/e-ciftlik.com\\\/haberler\\\/gundem\\\/16-ilde-deas-operasyonunda-45-kisi-yakalandi\\\/#article\",\"isPartOf\":{\"@id\":\"http:\\\/\\\/e-ciftlik.com\\\/haberler\\\/gundem\\\/16-ilde-deas-operasyonunda-45-kisi-yakalandi\\\/\"},\"author\":{\"name\":\"Haber Merkezi\",\"@id\":\"https:\\\/\\\/e-ciftlik.com\\\/haberler\\\/#\\\/schema\\\/person\\\/d2f4fee3143d7f72be82cb887d51b00a\"},\"headline\":\"16 ilde DEA\u015e Operasyonunda 45 Ki\u015fi Yakaland\u0131\",\"datePublished\":\"2024-07-05T07:18:15+00:00\",\"mainEntityOfPage\":{\"@id\":\"http:\\\/\\\/e-ciftlik.com\\\/haberler\\\/gundem\\\/16-ilde-deas-operasyonunda-45-kisi-yakalandi\\\/\"},\"wordCount\":169,\"commentCount\":0,\"publisher\":{\"@id\":\"https:\\\/\\\/e-ciftlik.com\\\/haberler\\\/#organization\"},\"image\":{\"@id\":\"http:\\\/\\\/e-ciftlik.com\\\/haberler\\\/gundem\\\/16-ilde-deas-operasyonunda-45-kisi-yakalandi\\\/#primaryimage\"},\"thumbnailUrl\":\"https:\\\/\\\/e-ciftlik.com\\\/haberler\\\/wp-content\\\/uploads\\\/2024\\\/07\\\/16-ilde-deasa-operasyon-cok-sayida-gozalti-1720155458815.jpeg\",\"articleSection\":[\"G\u00fcndem\"],\"inLanguage\":\"tr\",\"potentialAction\":[{\"@type\":\"CommentAction\",\"name\":\"Comment\",\"target\":[\"http:\\\/\\\/e-ciftlik.com\\\/haberler\\\/gundem\\\/16-ilde-deas-operasyonunda-45-kisi-yakalandi\\\/#respond\"]}]},{\"@type\":\"WebPage\",\"@id\":\"http:\\\/\\\/e-ciftlik.com\\\/haberler\\\/gundem\\\/16-ilde-deas-operasyonunda-45-kisi-yakalandi\\\/\",\"url\":\"http:\\\/\\\/e-ciftlik.com\\\/haberler\\\/gundem\\\/16-ilde-deas-operasyonunda-45-kisi-yakalandi\\\/\",\"name\":\"16 ilde DEA\u015e Operasyonunda 45 Ki\u015fi Yakaland\u0131 - E-&Ccedil;\u0130FTL\u0130K HABER\",\"isPartOf\":{\"@id\":\"https:\\\/\\\/e-ciftlik.com\\\/haberler\\\/#website\"},\"primaryImageOfPage\":{\"@id\":\"http:\\\/\\\/e-ciftlik.com\\\/haberler\\\/gundem\\\/16-ilde-deas-operasyonunda-45-kisi-yakalandi\\\/#primaryimage\"},\"image\":{\"@id\":\"http:\\\/\\\/e-ciftlik.com\\\/haberler\\\/gundem\\\/16-ilde-deas-operasyonunda-45-kisi-yakalandi\\\/#primaryimage\"},\"thumbnailUrl\":\"https:\\\/\\\/e-ciftlik.com\\\/haberler\\\/wp-content\\\/uploads\\\/2024\\\/07\\\/16-ilde-deasa-operasyon-cok-sayida-gozalti-1720155458815.jpeg\",\"datePublished\":\"2024-07-05T07:18:15+00:00\",\"description\":\"\u0130\u00e7i\u015fleri Bakan\u0131 Ali Yerlikaya, 16 ilde DEA\u015e ter\u00f6r \u00f6rg\u00fct\u00fcne y\u00f6nelik ger\u00e7ekle\u015ftirilen \u2019BOZDO\u011eAN-48\u2019 operasyonlar\u0131nda 45 \u015f\u00fcphelinin yakaland\u0131\u011f\u0131n\u0131 a\u00e7\u0131klad\u0131.\",\"breadcrumb\":{\"@id\":\"http:\\\/\\\/e-ciftlik.com\\\/haberler\\\/gundem\\\/16-ilde-deas-operasyonunda-45-kisi-yakalandi\\\/#breadcrumb\"},\"inLanguage\":\"tr\",\"potentialAction\":[{\"@type\":\"ReadAction\",\"target\":[\"http:\\\/\\\/e-ciftlik.com\\\/haberler\\\/gundem\\\/16-ilde-deas-operasyonunda-45-kisi-yakalandi\\\/\"]}]},{\"@type\":\"ImageObject\",\"inLanguage\":\"tr\",\"@id\":\"http:\\\/\\\/e-ciftlik.com\\\/haberler\\\/gundem\\\/16-ilde-deas-operasyonunda-45-kisi-yakalandi\\\/#primaryimage\",\"url\":\"https:\\\/\\\/e-ciftlik.com\\\/haberler\\\/wp-content\\\/uploads\\\/2024\\\/07\\\/16-ilde-deasa-operasyon-cok-sayida-gozalti-1720155458815.jpeg\",\"contentUrl\":\"https:\\\/\\\/e-ciftlik.com\\\/haberler\\\/wp-content\\\/uploads\\\/2024\\\/07\\\/16-ilde-deasa-operasyon-cok-sayida-gozalti-1720155458815.jpeg\",\"width\":1200,\"height\":675},{\"@type\":\"BreadcrumbList\",\"@id\":\"http:\\\/\\\/e-ciftlik.com\\\/haberler\\\/gundem\\\/16-ilde-deas-operasyonunda-45-kisi-yakalandi\\\/#breadcrumb\",\"itemListElement\":[{\"@type\":\"ListItem\",\"position\":1,\"name\":\"Anasayfa\",\"item\":\"https:\\\/\\\/e-ciftlik.com\\\/haberler\\\/\"},{\"@type\":\"ListItem\",\"position\":2,\"name\":\"16 ilde DEA\u015e Operasyonunda 45 Ki\u015fi Yakaland\u0131\"}]},{\"@type\":\"WebSite\",\"@id\":\"https:\\\/\\\/e-ciftlik.com\\\/haberler\\\/#website\",\"url\":\"https:\\\/\\\/e-ciftlik.com\\\/haberler\\\/\",\"name\":\"E-\u00c7iftlik Haber | G\u00fcncel, Son Dakika Haberler, En Son Haber\",\"description\":\"\",\"publisher\":{\"@id\":\"https:\\\/\\\/e-ciftlik.com\\\/haberler\\\/#organization\"},\"potentialAction\":[{\"@type\":\"SearchAction\",\"target\":{\"@type\":\"EntryPoint\",\"urlTemplate\":\"https:\\\/\\\/e-ciftlik.com\\\/haberler\\\/?s={search_term_string}\"},\"query-input\":{\"@type\":\"PropertyValueSpecification\",\"valueRequired\":true,\"valueName\":\"search_term_string\"}}],\"inLanguage\":\"tr\"},{\"@type\":\"Organization\",\"@id\":\"https:\\\/\\\/e-ciftlik.com\\\/haberler\\\/#organization\",\"name\":\"E-\u00c7\u0130FTL\u0130K HABER\",\"url\":\"https:\\\/\\\/e-ciftlik.com\\\/haberler\\\/\",\"logo\":{\"@type\":\"ImageObject\",\"inLanguage\":\"tr\",\"@id\":\"https:\\\/\\\/e-ciftlik.com\\\/haberler\\\/#\\\/schema\\\/logo\\\/image\\\/\",\"url\":\"https:\\\/\\\/e-ciftlik.com\\\/haberler\\\/wp-content\\\/uploads\\\/2024\\\/06\\\/cropped-cropped-favicon-1-2.png\",\"contentUrl\":\"https:\\\/\\\/e-ciftlik.com\\\/haberler\\\/wp-content\\\/uploads\\\/2024\\\/06\\\/cropped-cropped-favicon-1-2.png\",\"width\":512,\"height\":512,\"caption\":\"E-\u00c7\u0130FTL\u0130K HABER\"},\"image\":{\"@id\":\"https:\\\/\\\/e-ciftlik.com\\\/haberler\\\/#\\\/schema\\\/logo\\\/image\\\/\"},\"sameAs\":[\"https:\\\/\\\/www.facebook.com\\\/eciftlikturkiye\",\"https:\\\/\\\/x.com\\\/eciftlikresmi\",\"https:\\\/\\\/www.instagram.com\\\/eciftlikresmi\\\/\"]},{\"@type\":\"Person\",\"@id\":\"https:\\\/\\\/e-ciftlik.com\\\/haberler\\\/#\\\/schema\\\/person\\\/d2f4fee3143d7f72be82cb887d51b00a\",\"name\":\"Haber Merkezi\",\"image\":{\"@type\":\"ImageObject\",\"inLanguage\":\"tr\",\"@id\":\"https:\\\/\\\/secure.gravatar.com\\\/avatar\\\/6c27d641914e66c1d0452c92716002398782818991d86db1c2cccb531e7c7c82?s=96&d=mm&r=g\",\"url\":\"https:\\\/\\\/secure.gravatar.com\\\/avatar\\\/6c27d641914e66c1d0452c92716002398782818991d86db1c2cccb531e7c7c82?s=96&d=mm&r=g\",\"contentUrl\":\"https:\\\/\\\/secure.gravatar.com\\\/avatar\\\/6c27d641914e66c1d0452c92716002398782818991d86db1c2cccb531e7c7c82?s=96&d=mm&r=g\",\"caption\":\"Haber Merkezi\"},\"sameAs\":[\"http:\\\/\\\/e-ciftlik.com\\\/haberler\"]}]}<\/script>\n<!-- \/ Yoast SEO Premium plugin. -->","yoast_head_json":{"title":"16 ilde DEA\u015e Operasyonunda 45 Ki\u015fi Yakaland\u0131 - E-&Ccedil;\u0130FTL\u0130K HABER","description":"\u0130\u00e7i\u015fleri Bakan\u0131 Ali Yerlikaya, 16 ilde DEA\u015e ter\u00f6r \u00f6rg\u00fct\u00fcne y\u00f6nelik ger\u00e7ekle\u015ftirilen \u2019BOZDO\u011eAN-48\u2019 operasyonlar\u0131nda 45 \u015f\u00fcphelinin yakaland\u0131\u011f\u0131n\u0131 a\u00e7\u0131klad\u0131.","robots":{"index":"index","follow":"follow","max-snippet":"max-snippet:-1","max-image-preview":"max-image-preview:large","max-video-preview":"max-video-preview:-1"},"canonical":"http:\/\/e-ciftlik.com\/haberler\/gundem\/16-ilde-deas-operasyonunda-45-kisi-yakalandi\/","og_locale":"tr_TR","og_type":"article","og_title":"16 ilde DEA\u015e Operasyonunda 45 Ki\u015fi Yakaland\u0131","og_description":"\u0130\u00e7i\u015fleri Bakan\u0131 Ali Yerlikaya, 16 ilde DEA\u015e ter\u00f6r \u00f6rg\u00fct\u00fcne y\u00f6nelik ger\u00e7ekle\u015ftirilen \u2019BOZDO\u011eAN-48\u2019 operasyonlar\u0131nda 45 \u015f\u00fcphelinin yakaland\u0131\u011f\u0131n\u0131 a\u00e7\u0131klad\u0131.","og_url":"http:\/\/e-ciftlik.com\/haberler\/gundem\/16-ilde-deas-operasyonunda-45-kisi-yakalandi\/","og_site_name":"E-&Ccedil;\u0130FTL\u0130K HABER","article_publisher":"https:\/\/www.facebook.com\/eciftlikturkiye","article_published_time":"2024-07-05T07:18:15+00:00","og_image":[{"width":1200,"height":675,"url":"http:\/\/e-ciftlik.com\/haberler\/wp-content\/uploads\/2024\/07\/16-ilde-deasa-operasyon-cok-sayida-gozalti-1720155458815.jpeg","type":"image\/jpeg"}],"author":"Haber Merkezi","twitter_card":"summary_large_image","twitter_creator":"@eciftlikresmi","twitter_site":"@eciftlikresmi","twitter_misc":{"Yazan:":"Haber Merkezi","Tahmini okuma s\u00fcresi":"1 dakika"},"schema":{"@context":"https:\/\/schema.org","@graph":[{"@type":"NewsArticle","@id":"http:\/\/e-ciftlik.com\/haberler\/gundem\/16-ilde-deas-operasyonunda-45-kisi-yakalandi\/#article","isPartOf":{"@id":"http:\/\/e-ciftlik.com\/haberler\/gundem\/16-ilde-deas-operasyonunda-45-kisi-yakalandi\/"},"author":{"name":"Haber Merkezi","@id":"https:\/\/e-ciftlik.com\/haberler\/#\/schema\/person\/d2f4fee3143d7f72be82cb887d51b00a"},"headline":"16 ilde DEA\u015e Operasyonunda 45 Ki\u015fi Yakaland\u0131","datePublished":"2024-07-05T07:18:15+00:00","mainEntityOfPage":{"@id":"http:\/\/e-ciftlik.com\/haberler\/gundem\/16-ilde-deas-operasyonunda-45-kisi-yakalandi\/"},"wordCount":169,"commentCount":0,"publisher":{"@id":"https:\/\/e-ciftlik.com\/haberler\/#organization"},"image":{"@id":"http:\/\/e-ciftlik.com\/haberler\/gundem\/16-ilde-deas-operasyonunda-45-kisi-yakalandi\/#primaryimage"},"thumbnailUrl":"https:\/\/e-ciftlik.com\/haberler\/wp-content\/uploads\/2024\/07\/16-ilde-deasa-operasyon-cok-sayida-gozalti-1720155458815.jpeg","articleSection":["G\u00fcndem"],"inLanguage":"tr","potentialAction":[{"@type":"CommentAction","name":"Comment","target":["http:\/\/e-ciftlik.com\/haberler\/gundem\/16-ilde-deas-operasyonunda-45-kisi-yakalandi\/#respond"]}]},{"@type":"WebPage","@id":"http:\/\/e-ciftlik.com\/haberler\/gundem\/16-ilde-deas-operasyonunda-45-kisi-yakalandi\/","url":"http:\/\/e-ciftlik.com\/haberler\/gundem\/16-ilde-deas-operasyonunda-45-kisi-yakalandi\/","name":"16 ilde DEA\u015e Operasyonunda 45 Ki\u015fi Yakaland\u0131 - E-&Ccedil;\u0130FTL\u0130K HABER","isPartOf":{"@id":"https:\/\/e-ciftlik.com\/haberler\/#website"},"primaryImageOfPage":{"@id":"http:\/\/e-ciftlik.com\/haberler\/gundem\/16-ilde-deas-operasyonunda-45-kisi-yakalandi\/#primaryimage"},"image":{"@id":"http:\/\/e-ciftlik.com\/haberler\/gundem\/16-ilde-deas-operasyonunda-45-kisi-yakalandi\/#primaryimage"},"thumbnailUrl":"https:\/\/e-ciftlik.com\/haberler\/wp-content\/uploads\/2024\/07\/16-ilde-deasa-operasyon-cok-sayida-gozalti-1720155458815.jpeg","datePublished":"2024-07-05T07:18:15+00:00","description":"\u0130\u00e7i\u015fleri Bakan\u0131 Ali Yerlikaya, 16 ilde DEA\u015e ter\u00f6r \u00f6rg\u00fct\u00fcne y\u00f6nelik ger\u00e7ekle\u015ftirilen \u2019BOZDO\u011eAN-48\u2019 operasyonlar\u0131nda 45 \u015f\u00fcphelinin yakaland\u0131\u011f\u0131n\u0131 a\u00e7\u0131klad\u0131.","breadcrumb":{"@id":"http:\/\/e-ciftlik.com\/haberler\/gundem\/16-ilde-deas-operasyonunda-45-kisi-yakalandi\/#breadcrumb"},"inLanguage":"tr","potentialAction":[{"@type":"ReadAction","target":["http:\/\/e-ciftlik.com\/haberler\/gundem\/16-ilde-deas-operasyonunda-45-kisi-yakalandi\/"]}]},{"@type":"ImageObject","inLanguage":"tr","@id":"http:\/\/e-ciftlik.com\/haberler\/gundem\/16-ilde-deas-operasyonunda-45-kisi-yakalandi\/#primaryimage","url":"https:\/\/e-ciftlik.com\/haberler\/wp-content\/uploads\/2024\/07\/16-ilde-deasa-operasyon-cok-sayida-gozalti-1720155458815.jpeg","contentUrl":"https:\/\/e-ciftlik.com\/haberler\/wp-content\/uploads\/2024\/07\/16-ilde-deasa-operasyon-cok-sayida-gozalti-1720155458815.jpeg","width":1200,"height":675},{"@type":"BreadcrumbList","@id":"http:\/\/e-ciftlik.com\/haberler\/gundem\/16-ilde-deas-operasyonunda-45-kisi-yakalandi\/#breadcrumb","itemListElement":[{"@type":"ListItem","position":1,"name":"Anasayfa","item":"https:\/\/e-ciftlik.com\/haberler\/"},{"@type":"ListItem","position":2,"name":"16 ilde DEA\u015e Operasyonunda 45 Ki\u015fi Yakaland\u0131"}]},{"@type":"WebSite","@id":"https:\/\/e-ciftlik.com\/haberler\/#website","url":"https:\/\/e-ciftlik.com\/haberler\/","name":"E-\u00c7iftlik Haber | G\u00fcncel, Son Dakika Haberler, En Son Haber","description":"","publisher":{"@id":"https:\/\/e-ciftlik.com\/haberler\/#organization"},"potentialAction":[{"@type":"SearchAction","target":{"@type":"EntryPoint","urlTemplate":"https:\/\/e-ciftlik.com\/haberler\/?s={search_term_string}"},"query-input":{"@type":"PropertyValueSpecification","valueRequired":true,"valueName":"search_term_string"}}],"inLanguage":"tr"},{"@type":"Organization","@id":"https:\/\/e-ciftlik.com\/haberler\/#organization","name":"E-\u00c7\u0130FTL\u0130K HABER","url":"https:\/\/e-ciftlik.com\/haberler\/","logo":{"@type":"ImageObject","inLanguage":"tr","@id":"https:\/\/e-ciftlik.com\/haberler\/#\/schema\/logo\/image\/","url":"https:\/\/e-ciftlik.com\/haberler\/wp-content\/uploads\/2024\/06\/cropped-cropped-favicon-1-2.png","contentUrl":"https:\/\/e-ciftlik.com\/haberler\/wp-content\/uploads\/2024\/06\/cropped-cropped-favicon-1-2.png","width":512,"height":512,"caption":"E-\u00c7\u0130FTL\u0130K HABER"},"image":{"@id":"https:\/\/e-ciftlik.com\/haberler\/#\/schema\/logo\/image\/"},"sameAs":["https:\/\/www.facebook.com\/eciftlikturkiye","https:\/\/x.com\/eciftlikresmi","https:\/\/www.instagram.com\/eciftlikresmi\/"]},{"@type":"Person","@id":"https:\/\/e-ciftlik.com\/haberler\/#\/schema\/person\/d2f4fee3143d7f72be82cb887d51b00a","name":"Haber Merkezi","image":{"@type":"ImageObject","inLanguage":"tr","@id":"https:\/\/secure.gravatar.com\/avatar\/6c27d641914e66c1d0452c92716002398782818991d86db1c2cccb531e7c7c82?s=96&d=mm&r=g","url":"https:\/\/secure.gravatar.com\/avatar\/6c27d641914e66c1d0452c92716002398782818991d86db1c2cccb531e7c7c82?s=96&d=mm&r=g","contentUrl":"https:\/\/secure.gravatar.com\/avatar\/6c27d641914e66c1d0452c92716002398782818991d86db1c2cccb531e7c7c82?s=96&d=mm&r=g","caption":"Haber Merkezi"},"sameAs":["http:\/\/e-ciftlik.com\/haberler"]}]}},"_links":{"self":[{"href":"https:\/\/e-ciftlik.com\/haberler\/wp-json\/wp\/v2\/posts\/9475","targetHints":{"allow":["GET"]}}],"collection":[{"href":"https:\/\/e-ciftlik.com\/haberler\/wp-json\/wp\/v2\/posts"}],"about":[{"href":"https:\/\/e-ciftlik.com\/haberler\/wp-json\/wp\/v2\/types\/post"}],"author":[{"embeddable":true,"href":"https:\/\/e-ciftlik.com\/haberler\/wp-json\/wp\/v2\/users\/1"}],"replies":[{"embeddable":true,"href":"https:\/\/e-ciftlik.com\/haberler\/wp-json\/wp\/v2\/comments?post=9475"}],"version-history":[{"count":0,"href":"https:\/\/e-ciftlik.com\/haberler\/wp-json\/wp\/v2\/posts\/9475\/revisions"}],"wp:featuredmedia":[{"embeddable":true,"href":"https:\/\/e-ciftlik.com\/haberler\/wp-json\/wp\/v2\/media\/9476"}],"wp:attachment":[{"href":"https:\/\/e-ciftlik.com\/haberler\/wp-json\/wp\/v2\/media?parent=9475"}],"wp:term":[{"taxonomy":"category","embeddable":true,"href":"https:\/\/e-ciftlik.com\/haberler\/wp-json\/wp\/v2\/categories?post=9475"},{"taxonomy":"post_tag","embeddable":true,"href":"https:\/\/e-ciftlik.com\/haberler\/wp-json\/wp\/v2\/tags?post=9475"}],"curies":[{"name":"wp","href":"https:\/\/api.w.org\/{rel}","templated":true}]}}