{"id":9611,"date":"2024-07-05T16:11:55","date_gmt":"2024-07-05T16:11:55","guid":{"rendered":"https:\/\/e-ciftlik.com\/haberler\/teknoloji\/apple-kullanicilari-ios-18-cikis-tarihi-ve-desteklenecek-modelleri-bekliyor\/"},"modified":"2024-07-05T16:11:55","modified_gmt":"2024-07-05T16:11:55","slug":"apple-kullanicilari-ios-18-cikis-tarihi-ve-desteklenecek-modelleri-bekliyor","status":"publish","type":"post","link":"https:\/\/e-ciftlik.com\/haberler\/teknoloji\/apple-kullanicilari-ios-18-cikis-tarihi-ve-desteklenecek-modelleri-bekliyor\/","title":{"rendered":"Apple Kullan\u0131c\u0131lar\u0131 iOS 18 \u00c7\u0131k\u0131\u015f Tarihi ve Desteklenecek Modelleri Bekliyor"},"content":{"rendered":"<p>Apple&#8217;\u0131n merakla beklenen iOS 18 g\u00fcncellemesi i\u00e7in iPhone kullan\u0131c\u0131lar\u0131 heyecanla bekleyi\u015flerini s\u00fcrd\u00fcr\u00fcyor. Ge\u00e7ti\u011fimiz haftalarda d\u00fczenlenen WWDC 2024 etkinli\u011finde tan\u0131t\u0131lan iOS 18, yapay zeka odakl\u0131 yeniliklerle donat\u0131larak kullan\u0131c\u0131lar\u0131na daha ak\u0131ll\u0131 ve verimli bir deneyim vaat ediyor. \u015eimdi ise iOS 18&#8217;in \u00e7\u0131k\u0131\u015f tarihi ve hangi iPhone modellerine gelece\u011fi konular\u0131 g\u00fcndemde. Apple&#8217;\u0131n yeni g\u00fcncellemesi teknoloji tutkunlar\u0131n\u0131n dikkatini \u00e7ekmeye devam ediyor.<\/p>\n<p>Apple kullan\u0131c\u0131lar\u0131, heyecanla beklenen iOS 18 g\u00fcncellemesi i\u00e7in geri say\u0131ma ba\u015flad\u0131. \u00d6zellikle yapay zeka gibi yenilik\u00e7i \u00f6zelliklerle dikkat \u00e7eken iOS 18&#8217;in hangi iPhone modellerine sunulaca\u011f\u0131 b\u00fcy\u00fck bir merak konusu oldu. Apple, ge\u00e7ti\u011fimiz g\u00fcnlerde d\u00fczenlenen D\u00fcnya \u00c7ap\u0131nda Geli\u015ftiriciler Konferans\u0131&#8217;nda (WWDC) iOS 18 ile birlikte gelecek yeni \u00f6zellikleri detayl\u0131 bir \u015fekilde tan\u0131tt\u0131. \u015eimdi ise iOS 18&#8217;in resmi \u00e7\u0131k\u0131\u015f tarihi ve desteklenecek iPhone modelleri konular\u0131 teknoloji severler taraf\u0131ndan yak\u0131ndan takip ediliyor.<\/p>\n<p>Apple kullan\u0131c\u0131lar\u0131n\u0131n merakla bekledi\u011fi iOS 18 ile ilgili tahminler gelmeye ba\u015flad\u0131. Yeni i\u015fletim sisteminin \u00e7\u0131k\u0131\u015f tarihi ve destekleyece\u011fi cihazlar \u015fimdiden heyecan yaratt\u0131.<\/p>\n<p>iOS 18 \u00c7\u0131k\u0131\u015f Tarihi<br \/>\nTeknoloji devinin geleneksel olarak Eyl\u00fcl ay\u0131nda ger\u00e7ekle\u015ftirdi\u011fi iPhone etkinliklerinde yeni i\u015fletim sistemini de duyurdu\u011fu biliniyor. Bu do\u011frultuda, iPhone 16 serisinin tan\u0131t\u0131m\u0131n\u0131n ard\u0131ndan iOS 18&#8217;in de Eyl\u00fcl 2024 gibi kullan\u0131c\u0131lara sunulmas\u0131 bekleniyor.<\/p>\n<p>Hangi iPhone Modelleri iOS 18&#8217;i Alacak?<br \/>\niOS 18 g\u00fcncellemesini alacak iPhone modelleri ise \u015f\u00f6yle:<\/p>\n<p>&#8211; iPhone 15 Serisi: iPhone 15, iPhone 15 Plus, iPhone 15 Pro, iPhone 15 Pro Max<br \/>\n&#8211; iPhone 14 Serisi: iPhone 14, iPhone 14 Plus, iPhone 14 Pro, iPhone 14 Pro Max<\/p>\n<p>iOS 18 g\u00fcncellemesinin hangi modelleri destekleyece\u011fi, iPhone kullan\u0131c\u0131lar\u0131 aras\u0131nda b\u00fcy\u00fck bir merak konusu haline geldi. Yapay zeka odakl\u0131 yeniliklerle donat\u0131lan iOS 18&#8217;in \u00e7\u0131k\u0131\u015f tarihi ve desteklenecek iPhone modelleri, teknoloji d\u00fcnyas\u0131nda b\u00fcy\u00fck bir heyecanla bekleniyor.<\/p>\n","protected":false},"excerpt":{"rendered":"<p>Apple&#8217;\u0131n merakla beklenen iOS 18 g\u00fcncellemesi i\u00e7in iPhone kullan\u0131c\u0131lar\u0131 heyecanla bekleyi\u015flerini s\u00fcrd\u00fcr\u00fcyor. Ge\u00e7ti\u011fimiz haftalarda d\u00fczenlenen&hellip;<\/p>\n","protected":false},"author":1,"featured_media":9612,"comment_status":"open","ping_status":"open","sticky":false,"template":"","format":"standard","meta":{"footnotes":""},"categories":[1],"tags":[],"class_list":["post-9611","post","type-post","status-publish","format-standard","has-post-thumbnail","hentry","category-teknoloji"],"yoast_head":"<!-- This site is optimized with the Yoast SEO Premium plugin v24.3 (Yoast SEO v27.4) - https:\/\/yoast.com\/product\/yoast-seo-premium-wordpress\/ -->\n<title>Apple Kullan\u0131c\u0131lar\u0131 iOS 18 \u00c7\u0131k\u0131\u015f Tarihi ve Desteklenecek Modelleri Bekliyor - E-&Ccedil;\u0130FTL\u0130K HABER<\/title>\n<meta name=\"description\" content=\"Apple&#039;\u0131n merakla beklenen iOS 18 g\u00fcncellemesi i\u00e7in iPhone kullan\u0131c\u0131lar\u0131 heyecanla bekleyi\u015flerini s\u00fcrd\u00fcr\u00fcyor. Ge\u00e7ti\u011fimiz haftalarda d\u00fczenlenen WWDC 2024\" \/>\n<meta name=\"robots\" content=\"index, follow, max-snippet:-1, max-image-preview:large, max-video-preview:-1\" \/>\n<link rel=\"canonical\" href=\"http:\/\/e-ciftlik.com\/haberler\/teknoloji\/apple-kullanicilari-ios-18-cikis-tarihi-ve-desteklenecek-modelleri-bekliyor\/\" \/>\n<meta property=\"og:locale\" content=\"tr_TR\" \/>\n<meta property=\"og:type\" content=\"article\" \/>\n<meta property=\"og:title\" content=\"Apple Kullan\u0131c\u0131lar\u0131 iOS 18 \u00c7\u0131k\u0131\u015f Tarihi ve Desteklenecek Modelleri Bekliyor\" \/>\n<meta property=\"og:description\" content=\"Apple&#039;\u0131n merakla beklenen iOS 18 g\u00fcncellemesi i\u00e7in iPhone kullan\u0131c\u0131lar\u0131 heyecanla bekleyi\u015flerini s\u00fcrd\u00fcr\u00fcyor. Ge\u00e7ti\u011fimiz haftalarda d\u00fczenlenen WWDC 2024\" \/>\n<meta property=\"og:url\" content=\"http:\/\/e-ciftlik.com\/haberler\/teknoloji\/apple-kullanicilari-ios-18-cikis-tarihi-ve-desteklenecek-modelleri-bekliyor\/\" \/>\n<meta property=\"og:site_name\" content=\"E-&Ccedil;\u0130FTL\u0130K HABER\" \/>\n<meta property=\"article:publisher\" content=\"https:\/\/www.facebook.com\/eciftlikturkiye\" \/>\n<meta property=\"article:published_time\" content=\"2024-07-05T16:11:55+00:00\" \/>\n<meta property=\"og:image\" content=\"http:\/\/e-ciftlik.com\/haberler\/wp-content\/uploads\/2024\/07\/ios-18-cikis-tarihi-hangi-iphone-modelleri-desteklenecek-1720192200549.jpg\" \/>\n\t<meta property=\"og:image:width\" content=\"1200\" \/>\n\t<meta property=\"og:image:height\" content=\"675\" \/>\n\t<meta property=\"og:image:type\" content=\"image\/jpeg\" \/>\n<meta name=\"author\" content=\"Haber Merkezi\" \/>\n<meta name=\"twitter:card\" content=\"summary_large_image\" \/>\n<meta name=\"twitter:creator\" content=\"@eciftlikresmi\" \/>\n<meta name=\"twitter:site\" content=\"@eciftlikresmi\" \/>\n<meta name=\"twitter:label1\" content=\"Yazan:\" \/>\n\t<meta name=\"twitter:data1\" content=\"Haber Merkezi\" \/>\n\t<meta name=\"twitter:label2\" content=\"Tahmini okuma s\u00fcresi\" \/>\n\t<meta name=\"twitter:data2\" content=\"2 dakika\" \/>\n<script type=\"application\/ld+json\" class=\"yoast-schema-graph\">{\"@context\":\"https:\\\/\\\/schema.org\",\"@graph\":[{\"@type\":\"NewsArticle\",\"@id\":\"http:\\\/\\\/e-ciftlik.com\\\/haberler\\\/teknoloji\\\/apple-kullanicilari-ios-18-cikis-tarihi-ve-desteklenecek-modelleri-bekliyor\\\/#article\",\"isPartOf\":{\"@id\":\"http:\\\/\\\/e-ciftlik.com\\\/haberler\\\/teknoloji\\\/apple-kullanicilari-ios-18-cikis-tarihi-ve-desteklenecek-modelleri-bekliyor\\\/\"},\"author\":{\"name\":\"Haber Merkezi\",\"@id\":\"https:\\\/\\\/e-ciftlik.com\\\/haberler\\\/#\\\/schema\\\/person\\\/d2f4fee3143d7f72be82cb887d51b00a\"},\"headline\":\"Apple Kullan\u0131c\u0131lar\u0131 iOS 18 \u00c7\u0131k\u0131\u015f Tarihi ve Desteklenecek Modelleri Bekliyor\",\"datePublished\":\"2024-07-05T16:11:55+00:00\",\"mainEntityOfPage\":{\"@id\":\"http:\\\/\\\/e-ciftlik.com\\\/haberler\\\/teknoloji\\\/apple-kullanicilari-ios-18-cikis-tarihi-ve-desteklenecek-modelleri-bekliyor\\\/\"},\"wordCount\":335,\"commentCount\":0,\"publisher\":{\"@id\":\"https:\\\/\\\/e-ciftlik.com\\\/haberler\\\/#organization\"},\"image\":{\"@id\":\"http:\\\/\\\/e-ciftlik.com\\\/haberler\\\/teknoloji\\\/apple-kullanicilari-ios-18-cikis-tarihi-ve-desteklenecek-modelleri-bekliyor\\\/#primaryimage\"},\"thumbnailUrl\":\"https:\\\/\\\/e-ciftlik.com\\\/haberler\\\/wp-content\\\/uploads\\\/2024\\\/07\\\/ios-18-cikis-tarihi-hangi-iphone-modelleri-desteklenecek-1720192200549.jpg\",\"articleSection\":[\"Teknoloji\"],\"inLanguage\":\"tr\",\"potentialAction\":[{\"@type\":\"CommentAction\",\"name\":\"Comment\",\"target\":[\"http:\\\/\\\/e-ciftlik.com\\\/haberler\\\/teknoloji\\\/apple-kullanicilari-ios-18-cikis-tarihi-ve-desteklenecek-modelleri-bekliyor\\\/#respond\"]}]},{\"@type\":\"WebPage\",\"@id\":\"http:\\\/\\\/e-ciftlik.com\\\/haberler\\\/teknoloji\\\/apple-kullanicilari-ios-18-cikis-tarihi-ve-desteklenecek-modelleri-bekliyor\\\/\",\"url\":\"http:\\\/\\\/e-ciftlik.com\\\/haberler\\\/teknoloji\\\/apple-kullanicilari-ios-18-cikis-tarihi-ve-desteklenecek-modelleri-bekliyor\\\/\",\"name\":\"Apple Kullan\u0131c\u0131lar\u0131 iOS 18 \u00c7\u0131k\u0131\u015f Tarihi ve Desteklenecek Modelleri Bekliyor - E-&Ccedil;\u0130FTL\u0130K HABER\",\"isPartOf\":{\"@id\":\"https:\\\/\\\/e-ciftlik.com\\\/haberler\\\/#website\"},\"primaryImageOfPage\":{\"@id\":\"http:\\\/\\\/e-ciftlik.com\\\/haberler\\\/teknoloji\\\/apple-kullanicilari-ios-18-cikis-tarihi-ve-desteklenecek-modelleri-bekliyor\\\/#primaryimage\"},\"image\":{\"@id\":\"http:\\\/\\\/e-ciftlik.com\\\/haberler\\\/teknoloji\\\/apple-kullanicilari-ios-18-cikis-tarihi-ve-desteklenecek-modelleri-bekliyor\\\/#primaryimage\"},\"thumbnailUrl\":\"https:\\\/\\\/e-ciftlik.com\\\/haberler\\\/wp-content\\\/uploads\\\/2024\\\/07\\\/ios-18-cikis-tarihi-hangi-iphone-modelleri-desteklenecek-1720192200549.jpg\",\"datePublished\":\"2024-07-05T16:11:55+00:00\",\"description\":\"Apple'\u0131n merakla beklenen iOS 18 g\u00fcncellemesi i\u00e7in iPhone kullan\u0131c\u0131lar\u0131 heyecanla bekleyi\u015flerini s\u00fcrd\u00fcr\u00fcyor. Ge\u00e7ti\u011fimiz haftalarda d\u00fczenlenen WWDC 2024\",\"breadcrumb\":{\"@id\":\"http:\\\/\\\/e-ciftlik.com\\\/haberler\\\/teknoloji\\\/apple-kullanicilari-ios-18-cikis-tarihi-ve-desteklenecek-modelleri-bekliyor\\\/#breadcrumb\"},\"inLanguage\":\"tr\",\"potentialAction\":[{\"@type\":\"ReadAction\",\"target\":[\"http:\\\/\\\/e-ciftlik.com\\\/haberler\\\/teknoloji\\\/apple-kullanicilari-ios-18-cikis-tarihi-ve-desteklenecek-modelleri-bekliyor\\\/\"]}]},{\"@type\":\"ImageObject\",\"inLanguage\":\"tr\",\"@id\":\"http:\\\/\\\/e-ciftlik.com\\\/haberler\\\/teknoloji\\\/apple-kullanicilari-ios-18-cikis-tarihi-ve-desteklenecek-modelleri-bekliyor\\\/#primaryimage\",\"url\":\"https:\\\/\\\/e-ciftlik.com\\\/haberler\\\/wp-content\\\/uploads\\\/2024\\\/07\\\/ios-18-cikis-tarihi-hangi-iphone-modelleri-desteklenecek-1720192200549.jpg\",\"contentUrl\":\"https:\\\/\\\/e-ciftlik.com\\\/haberler\\\/wp-content\\\/uploads\\\/2024\\\/07\\\/ios-18-cikis-tarihi-hangi-iphone-modelleri-desteklenecek-1720192200549.jpg\",\"width\":1200,\"height\":675},{\"@type\":\"BreadcrumbList\",\"@id\":\"http:\\\/\\\/e-ciftlik.com\\\/haberler\\\/teknoloji\\\/apple-kullanicilari-ios-18-cikis-tarihi-ve-desteklenecek-modelleri-bekliyor\\\/#breadcrumb\",\"itemListElement\":[{\"@type\":\"ListItem\",\"position\":1,\"name\":\"Anasayfa\",\"item\":\"https:\\\/\\\/e-ciftlik.com\\\/haberler\\\/\"},{\"@type\":\"ListItem\",\"position\":2,\"name\":\"Apple Kullan\u0131c\u0131lar\u0131 iOS 18 \u00c7\u0131k\u0131\u015f Tarihi ve Desteklenecek Modelleri Bekliyor\"}]},{\"@type\":\"WebSite\",\"@id\":\"https:\\\/\\\/e-ciftlik.com\\\/haberler\\\/#website\",\"url\":\"https:\\\/\\\/e-ciftlik.com\\\/haberler\\\/\",\"name\":\"E-\u00c7iftlik Haber | G\u00fcncel, Son Dakika Haberler, En Son Haber\",\"description\":\"\",\"publisher\":{\"@id\":\"https:\\\/\\\/e-ciftlik.com\\\/haberler\\\/#organization\"},\"potentialAction\":[{\"@type\":\"SearchAction\",\"target\":{\"@type\":\"EntryPoint\",\"urlTemplate\":\"https:\\\/\\\/e-ciftlik.com\\\/haberler\\\/?s={search_term_string}\"},\"query-input\":{\"@type\":\"PropertyValueSpecification\",\"valueRequired\":true,\"valueName\":\"search_term_string\"}}],\"inLanguage\":\"tr\"},{\"@type\":\"Organization\",\"@id\":\"https:\\\/\\\/e-ciftlik.com\\\/haberler\\\/#organization\",\"name\":\"E-\u00c7\u0130FTL\u0130K HABER\",\"url\":\"https:\\\/\\\/e-ciftlik.com\\\/haberler\\\/\",\"logo\":{\"@type\":\"ImageObject\",\"inLanguage\":\"tr\",\"@id\":\"https:\\\/\\\/e-ciftlik.com\\\/haberler\\\/#\\\/schema\\\/logo\\\/image\\\/\",\"url\":\"https:\\\/\\\/e-ciftlik.com\\\/haberler\\\/wp-content\\\/uploads\\\/2024\\\/06\\\/cropped-cropped-favicon-1-2.png\",\"contentUrl\":\"https:\\\/\\\/e-ciftlik.com\\\/haberler\\\/wp-content\\\/uploads\\\/2024\\\/06\\\/cropped-cropped-favicon-1-2.png\",\"width\":512,\"height\":512,\"caption\":\"E-\u00c7\u0130FTL\u0130K HABER\"},\"image\":{\"@id\":\"https:\\\/\\\/e-ciftlik.com\\\/haberler\\\/#\\\/schema\\\/logo\\\/image\\\/\"},\"sameAs\":[\"https:\\\/\\\/www.facebook.com\\\/eciftlikturkiye\",\"https:\\\/\\\/x.com\\\/eciftlikresmi\",\"https:\\\/\\\/www.instagram.com\\\/eciftlikresmi\\\/\"]},{\"@type\":\"Person\",\"@id\":\"https:\\\/\\\/e-ciftlik.com\\\/haberler\\\/#\\\/schema\\\/person\\\/d2f4fee3143d7f72be82cb887d51b00a\",\"name\":\"Haber Merkezi\",\"image\":{\"@type\":\"ImageObject\",\"inLanguage\":\"tr\",\"@id\":\"https:\\\/\\\/secure.gravatar.com\\\/avatar\\\/6c27d641914e66c1d0452c92716002398782818991d86db1c2cccb531e7c7c82?s=96&d=mm&r=g\",\"url\":\"https:\\\/\\\/secure.gravatar.com\\\/avatar\\\/6c27d641914e66c1d0452c92716002398782818991d86db1c2cccb531e7c7c82?s=96&d=mm&r=g\",\"contentUrl\":\"https:\\\/\\\/secure.gravatar.com\\\/avatar\\\/6c27d641914e66c1d0452c92716002398782818991d86db1c2cccb531e7c7c82?s=96&d=mm&r=g\",\"caption\":\"Haber Merkezi\"},\"sameAs\":[\"http:\\\/\\\/e-ciftlik.com\\\/haberler\"]}]}<\/script>\n<!-- \/ Yoast SEO Premium plugin. -->","yoast_head_json":{"title":"Apple Kullan\u0131c\u0131lar\u0131 iOS 18 \u00c7\u0131k\u0131\u015f Tarihi ve Desteklenecek Modelleri Bekliyor - E-&Ccedil;\u0130FTL\u0130K HABER","description":"Apple'\u0131n merakla beklenen iOS 18 g\u00fcncellemesi i\u00e7in iPhone kullan\u0131c\u0131lar\u0131 heyecanla bekleyi\u015flerini s\u00fcrd\u00fcr\u00fcyor. Ge\u00e7ti\u011fimiz haftalarda d\u00fczenlenen WWDC 2024","robots":{"index":"index","follow":"follow","max-snippet":"max-snippet:-1","max-image-preview":"max-image-preview:large","max-video-preview":"max-video-preview:-1"},"canonical":"http:\/\/e-ciftlik.com\/haberler\/teknoloji\/apple-kullanicilari-ios-18-cikis-tarihi-ve-desteklenecek-modelleri-bekliyor\/","og_locale":"tr_TR","og_type":"article","og_title":"Apple Kullan\u0131c\u0131lar\u0131 iOS 18 \u00c7\u0131k\u0131\u015f Tarihi ve Desteklenecek Modelleri Bekliyor","og_description":"Apple'\u0131n merakla beklenen iOS 18 g\u00fcncellemesi i\u00e7in iPhone kullan\u0131c\u0131lar\u0131 heyecanla bekleyi\u015flerini s\u00fcrd\u00fcr\u00fcyor. Ge\u00e7ti\u011fimiz haftalarda d\u00fczenlenen WWDC 2024","og_url":"http:\/\/e-ciftlik.com\/haberler\/teknoloji\/apple-kullanicilari-ios-18-cikis-tarihi-ve-desteklenecek-modelleri-bekliyor\/","og_site_name":"E-&Ccedil;\u0130FTL\u0130K HABER","article_publisher":"https:\/\/www.facebook.com\/eciftlikturkiye","article_published_time":"2024-07-05T16:11:55+00:00","og_image":[{"width":1200,"height":675,"url":"http:\/\/e-ciftlik.com\/haberler\/wp-content\/uploads\/2024\/07\/ios-18-cikis-tarihi-hangi-iphone-modelleri-desteklenecek-1720192200549.jpg","type":"image\/jpeg"}],"author":"Haber Merkezi","twitter_card":"summary_large_image","twitter_creator":"@eciftlikresmi","twitter_site":"@eciftlikresmi","twitter_misc":{"Yazan:":"Haber Merkezi","Tahmini okuma s\u00fcresi":"2 dakika"},"schema":{"@context":"https:\/\/schema.org","@graph":[{"@type":"NewsArticle","@id":"http:\/\/e-ciftlik.com\/haberler\/teknoloji\/apple-kullanicilari-ios-18-cikis-tarihi-ve-desteklenecek-modelleri-bekliyor\/#article","isPartOf":{"@id":"http:\/\/e-ciftlik.com\/haberler\/teknoloji\/apple-kullanicilari-ios-18-cikis-tarihi-ve-desteklenecek-modelleri-bekliyor\/"},"author":{"name":"Haber Merkezi","@id":"https:\/\/e-ciftlik.com\/haberler\/#\/schema\/person\/d2f4fee3143d7f72be82cb887d51b00a"},"headline":"Apple Kullan\u0131c\u0131lar\u0131 iOS 18 \u00c7\u0131k\u0131\u015f Tarihi ve Desteklenecek Modelleri Bekliyor","datePublished":"2024-07-05T16:11:55+00:00","mainEntityOfPage":{"@id":"http:\/\/e-ciftlik.com\/haberler\/teknoloji\/apple-kullanicilari-ios-18-cikis-tarihi-ve-desteklenecek-modelleri-bekliyor\/"},"wordCount":335,"commentCount":0,"publisher":{"@id":"https:\/\/e-ciftlik.com\/haberler\/#organization"},"image":{"@id":"http:\/\/e-ciftlik.com\/haberler\/teknoloji\/apple-kullanicilari-ios-18-cikis-tarihi-ve-desteklenecek-modelleri-bekliyor\/#primaryimage"},"thumbnailUrl":"https:\/\/e-ciftlik.com\/haberler\/wp-content\/uploads\/2024\/07\/ios-18-cikis-tarihi-hangi-iphone-modelleri-desteklenecek-1720192200549.jpg","articleSection":["Teknoloji"],"inLanguage":"tr","potentialAction":[{"@type":"CommentAction","name":"Comment","target":["http:\/\/e-ciftlik.com\/haberler\/teknoloji\/apple-kullanicilari-ios-18-cikis-tarihi-ve-desteklenecek-modelleri-bekliyor\/#respond"]}]},{"@type":"WebPage","@id":"http:\/\/e-ciftlik.com\/haberler\/teknoloji\/apple-kullanicilari-ios-18-cikis-tarihi-ve-desteklenecek-modelleri-bekliyor\/","url":"http:\/\/e-ciftlik.com\/haberler\/teknoloji\/apple-kullanicilari-ios-18-cikis-tarihi-ve-desteklenecek-modelleri-bekliyor\/","name":"Apple Kullan\u0131c\u0131lar\u0131 iOS 18 \u00c7\u0131k\u0131\u015f Tarihi ve Desteklenecek Modelleri Bekliyor - E-&Ccedil;\u0130FTL\u0130K HABER","isPartOf":{"@id":"https:\/\/e-ciftlik.com\/haberler\/#website"},"primaryImageOfPage":{"@id":"http:\/\/e-ciftlik.com\/haberler\/teknoloji\/apple-kullanicilari-ios-18-cikis-tarihi-ve-desteklenecek-modelleri-bekliyor\/#primaryimage"},"image":{"@id":"http:\/\/e-ciftlik.com\/haberler\/teknoloji\/apple-kullanicilari-ios-18-cikis-tarihi-ve-desteklenecek-modelleri-bekliyor\/#primaryimage"},"thumbnailUrl":"https:\/\/e-ciftlik.com\/haberler\/wp-content\/uploads\/2024\/07\/ios-18-cikis-tarihi-hangi-iphone-modelleri-desteklenecek-1720192200549.jpg","datePublished":"2024-07-05T16:11:55+00:00","description":"Apple'\u0131n merakla beklenen iOS 18 g\u00fcncellemesi i\u00e7in iPhone kullan\u0131c\u0131lar\u0131 heyecanla bekleyi\u015flerini s\u00fcrd\u00fcr\u00fcyor. Ge\u00e7ti\u011fimiz haftalarda d\u00fczenlenen WWDC 2024","breadcrumb":{"@id":"http:\/\/e-ciftlik.com\/haberler\/teknoloji\/apple-kullanicilari-ios-18-cikis-tarihi-ve-desteklenecek-modelleri-bekliyor\/#breadcrumb"},"inLanguage":"tr","potentialAction":[{"@type":"ReadAction","target":["http:\/\/e-ciftlik.com\/haberler\/teknoloji\/apple-kullanicilari-ios-18-cikis-tarihi-ve-desteklenecek-modelleri-bekliyor\/"]}]},{"@type":"ImageObject","inLanguage":"tr","@id":"http:\/\/e-ciftlik.com\/haberler\/teknoloji\/apple-kullanicilari-ios-18-cikis-tarihi-ve-desteklenecek-modelleri-bekliyor\/#primaryimage","url":"https:\/\/e-ciftlik.com\/haberler\/wp-content\/uploads\/2024\/07\/ios-18-cikis-tarihi-hangi-iphone-modelleri-desteklenecek-1720192200549.jpg","contentUrl":"https:\/\/e-ciftlik.com\/haberler\/wp-content\/uploads\/2024\/07\/ios-18-cikis-tarihi-hangi-iphone-modelleri-desteklenecek-1720192200549.jpg","width":1200,"height":675},{"@type":"BreadcrumbList","@id":"http:\/\/e-ciftlik.com\/haberler\/teknoloji\/apple-kullanicilari-ios-18-cikis-tarihi-ve-desteklenecek-modelleri-bekliyor\/#breadcrumb","itemListElement":[{"@type":"ListItem","position":1,"name":"Anasayfa","item":"https:\/\/e-ciftlik.com\/haberler\/"},{"@type":"ListItem","position":2,"name":"Apple Kullan\u0131c\u0131lar\u0131 iOS 18 \u00c7\u0131k\u0131\u015f Tarihi ve Desteklenecek Modelleri Bekliyor"}]},{"@type":"WebSite","@id":"https:\/\/e-ciftlik.com\/haberler\/#website","url":"https:\/\/e-ciftlik.com\/haberler\/","name":"E-\u00c7iftlik Haber | G\u00fcncel, Son Dakika Haberler, En Son Haber","description":"","publisher":{"@id":"https:\/\/e-ciftlik.com\/haberler\/#organization"},"potentialAction":[{"@type":"SearchAction","target":{"@type":"EntryPoint","urlTemplate":"https:\/\/e-ciftlik.com\/haberler\/?s={search_term_string}"},"query-input":{"@type":"PropertyValueSpecification","valueRequired":true,"valueName":"search_term_string"}}],"inLanguage":"tr"},{"@type":"Organization","@id":"https:\/\/e-ciftlik.com\/haberler\/#organization","name":"E-\u00c7\u0130FTL\u0130K HABER","url":"https:\/\/e-ciftlik.com\/haberler\/","logo":{"@type":"ImageObject","inLanguage":"tr","@id":"https:\/\/e-ciftlik.com\/haberler\/#\/schema\/logo\/image\/","url":"https:\/\/e-ciftlik.com\/haberler\/wp-content\/uploads\/2024\/06\/cropped-cropped-favicon-1-2.png","contentUrl":"https:\/\/e-ciftlik.com\/haberler\/wp-content\/uploads\/2024\/06\/cropped-cropped-favicon-1-2.png","width":512,"height":512,"caption":"E-\u00c7\u0130FTL\u0130K HABER"},"image":{"@id":"https:\/\/e-ciftlik.com\/haberler\/#\/schema\/logo\/image\/"},"sameAs":["https:\/\/www.facebook.com\/eciftlikturkiye","https:\/\/x.com\/eciftlikresmi","https:\/\/www.instagram.com\/eciftlikresmi\/"]},{"@type":"Person","@id":"https:\/\/e-ciftlik.com\/haberler\/#\/schema\/person\/d2f4fee3143d7f72be82cb887d51b00a","name":"Haber Merkezi","image":{"@type":"ImageObject","inLanguage":"tr","@id":"https:\/\/secure.gravatar.com\/avatar\/6c27d641914e66c1d0452c92716002398782818991d86db1c2cccb531e7c7c82?s=96&d=mm&r=g","url":"https:\/\/secure.gravatar.com\/avatar\/6c27d641914e66c1d0452c92716002398782818991d86db1c2cccb531e7c7c82?s=96&d=mm&r=g","contentUrl":"https:\/\/secure.gravatar.com\/avatar\/6c27d641914e66c1d0452c92716002398782818991d86db1c2cccb531e7c7c82?s=96&d=mm&r=g","caption":"Haber Merkezi"},"sameAs":["http:\/\/e-ciftlik.com\/haberler"]}]}},"_links":{"self":[{"href":"https:\/\/e-ciftlik.com\/haberler\/wp-json\/wp\/v2\/posts\/9611","targetHints":{"allow":["GET"]}}],"collection":[{"href":"https:\/\/e-ciftlik.com\/haberler\/wp-json\/wp\/v2\/posts"}],"about":[{"href":"https:\/\/e-ciftlik.com\/haberler\/wp-json\/wp\/v2\/types\/post"}],"author":[{"embeddable":true,"href":"https:\/\/e-ciftlik.com\/haberler\/wp-json\/wp\/v2\/users\/1"}],"replies":[{"embeddable":true,"href":"https:\/\/e-ciftlik.com\/haberler\/wp-json\/wp\/v2\/comments?post=9611"}],"version-history":[{"count":0,"href":"https:\/\/e-ciftlik.com\/haberler\/wp-json\/wp\/v2\/posts\/9611\/revisions"}],"wp:featuredmedia":[{"embeddable":true,"href":"https:\/\/e-ciftlik.com\/haberler\/wp-json\/wp\/v2\/media\/9612"}],"wp:attachment":[{"href":"https:\/\/e-ciftlik.com\/haberler\/wp-json\/wp\/v2\/media?parent=9611"}],"wp:term":[{"taxonomy":"category","embeddable":true,"href":"https:\/\/e-ciftlik.com\/haberler\/wp-json\/wp\/v2\/categories?post=9611"},{"taxonomy":"post_tag","embeddable":true,"href":"https:\/\/e-ciftlik.com\/haberler\/wp-json\/wp\/v2\/tags?post=9611"}],"curies":[{"name":"wp","href":"https:\/\/api.w.org\/{rel}","templated":true}]}}