{"id":9844,"date":"2024-07-05T16:21:00","date_gmt":"2024-07-05T16:21:00","guid":{"rendered":"https:\/\/e-ciftlik.com\/haberler\/tarim\/gida-milliyetciligi-ve-tarim-politikalari\/"},"modified":"2024-07-05T16:21:00","modified_gmt":"2024-07-05T16:21:00","slug":"gida-milliyetciligi-ve-tarim-politikalari","status":"publish","type":"post","link":"https:\/\/e-ciftlik.com\/haberler\/tarim\/gida-milliyetciligi-ve-tarim-politikalari\/","title":{"rendered":"G\u0131da Milliyet\u00e7ili\u011fi ve Tar\u0131m Politikalar\u0131"},"content":{"rendered":"<p>Tar\u0131m ve Orman Bakan\u0131 \u0130brahim Yumakl\u0131, g\u0131da milliyet\u00e7ili\u011fi kavram\u0131n\u0131n ortaya \u00e7\u0131kt\u0131\u011f\u0131n\u0131 belirterek, sekt\u00f6r payda\u015flar\u0131yla i\u015fbirli\u011fi yapmadan ba\u015far\u0131l\u0131 olman\u0131n zor oldu\u011funu vurgulad\u0131. \u0130brahim Yumakl\u0131, son 22 y\u0131lda Bilecik&#8217;te tar\u0131m ve orman alan\u0131nda \u00f6nemli ilerlemeler kaydedildi\u011fini s\u00f6yledi. Hayvan hastal\u0131klar\u0131yla m\u00fccadele, \u0131slah konusu ve g\u0131da g\u00fcvenilirli\u011fi gibi konular\u0131n \u00f6nemine de\u011finen Bakan Yumakl\u0131, sekt\u00f6r payda\u015flar\u0131yla omuz omuza \u00e7al\u0131\u015fman\u0131n ba\u015far\u0131 i\u00e7in hayati \u00f6nem ta\u015f\u0131d\u0131\u011f\u0131n\u0131 ifade etti.<\/p>\n<p>Tar\u0131m ve Orman Bakan\u0131 \u0130brahim Yumakl\u0131, Bilecik&#8217;te tar\u0131m sekt\u00f6r\u00fcnde faaliyet g\u00f6steren i\u015fletmeler ve yat\u0131r\u0131mc\u0131larla bulu\u015ftu. Yumakl\u0131, T\u00fcrkiye&#8217;nin tar\u0131m ve orman alanlar\u0131nda vizyonunu ortaya koyarak, sekt\u00f6r payda\u015flar\u0131yla i\u015fbirli\u011fi i\u00e7inde olman\u0131n \u00f6nemine de\u011findi. G\u0131da arz g\u00fcvenli\u011finin her ge\u00e7en g\u00fcn artan \u00f6nemine vurgu yapan Bakan Yumakl\u0131, \u00fclkenin d\u00f6rt bir yan\u0131ndaki tar\u0131m ve orman alanlar\u0131na yap\u0131lan yat\u0131r\u0131mlar\u0131n s\u00fcrekli olarak g\u00fc\u00e7lendirildi\u011fini belirtti.<\/p>\n<p>G\u0131da milliyet\u00e7ili\u011fi kavram\u0131n\u0131n ortaya \u00e7\u0131kmas\u0131n\u0131n ard\u0131ndan \u00fclkelerin g\u0131da arz g\u00fcvenli\u011fine daha fazla \u00f6nem vermeye ba\u015flad\u0131\u011f\u0131n\u0131 s\u00f6yleyen \u0130brahim Yumakl\u0131, iklim de\u011fi\u015fikli\u011fi ve di\u011fer fakt\u00f6rlerin tar\u0131m\u0131 olumsuz etkiledi\u011fini ifade etti. Bilecik gibi tar\u0131m ve orman alan\u0131nda geli\u015fmi\u015f \u015fehirlerde yap\u0131lan altyap\u0131 \u00e7al\u0131\u015fmalar\u0131n\u0131n \u00f6nemine dikkat \u00e7eken Bakan Yumakl\u0131, tar\u0131m sekt\u00f6r\u00fcnde gen\u00e7ler ve kad\u0131nlara destek verilmesinin \u00f6nemine vurgu yapt\u0131.<\/p>\n<p>Bakan Yumakl\u0131, hayvanc\u0131l\u0131k sekt\u00f6r\u00fcnde yap\u0131lan \u00e7al\u0131\u015fmalar\u0131 ve hayvan hastal\u0131klar\u0131yla m\u00fccadele konular\u0131n\u0131 da ele ald\u0131. Tar\u0131m ve Orman Bakanl\u0131\u011f\u0131 olarak g\u0131da g\u00fcvenilirli\u011fi konusunda yeni uygulamalar geli\u015ftirdiklerini belirten Yumakl\u0131, sekt\u00f6r\u00fcn aktif kat\u0131l\u0131m\u0131yla ba\u015far\u0131l\u0131 olman\u0131n ka\u00e7\u0131n\u0131lmaz oldu\u011funu dile getirdi. Bilecik&#8217;te tar\u0131m ve orman alan\u0131nda yap\u0131lan yat\u0131r\u0131mlar\u0131n takip edilebilirli\u011fi i\u00e7in karekod uygulamalar\u0131n\u0131n hayata ge\u00e7irildi\u011fini de s\u00f6zlerine ekledi.<\/p>\n","protected":false},"excerpt":{"rendered":"<p>Tar\u0131m ve Orman Bakan\u0131 \u0130brahim Yumakl\u0131, g\u0131da milliyet\u00e7ili\u011fi kavram\u0131n\u0131n ortaya \u00e7\u0131kt\u0131\u011f\u0131n\u0131 belirterek, sekt\u00f6r payda\u015flar\u0131yla i\u015fbirli\u011fi&hellip;<\/p>\n","protected":false},"author":1,"featured_media":6345,"comment_status":"open","ping_status":"open","sticky":false,"template":"","format":"standard","meta":{"footnotes":""},"categories":[9],"tags":[],"class_list":["post-9844","post","type-post","status-publish","format-standard","has-post-thumbnail","hentry","category-tarim"],"yoast_head":"<!-- This site is optimized with the Yoast SEO Premium plugin v24.3 (Yoast SEO v27.4) - https:\/\/yoast.com\/product\/yoast-seo-premium-wordpress\/ -->\n<title>G\u0131da Milliyet\u00e7ili\u011fi ve Tar\u0131m Politikalar\u0131 - E-&Ccedil;\u0130FTL\u0130K HABER<\/title>\n<meta name=\"description\" content=\"Tar\u0131m ve Orman Bakan\u0131 \u0130brahim Yumakl\u0131, g\u0131da milliyet\u00e7ili\u011fi kavram\u0131n\u0131n ortaya \u00e7\u0131kt\u0131\u011f\u0131n\u0131 belirterek, sekt\u00f6r payda\u015flar\u0131yla i\u015fbirli\u011fi yapmadan ba\u015far\u0131l\u0131\" \/>\n<meta name=\"robots\" content=\"index, follow, max-snippet:-1, max-image-preview:large, max-video-preview:-1\" \/>\n<link rel=\"canonical\" href=\"https:\/\/e-ciftlik.com\/haberler\/tarim\/gida-milliyetciligi-ve-tarim-politikalari\/\" \/>\n<meta property=\"og:locale\" content=\"tr_TR\" \/>\n<meta property=\"og:type\" content=\"article\" \/>\n<meta property=\"og:title\" content=\"G\u0131da Milliyet\u00e7ili\u011fi ve Tar\u0131m Politikalar\u0131\" \/>\n<meta property=\"og:description\" content=\"Tar\u0131m ve Orman Bakan\u0131 \u0130brahim Yumakl\u0131, g\u0131da milliyet\u00e7ili\u011fi kavram\u0131n\u0131n ortaya \u00e7\u0131kt\u0131\u011f\u0131n\u0131 belirterek, sekt\u00f6r payda\u015flar\u0131yla i\u015fbirli\u011fi yapmadan ba\u015far\u0131l\u0131\" \/>\n<meta property=\"og:url\" content=\"https:\/\/e-ciftlik.com\/haberler\/tarim\/gida-milliyetciligi-ve-tarim-politikalari\/\" \/>\n<meta property=\"og:site_name\" content=\"E-&Ccedil;\u0130FTL\u0130K HABER\" \/>\n<meta property=\"article:publisher\" content=\"https:\/\/www.facebook.com\/eciftlikturkiye\" \/>\n<meta property=\"article:published_time\" content=\"2024-07-05T16:21:00+00:00\" \/>\n<meta property=\"og:image\" content=\"https:\/\/e-ciftlik.com\/haberler\/wp-content\/uploads\/2024\/06\/haberlercom_haberi.jpg\" \/>\n\t<meta property=\"og:image:width\" content=\"1200\" \/>\n\t<meta property=\"og:image:height\" content=\"636\" \/>\n\t<meta property=\"og:image:type\" content=\"image\/jpeg\" \/>\n<meta name=\"author\" content=\"Haber Merkezi\" \/>\n<meta name=\"twitter:card\" content=\"summary_large_image\" \/>\n<meta name=\"twitter:creator\" content=\"@eciftlikresmi\" \/>\n<meta name=\"twitter:site\" content=\"@eciftlikresmi\" \/>\n<meta name=\"twitter:label1\" content=\"Yazan:\" \/>\n\t<meta name=\"twitter:data1\" content=\"Haber Merkezi\" \/>\n\t<meta name=\"twitter:label2\" content=\"Tahmini okuma s\u00fcresi\" \/>\n\t<meta name=\"twitter:data2\" content=\"2 dakika\" \/>\n<script type=\"application\/ld+json\" class=\"yoast-schema-graph\">{\"@context\":\"https:\\\/\\\/schema.org\",\"@graph\":[{\"@type\":\"NewsArticle\",\"@id\":\"https:\\\/\\\/e-ciftlik.com\\\/haberler\\\/tarim\\\/gida-milliyetciligi-ve-tarim-politikalari\\\/#article\",\"isPartOf\":{\"@id\":\"https:\\\/\\\/e-ciftlik.com\\\/haberler\\\/tarim\\\/gida-milliyetciligi-ve-tarim-politikalari\\\/\"},\"author\":{\"name\":\"Haber Merkezi\",\"@id\":\"https:\\\/\\\/e-ciftlik.com\\\/haberler\\\/#\\\/schema\\\/person\\\/d2f4fee3143d7f72be82cb887d51b00a\"},\"headline\":\"G\u0131da Milliyet\u00e7ili\u011fi ve Tar\u0131m Politikalar\u0131\",\"datePublished\":\"2024-07-05T16:21:00+00:00\",\"mainEntityOfPage\":{\"@id\":\"https:\\\/\\\/e-ciftlik.com\\\/haberler\\\/tarim\\\/gida-milliyetciligi-ve-tarim-politikalari\\\/\"},\"wordCount\":384,\"commentCount\":0,\"publisher\":{\"@id\":\"https:\\\/\\\/e-ciftlik.com\\\/haberler\\\/#organization\"},\"image\":{\"@id\":\"https:\\\/\\\/e-ciftlik.com\\\/haberler\\\/tarim\\\/gida-milliyetciligi-ve-tarim-politikalari\\\/#primaryimage\"},\"thumbnailUrl\":\"https:\\\/\\\/e-ciftlik.com\\\/haberler\\\/wp-content\\\/uploads\\\/2024\\\/06\\\/haberlercom_haberi.jpg\",\"articleSection\":[\"Tar\u0131m\"],\"inLanguage\":\"tr\",\"potentialAction\":[{\"@type\":\"CommentAction\",\"name\":\"Comment\",\"target\":[\"https:\\\/\\\/e-ciftlik.com\\\/haberler\\\/tarim\\\/gida-milliyetciligi-ve-tarim-politikalari\\\/#respond\"]}]},{\"@type\":\"WebPage\",\"@id\":\"https:\\\/\\\/e-ciftlik.com\\\/haberler\\\/tarim\\\/gida-milliyetciligi-ve-tarim-politikalari\\\/\",\"url\":\"https:\\\/\\\/e-ciftlik.com\\\/haberler\\\/tarim\\\/gida-milliyetciligi-ve-tarim-politikalari\\\/\",\"name\":\"G\u0131da Milliyet\u00e7ili\u011fi ve Tar\u0131m Politikalar\u0131 - E-&Ccedil;\u0130FTL\u0130K HABER\",\"isPartOf\":{\"@id\":\"https:\\\/\\\/e-ciftlik.com\\\/haberler\\\/#website\"},\"primaryImageOfPage\":{\"@id\":\"https:\\\/\\\/e-ciftlik.com\\\/haberler\\\/tarim\\\/gida-milliyetciligi-ve-tarim-politikalari\\\/#primaryimage\"},\"image\":{\"@id\":\"https:\\\/\\\/e-ciftlik.com\\\/haberler\\\/tarim\\\/gida-milliyetciligi-ve-tarim-politikalari\\\/#primaryimage\"},\"thumbnailUrl\":\"https:\\\/\\\/e-ciftlik.com\\\/haberler\\\/wp-content\\\/uploads\\\/2024\\\/06\\\/haberlercom_haberi.jpg\",\"datePublished\":\"2024-07-05T16:21:00+00:00\",\"description\":\"Tar\u0131m ve Orman Bakan\u0131 \u0130brahim Yumakl\u0131, g\u0131da milliyet\u00e7ili\u011fi kavram\u0131n\u0131n ortaya \u00e7\u0131kt\u0131\u011f\u0131n\u0131 belirterek, sekt\u00f6r payda\u015flar\u0131yla i\u015fbirli\u011fi yapmadan ba\u015far\u0131l\u0131\",\"breadcrumb\":{\"@id\":\"https:\\\/\\\/e-ciftlik.com\\\/haberler\\\/tarim\\\/gida-milliyetciligi-ve-tarim-politikalari\\\/#breadcrumb\"},\"inLanguage\":\"tr\",\"potentialAction\":[{\"@type\":\"ReadAction\",\"target\":[\"https:\\\/\\\/e-ciftlik.com\\\/haberler\\\/tarim\\\/gida-milliyetciligi-ve-tarim-politikalari\\\/\"]}]},{\"@type\":\"ImageObject\",\"inLanguage\":\"tr\",\"@id\":\"https:\\\/\\\/e-ciftlik.com\\\/haberler\\\/tarim\\\/gida-milliyetciligi-ve-tarim-politikalari\\\/#primaryimage\",\"url\":\"https:\\\/\\\/e-ciftlik.com\\\/haberler\\\/wp-content\\\/uploads\\\/2024\\\/06\\\/haberlercom_haberi.jpg\",\"contentUrl\":\"https:\\\/\\\/e-ciftlik.com\\\/haberler\\\/wp-content\\\/uploads\\\/2024\\\/06\\\/haberlercom_haberi.jpg\",\"width\":1200,\"height\":636},{\"@type\":\"BreadcrumbList\",\"@id\":\"https:\\\/\\\/e-ciftlik.com\\\/haberler\\\/tarim\\\/gida-milliyetciligi-ve-tarim-politikalari\\\/#breadcrumb\",\"itemListElement\":[{\"@type\":\"ListItem\",\"position\":1,\"name\":\"Anasayfa\",\"item\":\"https:\\\/\\\/e-ciftlik.com\\\/haberler\\\/\"},{\"@type\":\"ListItem\",\"position\":2,\"name\":\"G\u0131da Milliyet\u00e7ili\u011fi ve Tar\u0131m Politikalar\u0131\"}]},{\"@type\":\"WebSite\",\"@id\":\"https:\\\/\\\/e-ciftlik.com\\\/haberler\\\/#website\",\"url\":\"https:\\\/\\\/e-ciftlik.com\\\/haberler\\\/\",\"name\":\"E-\u00c7iftlik Haber | G\u00fcncel, Son Dakika Haberler, En Son Haber\",\"description\":\"\",\"publisher\":{\"@id\":\"https:\\\/\\\/e-ciftlik.com\\\/haberler\\\/#organization\"},\"potentialAction\":[{\"@type\":\"SearchAction\",\"target\":{\"@type\":\"EntryPoint\",\"urlTemplate\":\"https:\\\/\\\/e-ciftlik.com\\\/haberler\\\/?s={search_term_string}\"},\"query-input\":{\"@type\":\"PropertyValueSpecification\",\"valueRequired\":true,\"valueName\":\"search_term_string\"}}],\"inLanguage\":\"tr\"},{\"@type\":\"Organization\",\"@id\":\"https:\\\/\\\/e-ciftlik.com\\\/haberler\\\/#organization\",\"name\":\"E-\u00c7\u0130FTL\u0130K HABER\",\"url\":\"https:\\\/\\\/e-ciftlik.com\\\/haberler\\\/\",\"logo\":{\"@type\":\"ImageObject\",\"inLanguage\":\"tr\",\"@id\":\"https:\\\/\\\/e-ciftlik.com\\\/haberler\\\/#\\\/schema\\\/logo\\\/image\\\/\",\"url\":\"https:\\\/\\\/e-ciftlik.com\\\/haberler\\\/wp-content\\\/uploads\\\/2024\\\/06\\\/cropped-cropped-favicon-1-2.png\",\"contentUrl\":\"https:\\\/\\\/e-ciftlik.com\\\/haberler\\\/wp-content\\\/uploads\\\/2024\\\/06\\\/cropped-cropped-favicon-1-2.png\",\"width\":512,\"height\":512,\"caption\":\"E-\u00c7\u0130FTL\u0130K HABER\"},\"image\":{\"@id\":\"https:\\\/\\\/e-ciftlik.com\\\/haberler\\\/#\\\/schema\\\/logo\\\/image\\\/\"},\"sameAs\":[\"https:\\\/\\\/www.facebook.com\\\/eciftlikturkiye\",\"https:\\\/\\\/x.com\\\/eciftlikresmi\",\"https:\\\/\\\/www.instagram.com\\\/eciftlikresmi\\\/\"]},{\"@type\":\"Person\",\"@id\":\"https:\\\/\\\/e-ciftlik.com\\\/haberler\\\/#\\\/schema\\\/person\\\/d2f4fee3143d7f72be82cb887d51b00a\",\"name\":\"Haber Merkezi\",\"image\":{\"@type\":\"ImageObject\",\"inLanguage\":\"tr\",\"@id\":\"https:\\\/\\\/secure.gravatar.com\\\/avatar\\\/6c27d641914e66c1d0452c92716002398782818991d86db1c2cccb531e7c7c82?s=96&d=mm&r=g\",\"url\":\"https:\\\/\\\/secure.gravatar.com\\\/avatar\\\/6c27d641914e66c1d0452c92716002398782818991d86db1c2cccb531e7c7c82?s=96&d=mm&r=g\",\"contentUrl\":\"https:\\\/\\\/secure.gravatar.com\\\/avatar\\\/6c27d641914e66c1d0452c92716002398782818991d86db1c2cccb531e7c7c82?s=96&d=mm&r=g\",\"caption\":\"Haber Merkezi\"},\"sameAs\":[\"http:\\\/\\\/e-ciftlik.com\\\/haberler\"]}]}<\/script>\n<!-- \/ Yoast SEO Premium plugin. -->","yoast_head_json":{"title":"G\u0131da Milliyet\u00e7ili\u011fi ve Tar\u0131m Politikalar\u0131 - E-&Ccedil;\u0130FTL\u0130K HABER","description":"Tar\u0131m ve Orman Bakan\u0131 \u0130brahim Yumakl\u0131, g\u0131da milliyet\u00e7ili\u011fi kavram\u0131n\u0131n ortaya \u00e7\u0131kt\u0131\u011f\u0131n\u0131 belirterek, sekt\u00f6r payda\u015flar\u0131yla i\u015fbirli\u011fi yapmadan ba\u015far\u0131l\u0131","robots":{"index":"index","follow":"follow","max-snippet":"max-snippet:-1","max-image-preview":"max-image-preview:large","max-video-preview":"max-video-preview:-1"},"canonical":"https:\/\/e-ciftlik.com\/haberler\/tarim\/gida-milliyetciligi-ve-tarim-politikalari\/","og_locale":"tr_TR","og_type":"article","og_title":"G\u0131da Milliyet\u00e7ili\u011fi ve Tar\u0131m Politikalar\u0131","og_description":"Tar\u0131m ve Orman Bakan\u0131 \u0130brahim Yumakl\u0131, g\u0131da milliyet\u00e7ili\u011fi kavram\u0131n\u0131n ortaya \u00e7\u0131kt\u0131\u011f\u0131n\u0131 belirterek, sekt\u00f6r payda\u015flar\u0131yla i\u015fbirli\u011fi yapmadan ba\u015far\u0131l\u0131","og_url":"https:\/\/e-ciftlik.com\/haberler\/tarim\/gida-milliyetciligi-ve-tarim-politikalari\/","og_site_name":"E-&Ccedil;\u0130FTL\u0130K HABER","article_publisher":"https:\/\/www.facebook.com\/eciftlikturkiye","article_published_time":"2024-07-05T16:21:00+00:00","og_image":[{"width":1200,"height":636,"url":"https:\/\/e-ciftlik.com\/haberler\/wp-content\/uploads\/2024\/06\/haberlercom_haberi.jpg","type":"image\/jpeg"}],"author":"Haber Merkezi","twitter_card":"summary_large_image","twitter_creator":"@eciftlikresmi","twitter_site":"@eciftlikresmi","twitter_misc":{"Yazan:":"Haber Merkezi","Tahmini okuma s\u00fcresi":"2 dakika"},"schema":{"@context":"https:\/\/schema.org","@graph":[{"@type":"NewsArticle","@id":"https:\/\/e-ciftlik.com\/haberler\/tarim\/gida-milliyetciligi-ve-tarim-politikalari\/#article","isPartOf":{"@id":"https:\/\/e-ciftlik.com\/haberler\/tarim\/gida-milliyetciligi-ve-tarim-politikalari\/"},"author":{"name":"Haber Merkezi","@id":"https:\/\/e-ciftlik.com\/haberler\/#\/schema\/person\/d2f4fee3143d7f72be82cb887d51b00a"},"headline":"G\u0131da Milliyet\u00e7ili\u011fi ve Tar\u0131m Politikalar\u0131","datePublished":"2024-07-05T16:21:00+00:00","mainEntityOfPage":{"@id":"https:\/\/e-ciftlik.com\/haberler\/tarim\/gida-milliyetciligi-ve-tarim-politikalari\/"},"wordCount":384,"commentCount":0,"publisher":{"@id":"https:\/\/e-ciftlik.com\/haberler\/#organization"},"image":{"@id":"https:\/\/e-ciftlik.com\/haberler\/tarim\/gida-milliyetciligi-ve-tarim-politikalari\/#primaryimage"},"thumbnailUrl":"https:\/\/e-ciftlik.com\/haberler\/wp-content\/uploads\/2024\/06\/haberlercom_haberi.jpg","articleSection":["Tar\u0131m"],"inLanguage":"tr","potentialAction":[{"@type":"CommentAction","name":"Comment","target":["https:\/\/e-ciftlik.com\/haberler\/tarim\/gida-milliyetciligi-ve-tarim-politikalari\/#respond"]}]},{"@type":"WebPage","@id":"https:\/\/e-ciftlik.com\/haberler\/tarim\/gida-milliyetciligi-ve-tarim-politikalari\/","url":"https:\/\/e-ciftlik.com\/haberler\/tarim\/gida-milliyetciligi-ve-tarim-politikalari\/","name":"G\u0131da Milliyet\u00e7ili\u011fi ve Tar\u0131m Politikalar\u0131 - E-&Ccedil;\u0130FTL\u0130K HABER","isPartOf":{"@id":"https:\/\/e-ciftlik.com\/haberler\/#website"},"primaryImageOfPage":{"@id":"https:\/\/e-ciftlik.com\/haberler\/tarim\/gida-milliyetciligi-ve-tarim-politikalari\/#primaryimage"},"image":{"@id":"https:\/\/e-ciftlik.com\/haberler\/tarim\/gida-milliyetciligi-ve-tarim-politikalari\/#primaryimage"},"thumbnailUrl":"https:\/\/e-ciftlik.com\/haberler\/wp-content\/uploads\/2024\/06\/haberlercom_haberi.jpg","datePublished":"2024-07-05T16:21:00+00:00","description":"Tar\u0131m ve Orman Bakan\u0131 \u0130brahim Yumakl\u0131, g\u0131da milliyet\u00e7ili\u011fi kavram\u0131n\u0131n ortaya \u00e7\u0131kt\u0131\u011f\u0131n\u0131 belirterek, sekt\u00f6r payda\u015flar\u0131yla i\u015fbirli\u011fi yapmadan ba\u015far\u0131l\u0131","breadcrumb":{"@id":"https:\/\/e-ciftlik.com\/haberler\/tarim\/gida-milliyetciligi-ve-tarim-politikalari\/#breadcrumb"},"inLanguage":"tr","potentialAction":[{"@type":"ReadAction","target":["https:\/\/e-ciftlik.com\/haberler\/tarim\/gida-milliyetciligi-ve-tarim-politikalari\/"]}]},{"@type":"ImageObject","inLanguage":"tr","@id":"https:\/\/e-ciftlik.com\/haberler\/tarim\/gida-milliyetciligi-ve-tarim-politikalari\/#primaryimage","url":"https:\/\/e-ciftlik.com\/haberler\/wp-content\/uploads\/2024\/06\/haberlercom_haberi.jpg","contentUrl":"https:\/\/e-ciftlik.com\/haberler\/wp-content\/uploads\/2024\/06\/haberlercom_haberi.jpg","width":1200,"height":636},{"@type":"BreadcrumbList","@id":"https:\/\/e-ciftlik.com\/haberler\/tarim\/gida-milliyetciligi-ve-tarim-politikalari\/#breadcrumb","itemListElement":[{"@type":"ListItem","position":1,"name":"Anasayfa","item":"https:\/\/e-ciftlik.com\/haberler\/"},{"@type":"ListItem","position":2,"name":"G\u0131da Milliyet\u00e7ili\u011fi ve Tar\u0131m Politikalar\u0131"}]},{"@type":"WebSite","@id":"https:\/\/e-ciftlik.com\/haberler\/#website","url":"https:\/\/e-ciftlik.com\/haberler\/","name":"E-\u00c7iftlik Haber | G\u00fcncel, Son Dakika Haberler, En Son Haber","description":"","publisher":{"@id":"https:\/\/e-ciftlik.com\/haberler\/#organization"},"potentialAction":[{"@type":"SearchAction","target":{"@type":"EntryPoint","urlTemplate":"https:\/\/e-ciftlik.com\/haberler\/?s={search_term_string}"},"query-input":{"@type":"PropertyValueSpecification","valueRequired":true,"valueName":"search_term_string"}}],"inLanguage":"tr"},{"@type":"Organization","@id":"https:\/\/e-ciftlik.com\/haberler\/#organization","name":"E-\u00c7\u0130FTL\u0130K HABER","url":"https:\/\/e-ciftlik.com\/haberler\/","logo":{"@type":"ImageObject","inLanguage":"tr","@id":"https:\/\/e-ciftlik.com\/haberler\/#\/schema\/logo\/image\/","url":"https:\/\/e-ciftlik.com\/haberler\/wp-content\/uploads\/2024\/06\/cropped-cropped-favicon-1-2.png","contentUrl":"https:\/\/e-ciftlik.com\/haberler\/wp-content\/uploads\/2024\/06\/cropped-cropped-favicon-1-2.png","width":512,"height":512,"caption":"E-\u00c7\u0130FTL\u0130K HABER"},"image":{"@id":"https:\/\/e-ciftlik.com\/haberler\/#\/schema\/logo\/image\/"},"sameAs":["https:\/\/www.facebook.com\/eciftlikturkiye","https:\/\/x.com\/eciftlikresmi","https:\/\/www.instagram.com\/eciftlikresmi\/"]},{"@type":"Person","@id":"https:\/\/e-ciftlik.com\/haberler\/#\/schema\/person\/d2f4fee3143d7f72be82cb887d51b00a","name":"Haber Merkezi","image":{"@type":"ImageObject","inLanguage":"tr","@id":"https:\/\/secure.gravatar.com\/avatar\/6c27d641914e66c1d0452c92716002398782818991d86db1c2cccb531e7c7c82?s=96&d=mm&r=g","url":"https:\/\/secure.gravatar.com\/avatar\/6c27d641914e66c1d0452c92716002398782818991d86db1c2cccb531e7c7c82?s=96&d=mm&r=g","contentUrl":"https:\/\/secure.gravatar.com\/avatar\/6c27d641914e66c1d0452c92716002398782818991d86db1c2cccb531e7c7c82?s=96&d=mm&r=g","caption":"Haber Merkezi"},"sameAs":["http:\/\/e-ciftlik.com\/haberler"]}]}},"_links":{"self":[{"href":"https:\/\/e-ciftlik.com\/haberler\/wp-json\/wp\/v2\/posts\/9844","targetHints":{"allow":["GET"]}}],"collection":[{"href":"https:\/\/e-ciftlik.com\/haberler\/wp-json\/wp\/v2\/posts"}],"about":[{"href":"https:\/\/e-ciftlik.com\/haberler\/wp-json\/wp\/v2\/types\/post"}],"author":[{"embeddable":true,"href":"https:\/\/e-ciftlik.com\/haberler\/wp-json\/wp\/v2\/users\/1"}],"replies":[{"embeddable":true,"href":"https:\/\/e-ciftlik.com\/haberler\/wp-json\/wp\/v2\/comments?post=9844"}],"version-history":[{"count":0,"href":"https:\/\/e-ciftlik.com\/haberler\/wp-json\/wp\/v2\/posts\/9844\/revisions"}],"wp:featuredmedia":[{"embeddable":true,"href":"https:\/\/e-ciftlik.com\/haberler\/wp-json\/wp\/v2\/media\/6345"}],"wp:attachment":[{"href":"https:\/\/e-ciftlik.com\/haberler\/wp-json\/wp\/v2\/media?parent=9844"}],"wp:term":[{"taxonomy":"category","embeddable":true,"href":"https:\/\/e-ciftlik.com\/haberler\/wp-json\/wp\/v2\/categories?post=9844"},{"taxonomy":"post_tag","embeddable":true,"href":"https:\/\/e-ciftlik.com\/haberler\/wp-json\/wp\/v2\/tags?post=9844"}],"curies":[{"name":"wp","href":"https:\/\/api.w.org\/{rel}","templated":true}]}}